{"id":26062,"date":"2025-06-05T10:14:31","date_gmt":"2025-06-05T08:14:31","guid":{"rendered":"https:\/\/www.delucapartners.it\/news\/referendum-8-9-giugno-cosa-cambia-se-vince-il-si-o-il-no-per-lavoratori-e-imprese-italiaoggi-3-giugno-2025-vittorio-de-luca-3\/"},"modified":"2026-02-16T16:36:15","modified_gmt":"2026-02-16T15:36:15","slug":"referendum-8-9-giugno-cosa-cambia-se-vince-il-si-o-il-no-per-lavoratori-e-imprese-italiaoggi-3-giugno-2025-vittorio-de-luca","status":"publish","type":"post","link":"https:\/\/www.delucapartners.it\/fr\/news\/referendum-des-8-et-9-juin-ce-qui-change-pour-les-travailleurs\/","title":{"rendered":"R\u00e9f\u00e9rendum des 8 et 9 juin : ce qui change pour les travailleurs et les entreprises si le \u00ab\u00a0oui\u00a0\u00bb ou le \u00ab\u00a0non\u00a0\u00bb l&#8217;emporte (ItaliaOggi &#8211; 3 juin 2025 \u2013 Vittorio De Luca)"},"content":{"rendered":"\n<p>Dimanche 8 et lundi 9 juin, les citoyens voteront pour le r\u00e9f\u00e9rendum, et une place importante est accord\u00e9e aux questions relatives au travail.<\/p>\n\n\n\n<p><em>ItaliaOggi<\/em> a interrog\u00e9 quatre cabinets d\u2019avocats diff\u00e9rents pour comprendre ce qui changerait, d\u2019un point de vue pratique, si le \u00ab\u00a0oui\u00a0\u00bb ou le \u00ab\u00a0non\u00a0\u00bb l\u2019emportait.<\/p>\n\n\n\n<figure class=\"wp-block-image size-large\"><img decoding=\"async\" src=\"https:\/\/www.delucapartners.it\/wp-content\/uploads\/2025\/03\/shutterstock_1726274593-1024x683.jpg\" alt=\"\" class=\"wp-image-20185\"\/><\/figure>\n\n\n\n<h2 class=\"wp-block-heading\"><strong>Quatri\u00e8me question r\u00e9f\u00e9rendaire<\/strong><\/h2>\n\n\n\n<p>\u00ab Exclusion de la responsabilit\u00e9 solidaire du donneur d\u2019ordre, de l\u2019entrepreneur principal et du sous-traitant pour les accidents subis par les salari\u00e9s des entreprises adjudicataires ou sous-traitantes, lorsqu\u2019ils sont la cons\u00e9quence des risques sp\u00e9cifiques li\u00e9s \u00e0 l\u2019activit\u00e9 de ces entreprises : Abrogation. \u00bb<\/p>\n\n\n\n<p>La quatri\u00e8me question, li\u00e9e \u00e0 la s\u00e9curit\u00e9 au travail, vise \u00e0 \u00e9tendre la responsabilit\u00e9 de l\u2019entreprise donneuse d\u2019ordre aux dommages d\u00e9coulant des risques sp\u00e9cifiques li\u00e9s aux activit\u00e9s des entreprises adjudicataires et sous-traitantes.<\/p>\n\n\n\n<p><strong>Qu\u2019est-ce qui change ?<\/strong><br>R\u00e9pond l\u2019avocat <em>Vittorio De Luca<\/em>, Managing Partner chez <em>De Luca &amp; Partners<\/em>.<\/p>\n\n\n\n<p><strong>Si le \u00ab\u00a0oui\u00a0\u00bb l\u2019emporte<\/strong><\/p>\n\n\n\n<p><strong>Pour les travailleurs<\/strong><\/p>\n\n\n\n<p>En cas d\u2019accidents ou d\u2019incidents subis par un salari\u00e9 de l\u2019entreprise adjudicataire, la responsabilit\u00e9 sera toujours solidaire, c\u2019est-\u00e0-dire qu\u2019elle incombera \u00e0 la fois \u00e0 l\u2019entreprise donneuse d\u2019ordre et \u00e0 la soci\u00e9t\u00e9 \u00e0 laquelle le travail a \u00e9t\u00e9 confi\u00e9, sans d\u00e9rogation possible.<\/p>\n\n\n\n<p>Lisez ici l\u2019interview compl\u00e8te publi\u00e9e dans<strong> <\/strong><a href=\"https:\/\/www.italiaoggi.it\/economia-e-politica\/referendum-8-9-giugno-cosa-cambia-se-vince-il-si-o-il-no-per-lavoratori-e-imprese-g3lie68r?refresh_cens\">ItaliaOggi<\/a>.<\/p>\n","protected":false},"excerpt":{"rendered":"<p>Dimanche 8 et lundi 9 juin, les citoyens voteront pour le r\u00e9f\u00e9rendum, et une place importante est accord\u00e9e aux questions relatives au travail. ItaliaOggi a interrog\u00e9 quatre cabinets d\u2019avocats diff\u00e9rents pour comprendre ce qui changerait, d\u2019un point de vue pratique, si le \u00ab\u00a0oui\u00a0\u00bb ou le \u00ab\u00a0non\u00a0\u00bb l\u2019emportait. Quatri\u00e8me question r\u00e9f\u00e9rendaire \u00ab Exclusion de la responsabilit\u00e9 [&hellip;]<\/p>\n","protected":false},"author":5,"featured_media":26063,"comment_status":"closed","ping_status":"closed","sticky":false,"template":"","format":"standard","meta":{"_acf_changed":false,"footnotes":""},"categories":[190,212],"tags":[2235],"class_list":["post-26062","post","type-post","status-publish","format-standard","has-post-thumbnail","hentry","category-insights","category-news","tag-referendum-fr"],"acf":[],"yoast_head":"<!-- This site is optimized with the Yoast SEO plugin v27.5 - https:\/\/yoast.com\/product\/yoast-seo-wordpress\/ -->\n<title>R\u00e9f\u00e9rendum des 8 et 9 juin : ce qui change pour les travailleurs et les entreprises si le &quot;oui&quot; ou le &quot;non&quot; l&#039;emporte (ItaliaOggi - 3 juin 2025 \u2013 Vittorio De Luca) - De Luca &amp; Partners<\/title>\n<meta name=\"robots\" content=\"index, follow, max-snippet:-1, max-image-preview:large, max-video-preview:-1\" \/>\n<link rel=\"canonical\" href=\"https:\/\/www.delucapartners.it\/fr\/wp-json\/wp\/v2\/posts\/26062\/\" \/>\n<meta property=\"og:locale\" content=\"fr_FR\" \/>\n<meta property=\"og:type\" content=\"article\" \/>\n<meta property=\"og:title\" content=\"R\u00e9f\u00e9rendum des 8 et 9 juin : ce qui change pour les travailleurs et les entreprises si le &quot;oui&quot; ou le &quot;non&quot; l&#039;emporte (ItaliaOggi - 3 juin 2025 \u2013 Vittorio De Luca) - De Luca &amp; Partners\" \/>\n<meta property=\"og:description\" content=\"Dimanche 8 et lundi 9 juin, les citoyens voteront pour le r\u00e9f\u00e9rendum, et une place importante est accord\u00e9e aux questions relatives au travail. ItaliaOggi a interrog\u00e9 quatre cabinets d\u2019avocats diff\u00e9rents pour comprendre ce qui changerait, d\u2019un point de vue pratique, si le \u00ab\u00a0oui\u00a0\u00bb ou le \u00ab\u00a0non\u00a0\u00bb l\u2019emportait. Quatri\u00e8me question r\u00e9f\u00e9rendaire \u00ab Exclusion de la responsabilit\u00e9 [&hellip;]\" \/>\n<meta property=\"og:url\" content=\"https:\/\/www.delucapartners.it\/fr\/news\/referendum-des-8-et-9-juin-ce-qui-change-pour-les-travailleurs\/\" \/>\n<meta property=\"og:site_name\" content=\"De Luca &amp; Partners\" \/>\n<meta property=\"article:published_time\" content=\"2025-06-05T08:14:31+00:00\" \/>\n<meta property=\"article:modified_time\" content=\"2026-02-16T15:36:15+00:00\" \/>\n<meta property=\"og:image\" content=\"https:\/\/www.delucapartners.it\/wp-content\/uploads\/2026\/02\/shutterstock_1086225521-9.jpg\" \/>\n\t<meta property=\"og:image:width\" content=\"1200\" \/>\n\t<meta property=\"og:image:height\" content=\"801\" \/>\n\t<meta property=\"og:image:type\" content=\"image\/jpeg\" \/>\n<meta name=\"author\" content=\"Melismelis\" \/>\n<meta name=\"twitter:card\" content=\"summary_large_image\" \/>\n<meta name=\"twitter:label1\" content=\"\u00c9crit par\" \/>\n\t<meta name=\"twitter:data1\" content=\"Melismelis\" \/>\n\t<meta name=\"twitter:label2\" content=\"Dur\u00e9e de lecture estim\u00e9e\" \/>\n\t<meta name=\"twitter:data2\" content=\"1 minute\" \/>\n<script type=\"application\/ld+json\" class=\"yoast-schema-graph\">{\"@context\":\"https:\\\/\\\/schema.org\",\"@graph\":[{\"@type\":\"Article\",\"@id\":\"https:\\\/\\\/www.delucapartners.it\\\/fr\\\/news\\\/referendum-des-8-et-9-juin-ce-qui-change-pour-les-travailleurs\\\/#article\",\"isPartOf\":{\"@id\":\"https:\\\/\\\/www.delucapartners.it\\\/fr\\\/news\\\/referendum-des-8-et-9-juin-ce-qui-change-pour-les-travailleurs\\\/\"},\"author\":{\"name\":\"Melismelis\",\"@id\":\"https:\\\/\\\/www.delucapartners.it\\\/fr\\\/#\\\/schema\\\/person\\\/00d0832a12e3889dce887a31e29d65f8\"},\"headline\":\"R\u00e9f\u00e9rendum des 8 et 9 juin : ce qui change pour les travailleurs et les entreprises si le \u00ab\u00a0oui\u00a0\u00bb ou le \u00ab\u00a0non\u00a0\u00bb l&#8217;emporte (ItaliaOggi &#8211; 3 juin 2025 \u2013 Vittorio De Luca)\",\"datePublished\":\"2025-06-05T08:14:31+00:00\",\"dateModified\":\"2026-02-16T15:36:15+00:00\",\"mainEntityOfPage\":{\"@id\":\"https:\\\/\\\/www.delucapartners.it\\\/fr\\\/news\\\/referendum-des-8-et-9-juin-ce-qui-change-pour-les-travailleurs\\\/\"},\"wordCount\":256,\"publisher\":{\"@id\":\"https:\\\/\\\/www.delucapartners.it\\\/fr\\\/#organization\"},\"image\":{\"@id\":\"https:\\\/\\\/www.delucapartners.it\\\/fr\\\/news\\\/referendum-des-8-et-9-juin-ce-qui-change-pour-les-travailleurs\\\/#primaryimage\"},\"thumbnailUrl\":\"https:\\\/\\\/www.delucapartners.it\\\/wp-content\\\/uploads\\\/2026\\\/02\\\/shutterstock_1086225521-9.jpg\",\"keywords\":[\"Referendum\"],\"articleSection\":[\"Insights\",\"News\"],\"inLanguage\":\"fr-FR\"},{\"@type\":\"WebPage\",\"@id\":\"https:\\\/\\\/www.delucapartners.it\\\/fr\\\/news\\\/referendum-des-8-et-9-juin-ce-qui-change-pour-les-travailleurs\\\/\",\"url\":\"https:\\\/\\\/www.delucapartners.it\\\/fr\\\/news\\\/referendum-des-8-et-9-juin-ce-qui-change-pour-les-travailleurs\\\/\",\"name\":\"R\u00e9f\u00e9rendum des 8 et 9 juin : ce qui change pour les travailleurs et les entreprises si le \\\"oui\\\" ou le \\\"non\\\" l'emporte (ItaliaOggi - 3 juin 2025 \u2013 Vittorio De Luca) - De Luca &amp; Partners\",\"isPartOf\":{\"@id\":\"https:\\\/\\\/www.delucapartners.it\\\/fr\\\/#website\"},\"primaryImageOfPage\":{\"@id\":\"https:\\\/\\\/www.delucapartners.it\\\/fr\\\/news\\\/referendum-des-8-et-9-juin-ce-qui-change-pour-les-travailleurs\\\/#primaryimage\"},\"image\":{\"@id\":\"https:\\\/\\\/www.delucapartners.it\\\/fr\\\/news\\\/referendum-des-8-et-9-juin-ce-qui-change-pour-les-travailleurs\\\/#primaryimage\"},\"thumbnailUrl\":\"https:\\\/\\\/www.delucapartners.it\\\/wp-content\\\/uploads\\\/2026\\\/02\\\/shutterstock_1086225521-9.jpg\",\"datePublished\":\"2025-06-05T08:14:31+00:00\",\"dateModified\":\"2026-02-16T15:36:15+00:00\",\"breadcrumb\":{\"@id\":\"https:\\\/\\\/www.delucapartners.it\\\/fr\\\/news\\\/referendum-des-8-et-9-juin-ce-qui-change-pour-les-travailleurs\\\/#breadcrumb\"},\"inLanguage\":\"fr-FR\",\"potentialAction\":[{\"@type\":\"ReadAction\",\"target\":[\"https:\\\/\\\/www.delucapartners.it\\\/fr\\\/news\\\/referendum-des-8-et-9-juin-ce-qui-change-pour-les-travailleurs\\\/\"]}]},{\"@type\":\"ImageObject\",\"inLanguage\":\"fr-FR\",\"@id\":\"https:\\\/\\\/www.delucapartners.it\\\/fr\\\/news\\\/referendum-des-8-et-9-juin-ce-qui-change-pour-les-travailleurs\\\/#primaryimage\",\"url\":\"https:\\\/\\\/www.delucapartners.it\\\/wp-content\\\/uploads\\\/2026\\\/02\\\/shutterstock_1086225521-9.jpg\",\"contentUrl\":\"https:\\\/\\\/www.delucapartners.it\\\/wp-content\\\/uploads\\\/2026\\\/02\\\/shutterstock_1086225521-9.jpg\",\"width\":1200,\"height\":801},{\"@type\":\"BreadcrumbList\",\"@id\":\"https:\\\/\\\/www.delucapartners.it\\\/fr\\\/news\\\/referendum-des-8-et-9-juin-ce-qui-change-pour-les-travailleurs\\\/#breadcrumb\",\"itemListElement\":[{\"@type\":\"ListItem\",\"position\":1,\"name\":\"Home\",\"item\":\"https:\\\/\\\/www.delucapartners.it\\\/fr\\\/\"},{\"@type\":\"ListItem\",\"position\":2,\"name\":\"R\u00e9f\u00e9rendum des 8 et 9 juin : ce qui change pour les travailleurs et les entreprises si le &#8220;oui&#8221; ou le &#8220;non&#8221; l&#8217;emporte (ItaliaOggi &#8211; 3 juin 2025 \u2013 Vittorio De Luca)\"}]},{\"@type\":\"WebSite\",\"@id\":\"https:\\\/\\\/www.delucapartners.it\\\/fr\\\/#website\",\"url\":\"https:\\\/\\\/www.delucapartners.it\\\/fr\\\/\",\"name\":\"De Luca & Partners\",\"description\":\"\",\"publisher\":{\"@id\":\"https:\\\/\\\/www.delucapartners.it\\\/fr\\\/#organization\"},\"potentialAction\":[{\"@type\":\"SearchAction\",\"target\":{\"@type\":\"EntryPoint\",\"urlTemplate\":\"https:\\\/\\\/www.delucapartners.it\\\/fr\\\/?s={search_term_string}\"},\"query-input\":{\"@type\":\"PropertyValueSpecification\",\"valueRequired\":true,\"valueName\":\"search_term_string\"}}],\"inLanguage\":\"fr-FR\"},{\"@type\":\"Organization\",\"@id\":\"https:\\\/\\\/www.delucapartners.it\\\/fr\\\/#organization\",\"name\":\"De Luca & Partners\",\"url\":\"https:\\\/\\\/www.delucapartners.it\\\/fr\\\/\",\"logo\":{\"@type\":\"ImageObject\",\"inLanguage\":\"fr-FR\",\"@id\":\"https:\\\/\\\/www.delucapartners.it\\\/fr\\\/#\\\/schema\\\/logo\\\/image\\\/\",\"url\":\"https:\\\/\\\/www.delucapartners.it\\\/wp-content\\\/uploads\\\/2026\\\/01\\\/De-Luca-Partners.png\",\"contentUrl\":\"https:\\\/\\\/www.delucapartners.it\\\/wp-content\\\/uploads\\\/2026\\\/01\\\/De-Luca-Partners.png\",\"width\":600,\"height\":56,\"caption\":\"De Luca & Partners\"},\"image\":{\"@id\":\"https:\\\/\\\/www.delucapartners.it\\\/fr\\\/#\\\/schema\\\/logo\\\/image\\\/\"}},{\"@type\":\"Person\",\"@id\":\"https:\\\/\\\/www.delucapartners.it\\\/fr\\\/#\\\/schema\\\/person\\\/00d0832a12e3889dce887a31e29d65f8\",\"name\":\"Melismelis\",\"image\":{\"@type\":\"ImageObject\",\"inLanguage\":\"fr-FR\",\"@id\":\"https:\\\/\\\/secure.gravatar.com\\\/avatar\\\/abc81b0c708aea145c773c368ae5bc3f1f3fd0d40a61429cb96d09523d41ab66?s=96&d=mm&r=g\",\"url\":\"https:\\\/\\\/secure.gravatar.com\\\/avatar\\\/abc81b0c708aea145c773c368ae5bc3f1f3fd0d40a61429cb96d09523d41ab66?s=96&d=mm&r=g\",\"contentUrl\":\"https:\\\/\\\/secure.gravatar.com\\\/avatar\\\/abc81b0c708aea145c773c368ae5bc3f1f3fd0d40a61429cb96d09523d41ab66?s=96&d=mm&r=g\",\"caption\":\"Melismelis\"},\"sameAs\":[\"https:\\\/\\\/www.delucapartners.it\"]}]}<\/script>\n<!-- \/ Yoast SEO plugin. -->","yoast_head_json":{"title":"R\u00e9f\u00e9rendum des 8 et 9 juin : ce qui change pour les travailleurs et les entreprises si le \"oui\" ou le \"non\" l'emporte (ItaliaOggi - 3 juin 2025 \u2013 Vittorio De Luca) - De Luca &amp; Partners","robots":{"index":"index","follow":"follow","max-snippet":"max-snippet:-1","max-image-preview":"max-image-preview:large","max-video-preview":"max-video-preview:-1"},"canonical":"https:\/\/www.delucapartners.it\/fr\/wp-json\/wp\/v2\/posts\/26062\/","og_locale":"fr_FR","og_type":"article","og_title":"R\u00e9f\u00e9rendum des 8 et 9 juin : ce qui change pour les travailleurs et les entreprises si le \"oui\" ou le \"non\" l'emporte (ItaliaOggi - 3 juin 2025 \u2013 Vittorio De Luca) - De Luca &amp; Partners","og_description":"Dimanche 8 et lundi 9 juin, les citoyens voteront pour le r\u00e9f\u00e9rendum, et une place importante est accord\u00e9e aux questions relatives au travail. ItaliaOggi a interrog\u00e9 quatre cabinets d\u2019avocats diff\u00e9rents pour comprendre ce qui changerait, d\u2019un point de vue pratique, si le \u00ab\u00a0oui\u00a0\u00bb ou le \u00ab\u00a0non\u00a0\u00bb l\u2019emportait. Quatri\u00e8me question r\u00e9f\u00e9rendaire \u00ab Exclusion de la responsabilit\u00e9 [&hellip;]","og_url":"https:\/\/www.delucapartners.it\/fr\/news\/referendum-des-8-et-9-juin-ce-qui-change-pour-les-travailleurs\/","og_site_name":"De Luca &amp; Partners","article_published_time":"2025-06-05T08:14:31+00:00","article_modified_time":"2026-02-16T15:36:15+00:00","og_image":[{"width":1200,"height":801,"url":"https:\/\/www.delucapartners.it\/wp-content\/uploads\/2026\/02\/shutterstock_1086225521-9.jpg","type":"image\/jpeg"}],"author":"Melismelis","twitter_card":"summary_large_image","twitter_misc":{"\u00c9crit par":"Melismelis","Dur\u00e9e de lecture estim\u00e9e":"1 minute"},"schema":{"@context":"https:\/\/schema.org","@graph":[{"@type":"Article","@id":"https:\/\/www.delucapartners.it\/fr\/news\/referendum-des-8-et-9-juin-ce-qui-change-pour-les-travailleurs\/#article","isPartOf":{"@id":"https:\/\/www.delucapartners.it\/fr\/news\/referendum-des-8-et-9-juin-ce-qui-change-pour-les-travailleurs\/"},"author":{"name":"Melismelis","@id":"https:\/\/www.delucapartners.it\/fr\/#\/schema\/person\/00d0832a12e3889dce887a31e29d65f8"},"headline":"R\u00e9f\u00e9rendum des 8 et 9 juin : ce qui change pour les travailleurs et les entreprises si le \u00ab\u00a0oui\u00a0\u00bb ou le \u00ab\u00a0non\u00a0\u00bb l&#8217;emporte (ItaliaOggi &#8211; 3 juin 2025 \u2013 Vittorio De Luca)","datePublished":"2025-06-05T08:14:31+00:00","dateModified":"2026-02-16T15:36:15+00:00","mainEntityOfPage":{"@id":"https:\/\/www.delucapartners.it\/fr\/news\/referendum-des-8-et-9-juin-ce-qui-change-pour-les-travailleurs\/"},"wordCount":256,"publisher":{"@id":"https:\/\/www.delucapartners.it\/fr\/#organization"},"image":{"@id":"https:\/\/www.delucapartners.it\/fr\/news\/referendum-des-8-et-9-juin-ce-qui-change-pour-les-travailleurs\/#primaryimage"},"thumbnailUrl":"https:\/\/www.delucapartners.it\/wp-content\/uploads\/2026\/02\/shutterstock_1086225521-9.jpg","keywords":["Referendum"],"articleSection":["Insights","News"],"inLanguage":"fr-FR"},{"@type":"WebPage","@id":"https:\/\/www.delucapartners.it\/fr\/news\/referendum-des-8-et-9-juin-ce-qui-change-pour-les-travailleurs\/","url":"https:\/\/www.delucapartners.it\/fr\/news\/referendum-des-8-et-9-juin-ce-qui-change-pour-les-travailleurs\/","name":"R\u00e9f\u00e9rendum des 8 et 9 juin : ce qui change pour les travailleurs et les entreprises si le \"oui\" ou le \"non\" l'emporte (ItaliaOggi - 3 juin 2025 \u2013 Vittorio De Luca) - De Luca &amp; Partners","isPartOf":{"@id":"https:\/\/www.delucapartners.it\/fr\/#website"},"primaryImageOfPage":{"@id":"https:\/\/www.delucapartners.it\/fr\/news\/referendum-des-8-et-9-juin-ce-qui-change-pour-les-travailleurs\/#primaryimage"},"image":{"@id":"https:\/\/www.delucapartners.it\/fr\/news\/referendum-des-8-et-9-juin-ce-qui-change-pour-les-travailleurs\/#primaryimage"},"thumbnailUrl":"https:\/\/www.delucapartners.it\/wp-content\/uploads\/2026\/02\/shutterstock_1086225521-9.jpg","datePublished":"2025-06-05T08:14:31+00:00","dateModified":"2026-02-16T15:36:15+00:00","breadcrumb":{"@id":"https:\/\/www.delucapartners.it\/fr\/news\/referendum-des-8-et-9-juin-ce-qui-change-pour-les-travailleurs\/#breadcrumb"},"inLanguage":"fr-FR","potentialAction":[{"@type":"ReadAction","target":["https:\/\/www.delucapartners.it\/fr\/news\/referendum-des-8-et-9-juin-ce-qui-change-pour-les-travailleurs\/"]}]},{"@type":"ImageObject","inLanguage":"fr-FR","@id":"https:\/\/www.delucapartners.it\/fr\/news\/referendum-des-8-et-9-juin-ce-qui-change-pour-les-travailleurs\/#primaryimage","url":"https:\/\/www.delucapartners.it\/wp-content\/uploads\/2026\/02\/shutterstock_1086225521-9.jpg","contentUrl":"https:\/\/www.delucapartners.it\/wp-content\/uploads\/2026\/02\/shutterstock_1086225521-9.jpg","width":1200,"height":801},{"@type":"BreadcrumbList","@id":"https:\/\/www.delucapartners.it\/fr\/news\/referendum-des-8-et-9-juin-ce-qui-change-pour-les-travailleurs\/#breadcrumb","itemListElement":[{"@type":"ListItem","position":1,"name":"Home","item":"https:\/\/www.delucapartners.it\/fr\/"},{"@type":"ListItem","position":2,"name":"R\u00e9f\u00e9rendum des 8 et 9 juin : ce qui change pour les travailleurs et les entreprises si le &#8220;oui&#8221; ou le &#8220;non&#8221; l&#8217;emporte (ItaliaOggi &#8211; 3 juin 2025 \u2013 Vittorio De Luca)"}]},{"@type":"WebSite","@id":"https:\/\/www.delucapartners.it\/fr\/#website","url":"https:\/\/www.delucapartners.it\/fr\/","name":"De Luca & Partners","description":"","publisher":{"@id":"https:\/\/www.delucapartners.it\/fr\/#organization"},"potentialAction":[{"@type":"SearchAction","target":{"@type":"EntryPoint","urlTemplate":"https:\/\/www.delucapartners.it\/fr\/?s={search_term_string}"},"query-input":{"@type":"PropertyValueSpecification","valueRequired":true,"valueName":"search_term_string"}}],"inLanguage":"fr-FR"},{"@type":"Organization","@id":"https:\/\/www.delucapartners.it\/fr\/#organization","name":"De Luca & Partners","url":"https:\/\/www.delucapartners.it\/fr\/","logo":{"@type":"ImageObject","inLanguage":"fr-FR","@id":"https:\/\/www.delucapartners.it\/fr\/#\/schema\/logo\/image\/","url":"https:\/\/www.delucapartners.it\/wp-content\/uploads\/2026\/01\/De-Luca-Partners.png","contentUrl":"https:\/\/www.delucapartners.it\/wp-content\/uploads\/2026\/01\/De-Luca-Partners.png","width":600,"height":56,"caption":"De Luca & Partners"},"image":{"@id":"https:\/\/www.delucapartners.it\/fr\/#\/schema\/logo\/image\/"}},{"@type":"Person","@id":"https:\/\/www.delucapartners.it\/fr\/#\/schema\/person\/00d0832a12e3889dce887a31e29d65f8","name":"Melismelis","image":{"@type":"ImageObject","inLanguage":"fr-FR","@id":"https:\/\/secure.gravatar.com\/avatar\/abc81b0c708aea145c773c368ae5bc3f1f3fd0d40a61429cb96d09523d41ab66?s=96&d=mm&r=g","url":"https:\/\/secure.gravatar.com\/avatar\/abc81b0c708aea145c773c368ae5bc3f1f3fd0d40a61429cb96d09523d41ab66?s=96&d=mm&r=g","contentUrl":"https:\/\/secure.gravatar.com\/avatar\/abc81b0c708aea145c773c368ae5bc3f1f3fd0d40a61429cb96d09523d41ab66?s=96&d=mm&r=g","caption":"Melismelis"},"sameAs":["https:\/\/www.delucapartners.it"]}]}},"amp_enabled":true,"_links":{"self":[{"href":"https:\/\/www.delucapartners.it\/fr\/wp-json\/wp\/v2\/posts\/26062","targetHints":{"allow":["GET"]}}],"collection":[{"href":"https:\/\/www.delucapartners.it\/fr\/wp-json\/wp\/v2\/posts"}],"about":[{"href":"https:\/\/www.delucapartners.it\/fr\/wp-json\/wp\/v2\/types\/post"}],"author":[{"embeddable":true,"href":"https:\/\/www.delucapartners.it\/fr\/wp-json\/wp\/v2\/users\/5"}],"replies":[{"embeddable":true,"href":"https:\/\/www.delucapartners.it\/fr\/wp-json\/wp\/v2\/comments?post=26062"}],"version-history":[{"count":1,"href":"https:\/\/www.delucapartners.it\/fr\/wp-json\/wp\/v2\/posts\/26062\/revisions"}],"predecessor-version":[{"id":26064,"href":"https:\/\/www.delucapartners.it\/fr\/wp-json\/wp\/v2\/posts\/26062\/revisions\/26064"}],"wp:featuredmedia":[{"embeddable":true,"href":"https:\/\/www.delucapartners.it\/fr\/wp-json\/wp\/v2\/media\/26063"}],"wp:attachment":[{"href":"https:\/\/www.delucapartners.it\/fr\/wp-json\/wp\/v2\/media?parent=26062"}],"wp:term":[{"taxonomy":"category","embeddable":true,"href":"https:\/\/www.delucapartners.it\/fr\/wp-json\/wp\/v2\/categories?post=26062"},{"taxonomy":"post_tag","embeddable":true,"href":"https:\/\/www.delucapartners.it\/fr\/wp-json\/wp\/v2\/tags?post=26062"}],"curies":[{"name":"wp","href":"https:\/\/api.w.org\/{rel}","templated":true}]}}