{"id":27999,"date":"2020-02-27T10:58:10","date_gmt":"2020-02-27T09:58:10","guid":{"rendered":"https:\/\/www.delucapartners.it\/news\/les-entreprises-et-les-coronavirus-mise-a-jour\/"},"modified":"2026-02-16T16:32:03","modified_gmt":"2026-02-16T15:32:03","slug":"les-entreprises-et-les-coronavirus-mise-a-jour","status":"publish","type":"post","link":"https:\/\/www.delucapartners.it\/fr\/insights\/les-entreprises-et-les-coronavirus-mise-a-jour\/","title":{"rendered":"Les entreprises et les coronavirus &#8211; Mise \u00e0 jour"},"content":{"rendered":"\n<p class=\"wp-block-paragraph\">L&rsquo;alarme g\u00e9n\u00e9r\u00e9e par l&rsquo;augmentation rapide du nombre de cas de coronavirus ces derniers jours, en particulier en Lombardie, a conduit le gouvernement \u00e0 mettre en \u0153uvre des mesures extraordinaires afin de limiter les risques de propagation des foyers par le biais du d\u00e9cret-loi n\u00b0. 6 du 23 f\u00e9vrier 2020 et les d\u00e9crets d&rsquo;application correspondants.<\/p>\n\n\n\n<p class=\"wp-block-paragraph\">Dans ce contexte, l&#8217;employeur a \u00e0 la fois l&rsquo;obligation l\u00e9gale de prendre des mesures techniques et organisationnelles afin de pr\u00e9server la sant\u00e9 et la s\u00e9curit\u00e9 de ses travailleurs et un r\u00f4le social afin que l&rsquo;exposition au risque de contagion et de sa prolif\u00e9ration soit minimis\u00e9e.<\/p>\n\n\n\n<p class=\"wp-block-paragraph\">En application du d\u00e9cret-loi susmentionn\u00e9 et des dispositions d&rsquo;application pertinentes, pour les entreprises ayant leur si\u00e8ge social ou leur si\u00e8ge d&rsquo;exploitation dans les communes des r\u00e9gions de Lombardie et de V\u00e9n\u00e9tie, concern\u00e9es par les mesures visant \u00e0 contenir la contagion, il est pr\u00e9vu la suspension des activit\u00e9s de travail, \u00e0 l&rsquo;exception des entreprises qui fournissent des services essentiels et des services publics ainsi que des activit\u00e9s qui peuvent \u00eatre r\u00e9alis\u00e9es \u00e0 domicile ou \u00e0 distance.<\/p>\n\n\n\n<p class=\"wp-block-paragraph\">De m\u00eame, la suspension des activit\u00e9s de travail a \u00e9t\u00e9 ordonn\u00e9e pour les travailleurs r\u00e9sidant ou domicili\u00e9s, \u00e9galement de facto, dans les municipalit\u00e9s susmentionn\u00e9es, m\u00eame si ces activit\u00e9s se d\u00e9roulent en dehors des zones de confinement.<\/p>\n\n\n\n<p class=\"wp-block-paragraph\">Afin de faciliter l&rsquo;exercice normal des relations de travail \u00e9tablies dans les zones consid\u00e9r\u00e9es \u00e0 risque ou avec les travailleurs qui y r\u00e9sident ou y sont domicili\u00e9s, il a \u00e9galement \u00e9t\u00e9 pr\u00e9vu la possibilit\u00e9 d&rsquo;appliquer automatiquement le travail dit \u00ab\u00a0T\u00e9l\u00e9travail\u00a0\u00bb, r\u00e9gi par les articles 18 \u00e0 23 de la loi n\u00b0 81 du 22 mai 2017, m\u00eame en l&rsquo;absence d&rsquo;accord individuel pr\u00e9alable conform\u00e9ment \u00e0 l&rsquo;article 19 de la loi pr\u00e9cit\u00e9e.<\/p>\n\n\n\n<p class=\"wp-block-paragraph\">Par d\u00e9cret du Premier ministre du 25 f\u00e9vrier dernier, cette possibilit\u00e9 a \u00e9t\u00e9 \u00e9tendue jusqu&rsquo;au 15 mars 2020, \u00e9galement aux employeurs ayant un si\u00e8ge social ou op\u00e9rationnel dans les r\u00e9gions d&rsquo;\u00c9milie-Romagne, de Frioul-V\u00e9n\u00e9tie Julienne, de Lombardie, du Pi\u00e9mont, de V\u00e9n\u00e9tie et de Ligurie, aux travailleurs qui y r\u00e9sident ou y sont domicili\u00e9s et qui travaillent en dehors de ces territoires. <\/p>\n\n\n\n<p class=\"wp-block-paragraph\">Dans tous les cas susmentionn\u00e9s, dans la proc\u00e9dure t\u00e9l\u00e9matique, l&rsquo;accord individuel doit \u00eatre remplac\u00e9 par une autocertification attestant que la relation de travail intelligente concerne une personne appartenant \u00e0 l&rsquo;une des zones \u00e0 risque. Dans le champ \u00ab\u00a0date de signature de l&rsquo;accord\u00a0\u00bb, il faut indiquer la date de d\u00e9but de la relation de travail intelligente.<\/p>\n\n\n\n<p class=\"wp-block-paragraph\">Le d\u00e9cret du ministre de l&rsquo;\u00e9conomie et des finances, qui concerne les obligations des contribuables vivant dans les zones touch\u00e9es par l&rsquo;urgence du virus Covid-19, est en cours de publication.<\/p>\n\n\n\n<p class=\"wp-block-paragraph\">Le d\u00e9cret susmentionn\u00e9 pr\u00e9voit la suspension, du 21 f\u00e9vrier au 31 mars 2020, des obligations de r\u00e9aliser des retenues \u00e0 la source sur les revenus du travail et assimil\u00e9s pour les agents de retenue \u00e0 la source ayant leur si\u00e8ge social ou op\u00e9rationnel dans les communes des r\u00e9gions de Lombardie et de V\u00e9n\u00e9tie touch\u00e9es par les mesures de lutte contre la contagion.<\/p>\n\n\n\n<p class=\"wp-block-paragraph\">Cela \u00e9tant dit, il convient de rappeler que l&#8217;employeur a \u00e9galement l&rsquo;obligation l\u00e9gale de mettre en \u0153uvre des mesures techniques et organisationnelles pour pr\u00e9server la sant\u00e9 et la s\u00e9curit\u00e9 de ses travailleurs et pour r\u00e9duire autant que possible l&rsquo;exposition au risque de contagion et de sa prolif\u00e9ration.<br> En cons\u00e9quence, les entreprises sont tenues de le faire :<\/p>\n\n\n\n<ul class=\"wp-block-list\"><li>d&rsquo;adopter des protocoles pr\u00e9ventifs sp\u00e9cifiques afin de garantir des environnements de travail sains (par exemple, avec l&rsquo;installation de distributeurs de gel antibact\u00e9rien ou avec des gants et des masques de protection) ;<\/li><li>mettre en \u0153uvre des mesures suppl\u00e9mentaires \u00e0 l&rsquo;encontre des employ\u00e9s qui ont \u00e9t\u00e9 d\u00e9tach\u00e9s\/transf\u00e9r\u00e9s en Chine ou dans des pays de l&rsquo;Est consid\u00e9r\u00e9s comme \u00e0 risque. \u00c0 cet \u00e9gard, il convient de rappeler que l&rsquo;article 1, lettre i) du d\u00e9cret-loi no 6 du 23 f\u00e9vrier dernier, pr\u00e9voit que les personnes entr\u00e9es en Italie en provenance de zones \u00e0 risque \u00e9pid\u00e9miologique sont tenues de signaler cette circonstance au service de pr\u00e9vention de l&rsquo;entreprise sanitaire territoriale comp\u00e9tente ;<\/li><li>mettre en \u0153uvre des formes de travail \u00e0 distance (par exemple, le t\u00e9l\u00e9travail). \u00c0 cet \u00e9gard, il convient de noter que les prestations susmentionn\u00e9es concernent uniquement les relations de travail \u00e9tablies dans les zones consid\u00e9r\u00e9es \u00e0 risque ou avec des travailleurs qui y r\u00e9sident ou y sont domicili\u00e9s. Pour toutes les autres relations de travail, les dispositions de droit commun continueront \u00e0 \u00eatre appliqu\u00e9es ;<\/li><li>mettre \u00e0 jour le document d&rsquo;\u00e9valuation des risques, en exposant le nouveau risque biologique li\u00e9 au virus et en pr\u00e9voyant une formation sp\u00e9cifique.<\/li><\/ul>\n\n\n\n<p class=\"wp-block-paragraph\"> Le cabinet d&rsquo;avocats De Luca &amp; Partners a cr\u00e9\u00e9 un groupe de travail  pour soutenir les entreprises \u00e0 ce stade sensible. <\/p>\n\n\n\n<p class=\"wp-block-paragraph\">Le d\u00e9partement \u00ab\u00a0Compliance\u00a0\u00bb est \u00e0 votre enti\u00e8re disposition pour vous fournir le  soutien et l&rsquo;assistance n\u00e9cessaires. <\/p>\n\n\n\n<p class=\"wp-block-paragraph\">Pour plus d&rsquo;informations et de d\u00e9tails, vous pouvez contacter votre conseiller habituel ou : Elena  Cannone, coordinatrice de la \u00ab\u00a0Compliance Focus Team\u00a0\u00bb. <\/p>\n","protected":false},"excerpt":{"rendered":"<p>L&rsquo;alarme g\u00e9n\u00e9r\u00e9e par l&rsquo;augmentation rapide du nombre de cas de coronavirus ces derniers jours, en particulier en Lombardie, a conduit le gouvernement \u00e0 mettre en \u0153uvre des mesures extraordinaires afin de limiter les risques de propagation des foyers par le biais du d\u00e9cret-loi n\u00b0. 6 du 23 f\u00e9vrier 2020 et les d\u00e9crets d&rsquo;application correspondants. Dans [&hellip;]<\/p>\n","protected":false},"author":5,"featured_media":28000,"comment_status":"closed","ping_status":"closed","sticky":false,"template":"","format":"standard","meta":{"_acf_changed":false,"footnotes":""},"categories":[190],"tags":[988],"class_list":["post-27999","post","type-post","status-publish","format-standard","has-post-thumbnail","hentry","category-insights","tag-coronavirus-fr"],"acf":[],"yoast_head":"<!-- This site is optimized with the Yoast SEO plugin v28.3 - https:\/\/yoast.com\/product\/yoast-seo-wordpress\/ -->\n<title>Les entreprises et les coronavirus - Mise \u00e0 jour - De Luca &amp; Partners<\/title>\n<meta name=\"robots\" content=\"index, follow, max-snippet:-1, max-image-preview:large, max-video-preview:-1\" \/>\n<link rel=\"canonical\" href=\"https:\/\/www.delucapartners.it\/fr\/wp-json\/wp\/v2\/posts\/27999\/\" \/>\n<meta property=\"og:locale\" content=\"fr_FR\" \/>\n<meta property=\"og:type\" content=\"article\" \/>\n<meta property=\"og:title\" content=\"Les entreprises et les coronavirus - Mise \u00e0 jour - De Luca &amp; Partners\" \/>\n<meta property=\"og:description\" content=\"L&rsquo;alarme g\u00e9n\u00e9r\u00e9e par l&rsquo;augmentation rapide du nombre de cas de coronavirus ces derniers jours, en particulier en Lombardie, a conduit le gouvernement \u00e0 mettre en \u0153uvre des mesures extraordinaires afin de limiter les risques de propagation des foyers par le biais du d\u00e9cret-loi n\u00b0. 6 du 23 f\u00e9vrier 2020 et les d\u00e9crets d&rsquo;application correspondants. Dans [&hellip;]\" \/>\n<meta property=\"og:url\" content=\"https:\/\/www.delucapartners.it\/fr\/insights\/les-entreprises-et-les-coronavirus-mise-a-jour\/\" \/>\n<meta property=\"og:site_name\" content=\"De Luca &amp; Partners\" \/>\n<meta property=\"article:published_time\" content=\"2020-02-27T09:58:10+00:00\" \/>\n<meta property=\"article:modified_time\" content=\"2026-02-16T15:32:03+00:00\" \/>\n<meta property=\"og:image\" content=\"https:\/\/www.delucapartners.it\/wp-content\/uploads\/2026\/02\/Cattura-4.jpg\" \/>\n\t<meta property=\"og:image:width\" content=\"668\" \/>\n\t<meta property=\"og:image:height\" content=\"283\" \/>\n\t<meta property=\"og:image:type\" content=\"image\/jpeg\" \/>\n<meta name=\"author\" content=\"Melismelis\" \/>\n<meta name=\"twitter:card\" content=\"summary_large_image\" \/>\n<meta name=\"twitter:label1\" content=\"\u00c9crit par\" \/>\n\t<meta name=\"twitter:data1\" content=\"Melismelis\" \/>\n\t<meta name=\"twitter:label2\" content=\"Dur\u00e9e de lecture estim\u00e9e\" \/>\n\t<meta name=\"twitter:data2\" content=\"4 minutes\" \/>\n<script type=\"application\/ld+json\" class=\"yoast-schema-graph\">{\"@context\":\"https:\\\/\\\/schema.org\",\"@graph\":[{\"@type\":\"Article\",\"@id\":\"https:\\\/\\\/www.delucapartners.it\\\/fr\\\/insights\\\/les-entreprises-et-les-coronavirus-mise-a-jour\\\/#article\",\"isPartOf\":{\"@id\":\"https:\\\/\\\/www.delucapartners.it\\\/fr\\\/insights\\\/les-entreprises-et-les-coronavirus-mise-a-jour\\\/\"},\"author\":{\"name\":\"Melismelis\",\"@id\":\"https:\\\/\\\/www.delucapartners.it\\\/fr\\\/#\\\/schema\\\/person\\\/00d0832a12e3889dce887a31e29d65f8\"},\"headline\":\"Les entreprises et les coronavirus &#8211; Mise \u00e0 jour\",\"datePublished\":\"2020-02-27T09:58:10+00:00\",\"dateModified\":\"2026-02-16T15:32:03+00:00\",\"mainEntityOfPage\":{\"@id\":\"https:\\\/\\\/www.delucapartners.it\\\/fr\\\/insights\\\/les-entreprises-et-les-coronavirus-mise-a-jour\\\/\"},\"wordCount\":910,\"publisher\":{\"@id\":\"https:\\\/\\\/www.delucapartners.it\\\/fr\\\/#organization\"},\"image\":{\"@id\":\"https:\\\/\\\/www.delucapartners.it\\\/fr\\\/insights\\\/les-entreprises-et-les-coronavirus-mise-a-jour\\\/#primaryimage\"},\"thumbnailUrl\":\"https:\\\/\\\/www.delucapartners.it\\\/wp-content\\\/uploads\\\/2026\\\/02\\\/Cattura-4.jpg\",\"keywords\":[\"Coronavirus\"],\"articleSection\":[\"Insights\"],\"inLanguage\":\"fr-FR\"},{\"@type\":\"WebPage\",\"@id\":\"https:\\\/\\\/www.delucapartners.it\\\/fr\\\/insights\\\/les-entreprises-et-les-coronavirus-mise-a-jour\\\/\",\"url\":\"https:\\\/\\\/www.delucapartners.it\\\/fr\\\/insights\\\/les-entreprises-et-les-coronavirus-mise-a-jour\\\/\",\"name\":\"Les entreprises et les coronavirus - Mise \u00e0 jour - De Luca &amp; Partners\",\"isPartOf\":{\"@id\":\"https:\\\/\\\/www.delucapartners.it\\\/fr\\\/#website\"},\"primaryImageOfPage\":{\"@id\":\"https:\\\/\\\/www.delucapartners.it\\\/fr\\\/insights\\\/les-entreprises-et-les-coronavirus-mise-a-jour\\\/#primaryimage\"},\"image\":{\"@id\":\"https:\\\/\\\/www.delucapartners.it\\\/fr\\\/insights\\\/les-entreprises-et-les-coronavirus-mise-a-jour\\\/#primaryimage\"},\"thumbnailUrl\":\"https:\\\/\\\/www.delucapartners.it\\\/wp-content\\\/uploads\\\/2026\\\/02\\\/Cattura-4.jpg\",\"datePublished\":\"2020-02-27T09:58:10+00:00\",\"dateModified\":\"2026-02-16T15:32:03+00:00\",\"breadcrumb\":{\"@id\":\"https:\\\/\\\/www.delucapartners.it\\\/fr\\\/insights\\\/les-entreprises-et-les-coronavirus-mise-a-jour\\\/#breadcrumb\"},\"inLanguage\":\"fr-FR\",\"potentialAction\":[{\"@type\":\"ReadAction\",\"target\":[\"https:\\\/\\\/www.delucapartners.it\\\/fr\\\/insights\\\/les-entreprises-et-les-coronavirus-mise-a-jour\\\/\"]}]},{\"@type\":\"ImageObject\",\"inLanguage\":\"fr-FR\",\"@id\":\"https:\\\/\\\/www.delucapartners.it\\\/fr\\\/insights\\\/les-entreprises-et-les-coronavirus-mise-a-jour\\\/#primaryimage\",\"url\":\"https:\\\/\\\/www.delucapartners.it\\\/wp-content\\\/uploads\\\/2026\\\/02\\\/Cattura-4.jpg\",\"contentUrl\":\"https:\\\/\\\/www.delucapartners.it\\\/wp-content\\\/uploads\\\/2026\\\/02\\\/Cattura-4.jpg\",\"width\":668,\"height\":283},{\"@type\":\"BreadcrumbList\",\"@id\":\"https:\\\/\\\/www.delucapartners.it\\\/fr\\\/insights\\\/les-entreprises-et-les-coronavirus-mise-a-jour\\\/#breadcrumb\",\"itemListElement\":[{\"@type\":\"ListItem\",\"position\":1,\"name\":\"Home\",\"item\":\"https:\\\/\\\/www.delucapartners.it\\\/fr\\\/\"},{\"@type\":\"ListItem\",\"position\":2,\"name\":\"Les entreprises et les coronavirus &#8211; Mise \u00e0 jour\"}]},{\"@type\":\"WebSite\",\"@id\":\"https:\\\/\\\/www.delucapartners.it\\\/fr\\\/#website\",\"url\":\"https:\\\/\\\/www.delucapartners.it\\\/fr\\\/\",\"name\":\"De Luca & Partners\",\"description\":\"\",\"publisher\":{\"@id\":\"https:\\\/\\\/www.delucapartners.it\\\/fr\\\/#organization\"},\"potentialAction\":[{\"@type\":\"SearchAction\",\"target\":{\"@type\":\"EntryPoint\",\"urlTemplate\":\"https:\\\/\\\/www.delucapartners.it\\\/fr\\\/?s={search_term_string}\"},\"query-input\":{\"@type\":\"PropertyValueSpecification\",\"valueRequired\":true,\"valueName\":\"search_term_string\"}}],\"inLanguage\":\"fr-FR\"},{\"@type\":\"LegalService\",\"@id\":\"https:\\\/\\\/www.delucapartners.it\\\/fr\\\/#organization\",\"name\":\"De Luca & Partners\",\"alternateName\":\"Studio Legale De Luca & Partners\",\"url\":\"https:\\\/\\\/www.delucapartners.it\\\/\",\"logo\":{\"@type\":\"ImageObject\",\"@id\":\"https:\\\/\\\/www.delucapartners.it\\\/fr\\\/#logo\",\"url\":\"https:\\\/\\\/www.delucapartners.it\\\/wp-content\\\/uploads\\\/2026\\\/02\\\/cropped-icon-192x192-1.png\",\"contentUrl\":\"https:\\\/\\\/www.delucapartners.it\\\/wp-content\\\/uploads\\\/2026\\\/02\\\/cropped-icon-192x192-1.png\",\"width\":512,\"height\":512,\"caption\":\"De Luca & Partners\"},\"image\":{\"@id\":\"https:\\\/\\\/www.delucapartners.it\\\/fr\\\/#logo\"},\"description\":\"De Luca & Partners est un cabinet d\u2019avocats ind\u00e9pendant fond\u00e9 en 1976, sp\u00e9cialis\u00e9 en droit du travail et en protection des donn\u00e9es, qui conseille et assiste des entreprises italiennes et multinationales.\",\"foundingDate\":\"1976\",\"founder\":{\"@type\":\"Person\",\"@id\":\"https:\\\/\\\/www.delucapartners.it\\\/#person-vincenzo-de-luca\",\"name\":\"Vincenzo De Luca\",\"url\":\"https:\\\/\\\/www.delucapartners.it\\\/fr\\\/professionnels\\\/vincenzo-de-luca\\\/\"},\"address\":{\"@type\":\"PostalAddress\",\"streetAddress\":\"Largo A. Toscanini, 1\",\"postalCode\":\"20122\",\"addressLocality\":\"Milano\",\"addressRegion\":\"Lombardia\",\"addressCountry\":\"IT\"},\"telephone\":\"+39023655651\",\"email\":\"info@delucapartners.it\",\"vatID\":\"IT12621700157\",\"areaServed\":{\"@type\":\"Country\",\"name\":\"Italie\"},\"contactPoint\":{\"@type\":\"ContactPoint\",\"contactType\":\"informations g\u00e9n\u00e9rales\",\"telephone\":\"+39023655651\",\"email\":\"info@delucapartners.it\",\"availableLanguage\":[\"it\",\"en\",\"fr\"],\"areaServed\":\"IT\"},\"sameAs\":[\"https:\\\/\\\/www.linkedin.com\\\/company\\\/deluca%26partners\\\/\",\"https:\\\/\\\/www.youtube.com\\\/channel\\\/UCpT03V-ndoLilQhQR1l-kwA\"],\"hasOfferCatalog\":{\"@type\":\"OfferCatalog\",\"@id\":\"https:\\\/\\\/www.delucapartners.it\\\/fr\\\/#offer-catalog-fr\",\"name\":\"Domaines d\u2019activit\u00e9s\",\"itemListElement\":[{\"@type\":\"Offer\",\"itemOffered\":{\"@type\":\"Service\",\"@id\":\"https:\\\/\\\/www.delucapartners.it\\\/fr\\\/domaines-dactivites\\\/conformite-a-la-reglementation-sur-la-protection-des-donnees-rgpd\\\/#service\",\"name\":\"Conformit\u00e9 \u00e0 la r\u00e9glementation sur la protection des donn\u00e9es (RGPD)\",\"url\":\"https:\\\/\\\/www.delucapartners.it\\\/fr\\\/domaines-dactivites\\\/conformite-a-la-reglementation-sur-la-protection-des-donnees-rgpd\\\/\",\"provider\":{\"@id\":\"https:\\\/\\\/www.delucapartners.it\\\/fr\\\/#organization\"},\"areaServed\":{\"@type\":\"Country\",\"name\":\"Italie\"}}},{\"@type\":\"Offer\",\"itemOffered\":{\"@type\":\"Service\",\"@id\":\"https:\\\/\\\/www.delucapartners.it\\\/fr\\\/domaines-dactivites\\\/prestations-en-cas-de-licenciement-economique-cigs-cigo-solidarite\\\/#service\",\"name\":\"Prestations en cas de licenciement \u00e9conomique (CIGS-CIGO-Solidarit\u00e9)\",\"url\":\"https:\\\/\\\/www.delucapartners.it\\\/fr\\\/domaines-dactivites\\\/prestations-en-cas-de-licenciement-economique-cigs-cigo-solidarite\\\/\",\"provider\":{\"@id\":\"https:\\\/\\\/www.delucapartners.it\\\/fr\\\/#organization\"},\"areaServed\":{\"@type\":\"Country\",\"name\":\"Italie\"}}},{\"@type\":\"Offer\",\"itemOffered\":{\"@type\":\"Service\",\"@id\":\"https:\\\/\\\/www.delucapartners.it\\\/fr\\\/domaines-dactivites\\\/conformite-responsabilite-administrative-des-personnes-morales-decret-legislatif-italien-n-231-01\\\/#service\",\"name\":\"Conformit\u00e9 &#8211; responsabilit\u00e9 administrative des personnes morales\",\"url\":\"https:\\\/\\\/www.delucapartners.it\\\/fr\\\/domaines-dactivites\\\/conformite-responsabilite-administrative-des-personnes-morales-decret-legislatif-italien-n-231-01\\\/\",\"provider\":{\"@id\":\"https:\\\/\\\/www.delucapartners.it\\\/fr\\\/#organization\"},\"areaServed\":{\"@type\":\"Country\",\"name\":\"Italie\"}}},{\"@type\":\"Offer\",\"itemOffered\":{\"@type\":\"Service\",\"@id\":\"https:\\\/\\\/www.delucapartners.it\\\/fr\\\/domaines-dactivites\\\/contentieux-du-droit-du-travail\\\/#service\",\"name\":\"Contentieux du droit du travail\",\"url\":\"https:\\\/\\\/www.delucapartners.it\\\/fr\\\/domaines-dactivites\\\/contentieux-du-droit-du-travail\\\/\",\"provider\":{\"@id\":\"https:\\\/\\\/www.delucapartners.it\\\/fr\\\/#organization\"},\"areaServed\":{\"@type\":\"Country\",\"name\":\"Italie\"}}},{\"@type\":\"Offer\",\"itemOffered\":{\"@type\":\"Service\",\"@id\":\"https:\\\/\\\/www.delucapartners.it\\\/fr\\\/domaines-dactivites\\\/contentieux-du-droit-du-travail\\\/licenciement-economique\\\/#service\",\"name\":\"Licenciement \u00e9conomique\",\"url\":\"https:\\\/\\\/www.delucapartners.it\\\/fr\\\/domaines-dactivites\\\/contentieux-du-droit-du-travail\\\/licenciement-economique\\\/\",\"provider\":{\"@id\":\"https:\\\/\\\/www.delucapartners.it\\\/fr\\\/#organization\"},\"areaServed\":{\"@type\":\"Country\",\"name\":\"Italie\"}}},{\"@type\":\"Offer\",\"itemOffered\":{\"@type\":\"Service\",\"@id\":\"https:\\\/\\\/www.delucapartners.it\\\/fr\\\/domaines-dactivites\\\/contentieux-du-droit-du-travail\\\/requalification-legitimite-de-la-relation-de-travail-dindependant-ou-para-subordonne-a-subordonne\\\/#service\",\"name\":\"Requalification\\\/legitimite de la relation de travail (d\u2019independant ou para-subordonne a subordonne)\",\"url\":\"https:\\\/\\\/www.delucapartners.it\\\/fr\\\/domaines-dactivites\\\/contentieux-du-droit-du-travail\\\/requalification-legitimite-de-la-relation-de-travail-dindependant-ou-para-subordonne-a-subordonne\\\/\",\"provider\":{\"@id\":\"https:\\\/\\\/www.delucapartners.it\\\/fr\\\/#organization\"},\"areaServed\":{\"@type\":\"Country\",\"name\":\"Italie\"}}},{\"@type\":\"Offer\",\"itemOffered\":{\"@type\":\"Service\",\"@id\":\"https:\\\/\\\/www.delucapartners.it\\\/fr\\\/domaines-dactivites\\\/contentieux-du-droit-du-travail\\\/contrat-dagence-differences-sur-les-commissions-indemnite-de-cessation-conf-a-lart-1751-violation-de-lobligation-de-non-concurrence\\\/#service\",\"name\":\"Contrat d\u2019agence (differences sur les commissions ; indemnite de cessation conf. a l\u2019art. 1751 ; violation de l\u2019obligation de non concurrence)\",\"url\":\"https:\\\/\\\/www.delucapartners.it\\\/fr\\\/domaines-dactivites\\\/contentieux-du-droit-du-travail\\\/contrat-dagence-differences-sur-les-commissions-indemnite-de-cessation-conf-a-lart-1751-violation-de-lobligation-de-non-concurrence\\\/\",\"provider\":{\"@id\":\"https:\\\/\\\/www.delucapartners.it\\\/fr\\\/#organization\"},\"areaServed\":{\"@type\":\"Country\",\"name\":\"Italie\"}}},{\"@type\":\"Offer\",\"itemOffered\":{\"@type\":\"Service\",\"@id\":\"https:\\\/\\\/www.delucapartners.it\\\/fr\\\/domaines-dactivites\\\/contentieux-du-droit-du-travail\\\/mobbing\\\/#service\",\"name\":\"Mobbing\",\"url\":\"https:\\\/\\\/www.delucapartners.it\\\/fr\\\/domaines-dactivites\\\/contentieux-du-droit-du-travail\\\/mobbing\\\/\",\"provider\":{\"@id\":\"https:\\\/\\\/www.delucapartners.it\\\/fr\\\/#organization\"},\"areaServed\":{\"@type\":\"Country\",\"name\":\"Italie\"}}},{\"@type\":\"Offer\",\"itemOffered\":{\"@type\":\"Service\",\"@id\":\"https:\\\/\\\/www.delucapartners.it\\\/fr\\\/domaines-dactivites\\\/contentieux-du-droit-du-travail\\\/fourniture-de-main-doeuvre-sous-traitance\\\/#service\",\"name\":\"Fourniture de main d\u2019\u0153uvre \\\/ Sous-traitance\",\"url\":\"https:\\\/\\\/www.delucapartners.it\\\/fr\\\/domaines-dactivites\\\/contentieux-du-droit-du-travail\\\/fourniture-de-main-doeuvre-sous-traitance\\\/\",\"provider\":{\"@id\":\"https:\\\/\\\/www.delucapartners.it\\\/fr\\\/#organization\"},\"areaServed\":{\"@type\":\"Country\",\"name\":\"Italie\"}}},{\"@type\":\"Offer\",\"itemOffered\":{\"@type\":\"Service\",\"@id\":\"https:\\\/\\\/www.delucapartners.it\\\/fr\\\/domaines-dactivites\\\/contentieux-du-droit-du-travail\\\/cotisations-et-les-sanctions\\\/#service\",\"name\":\"Cotisations et les sanctions\",\"url\":\"https:\\\/\\\/www.delucapartners.it\\\/fr\\\/domaines-dactivites\\\/contentieux-du-droit-du-travail\\\/cotisations-et-les-sanctions\\\/\",\"provider\":{\"@id\":\"https:\\\/\\\/www.delucapartners.it\\\/fr\\\/#organization\"},\"areaServed\":{\"@type\":\"Country\",\"name\":\"Italie\"}}},{\"@type\":\"Offer\",\"itemOffered\":{\"@type\":\"Service\",\"@id\":\"https:\\\/\\\/www.delucapartners.it\\\/fr\\\/domaines-dactivites\\\/contentieux-du-droit-du-travail\\\/contrats-de-travail-a-duree-determinee\\\/#service\",\"name\":\"Contrats de travail \u00e0 dur\u00e9e d\u00e9termin\u00e9e\",\"url\":\"https:\\\/\\\/www.delucapartners.it\\\/fr\\\/domaines-dactivites\\\/contentieux-du-droit-du-travail\\\/contrats-de-travail-a-duree-determinee\\\/\",\"provider\":{\"@id\":\"https:\\\/\\\/www.delucapartners.it\\\/fr\\\/#organization\"},\"areaServed\":{\"@type\":\"Country\",\"name\":\"Italie\"}}},{\"@type\":\"Offer\",\"itemOffered\":{\"@type\":\"Service\",\"@id\":\"https:\\\/\\\/www.delucapartners.it\\\/fr\\\/domaines-dactivites\\\/contentieux-du-droit-du-travail\\\/fonctions-retrogradation\\\/#service\",\"name\":\"Fonctions\\\/r\u00e9trogradation\",\"url\":\"https:\\\/\\\/www.delucapartners.it\\\/fr\\\/domaines-dactivites\\\/contentieux-du-droit-du-travail\\\/fonctions-retrogradation\\\/\",\"provider\":{\"@id\":\"https:\\\/\\\/www.delucapartners.it\\\/fr\\\/#organization\"},\"areaServed\":{\"@type\":\"Country\",\"name\":\"Italie\"}}},{\"@type\":\"Offer\",\"itemOffered\":{\"@type\":\"Service\",\"@id\":\"https:\\\/\\\/www.delucapartners.it\\\/fr\\\/domaines-dactivites\\\/contentieux-du-droit-du-travail\\\/transfert-individuels-ou-collectifs\\\/#service\",\"name\":\"Transfert individuels ou collectifs\",\"url\":\"https:\\\/\\\/www.delucapartners.it\\\/fr\\\/domaines-dactivites\\\/contentieux-du-droit-du-travail\\\/transfert-individuels-ou-collectifs\\\/\",\"provider\":{\"@id\":\"https:\\\/\\\/www.delucapartners.it\\\/fr\\\/#organization\"},\"areaServed\":{\"@type\":\"Country\",\"name\":\"Italie\"}}},{\"@type\":\"Offer\",\"itemOffered\":{\"@type\":\"Service\",\"@id\":\"https:\\\/\\\/www.delucapartners.it\\\/fr\\\/domaines-dactivites\\\/contentieux-du-droit-du-travail\\\/indemnite-de-depart\\\/#service\",\"name\":\"Indemnit\u00e9 de d\u00e9part\",\"url\":\"https:\\\/\\\/www.delucapartners.it\\\/fr\\\/domaines-dactivites\\\/contentieux-du-droit-du-travail\\\/indemnite-de-depart\\\/\",\"provider\":{\"@id\":\"https:\\\/\\\/www.delucapartners.it\\\/fr\\\/#organization\"},\"areaServed\":{\"@type\":\"Country\",\"name\":\"Italie\"}}},{\"@type\":\"Offer\",\"itemOffered\":{\"@type\":\"Service\",\"@id\":\"https:\\\/\\\/www.delucapartners.it\\\/fr\\\/domaines-dactivites\\\/contentieux-du-droit-du-travail\\\/impots-et-les-sanctions\\\/#service\",\"name\":\"Imp\u00f4ts et les sanctions\",\"url\":\"https:\\\/\\\/www.delucapartners.it\\\/fr\\\/domaines-dactivites\\\/contentieux-du-droit-du-travail\\\/impots-et-les-sanctions\\\/\",\"provider\":{\"@id\":\"https:\\\/\\\/www.delucapartners.it\\\/fr\\\/#organization\"},\"areaServed\":{\"@type\":\"Country\",\"name\":\"Italie\"}}},{\"@type\":\"Offer\",\"itemOffered\":{\"@type\":\"Service\",\"@id\":\"https:\\\/\\\/www.delucapartners.it\\\/fr\\\/domaines-dactivites\\\/contentieux-du-droit-du-travail\\\/retribution-fixe-avantages\\\/#service\",\"name\":\"R\u00e9tribution fixe\\\/avantages\",\"url\":\"https:\\\/\\\/www.delucapartners.it\\\/fr\\\/domaines-dactivites\\\/contentieux-du-droit-du-travail\\\/retribution-fixe-avantages\\\/\",\"provider\":{\"@id\":\"https:\\\/\\\/www.delucapartners.it\\\/fr\\\/#organization\"},\"areaServed\":{\"@type\":\"Country\",\"name\":\"Italie\"}}},{\"@type\":\"Offer\",\"itemOffered\":{\"@type\":\"Service\",\"@id\":\"https:\\\/\\\/www.delucapartners.it\\\/fr\\\/domaines-dactivites\\\/contentieux-du-droit-du-travail\\\/administrateurs\\\/#service\",\"name\":\"Administrateurs\",\"url\":\"https:\\\/\\\/www.delucapartners.it\\\/fr\\\/domaines-dactivites\\\/contentieux-du-droit-du-travail\\\/administrateurs\\\/\",\"provider\":{\"@id\":\"https:\\\/\\\/www.delucapartners.it\\\/fr\\\/#organization\"},\"areaServed\":{\"@type\":\"Country\",\"name\":\"Italie\"}}},{\"@type\":\"Offer\",\"itemOffered\":{\"@type\":\"Service\",\"@id\":\"https:\\\/\\\/www.delucapartners.it\\\/fr\\\/domaines-dactivites\\\/contentieux-du-droit-du-travail\\\/maternite-et-conge-post-natal\\\/#service\",\"name\":\"Maternit\u00e9 et cong\u00e9 post-natal\",\"url\":\"https:\\\/\\\/www.delucapartners.it\\\/fr\\\/domaines-dactivites\\\/contentieux-du-droit-du-travail\\\/maternite-et-conge-post-natal\\\/\",\"provider\":{\"@id\":\"https:\\\/\\\/www.delucapartners.it\\\/fr\\\/#organization\"},\"areaServed\":{\"@type\":\"Country\",\"name\":\"Italie\"}}},{\"@type\":\"Offer\",\"itemOffered\":{\"@type\":\"Service\",\"@id\":\"https:\\\/\\\/www.delucapartners.it\\\/fr\\\/domaines-dactivites\\\/contentieux-du-droit-du-travail\\\/plans-doption-dachat-dactions\\\/#service\",\"name\":\"Plans d\u2019option d\u2019achat d\u2019actions\",\"url\":\"https:\\\/\\\/www.delucapartners.it\\\/fr\\\/domaines-dactivites\\\/contentieux-du-droit-du-travail\\\/plans-doption-dachat-dactions\\\/\",\"provider\":{\"@id\":\"https:\\\/\\\/www.delucapartners.it\\\/fr\\\/#organization\"},\"areaServed\":{\"@type\":\"Country\",\"name\":\"Italie\"}}},{\"@type\":\"Offer\",\"itemOffered\":{\"@type\":\"Service\",\"@id\":\"https:\\\/\\\/www.delucapartners.it\\\/fr\\\/domaines-dactivites\\\/contentieux-du-droit-du-travail\\\/licenciement-pour-juste-motif\\\/#service\",\"name\":\"Licenciement pour juste motif\",\"url\":\"https:\\\/\\\/www.delucapartners.it\\\/fr\\\/domaines-dactivites\\\/contentieux-du-droit-du-travail\\\/licenciement-pour-juste-motif\\\/\",\"provider\":{\"@id\":\"https:\\\/\\\/www.delucapartners.it\\\/fr\\\/#organization\"},\"areaServed\":{\"@type\":\"Country\",\"name\":\"Italie\"}}},{\"@type\":\"Offer\",\"itemOffered\":{\"@type\":\"Service\",\"@id\":\"https:\\\/\\\/www.delucapartners.it\\\/fr\\\/domaines-dactivites\\\/contentieux-du-droit-du-travail\\\/resiliation-pendant-la-periode-dessai\\\/#service\",\"name\":\"R\u00e9siliation pendant la p\u00e9riode d\u2019essai\",\"url\":\"https:\\\/\\\/www.delucapartners.it\\\/fr\\\/domaines-dactivites\\\/contentieux-du-droit-du-travail\\\/resiliation-pendant-la-periode-dessai\\\/\",\"provider\":{\"@id\":\"https:\\\/\\\/www.delucapartners.it\\\/fr\\\/#organization\"},\"areaServed\":{\"@type\":\"Country\",\"name\":\"Italie\"}}},{\"@type\":\"Offer\",\"itemOffered\":{\"@type\":\"Service\",\"@id\":\"https:\\\/\\\/www.delucapartners.it\\\/fr\\\/domaines-dactivites\\\/contentieux-du-droit-du-travail\\\/licenciement-multiple-individuel-reduction-de-personnel\\\/#service\",\"name\":\"Licenciement multiple individuel (r\u00e9duction de personnel)\u202f\",\"url\":\"https:\\\/\\\/www.delucapartners.it\\\/fr\\\/domaines-dactivites\\\/contentieux-du-droit-du-travail\\\/licenciement-multiple-individuel-reduction-de-personnel\\\/\",\"provider\":{\"@id\":\"https:\\\/\\\/www.delucapartners.it\\\/fr\\\/#organization\"},\"areaServed\":{\"@type\":\"Country\",\"name\":\"Italie\"}}},{\"@type\":\"Offer\",\"itemOffered\":{\"@type\":\"Service\",\"@id\":\"https:\\\/\\\/www.delucapartners.it\\\/fr\\\/domaines-dactivites\\\/contentieux-du-droit-du-travail\\\/violation-de-la-clause-de-non-concurrence\\\/#service\",\"name\":\"Violation de la clause de non-concurrence\",\"url\":\"https:\\\/\\\/www.delucapartners.it\\\/fr\\\/domaines-dactivites\\\/contentieux-du-droit-du-travail\\\/violation-de-la-clause-de-non-concurrence\\\/\",\"provider\":{\"@id\":\"https:\\\/\\\/www.delucapartners.it\\\/fr\\\/#organization\"},\"areaServed\":{\"@type\":\"Country\",\"name\":\"Italie\"}}},{\"@type\":\"Offer\",\"itemOffered\":{\"@type\":\"Service\",\"@id\":\"https:\\\/\\\/www.delucapartners.it\\\/fr\\\/domaines-dactivites\\\/contentieux-du-droit-du-travail\\\/licenciements-collectifs\\\/#service\",\"name\":\"Licenciements collectifs\",\"url\":\"https:\\\/\\\/www.delucapartners.it\\\/fr\\\/domaines-dactivites\\\/contentieux-du-droit-du-travail\\\/licenciements-collectifs\\\/\",\"provider\":{\"@id\":\"https:\\\/\\\/www.delucapartners.it\\\/fr\\\/#organization\"},\"areaServed\":{\"@type\":\"Country\",\"name\":\"Italie\"}}},{\"@type\":\"Offer\",\"itemOffered\":{\"@type\":\"Service\",\"@id\":\"https:\\\/\\\/www.delucapartners.it\\\/fr\\\/domaines-dactivites\\\/contentieux-du-droit-du-travail\\\/activite-anti-syndicale-conf-a-lart-28-du-statut-des-travailleurs\\\/#service\",\"name\":\"Activit\u00e9 anti-syndicale conf. \u00e0 l\u2019art. 28 du Statut des travailleurs\",\"url\":\"https:\\\/\\\/www.delucapartners.it\\\/fr\\\/domaines-dactivites\\\/contentieux-du-droit-du-travail\\\/activite-anti-syndicale-conf-a-lart-28-du-statut-des-travailleurs\\\/\",\"provider\":{\"@id\":\"https:\\\/\\\/www.delucapartners.it\\\/fr\\\/#organization\"},\"areaServed\":{\"@type\":\"Country\",\"name\":\"Italie\"}}},{\"@type\":\"Offer\",\"itemOffered\":{\"@type\":\"Service\",\"@id\":\"https:\\\/\\\/www.delucapartners.it\\\/fr\\\/domaines-dactivites\\\/contentieux-du-droit-du-travail\\\/demission-pour-juste-motif\\\/#service\",\"name\":\"D\u00e9mission pour juste motif\",\"url\":\"https:\\\/\\\/www.delucapartners.it\\\/fr\\\/domaines-dactivites\\\/contentieux-du-droit-du-travail\\\/demission-pour-juste-motif\\\/\",\"provider\":{\"@id\":\"https:\\\/\\\/www.delucapartners.it\\\/fr\\\/#organization\"},\"areaServed\":{\"@type\":\"Country\",\"name\":\"Italie\"}}},{\"@type\":\"Offer\",\"itemOffered\":{\"@type\":\"Service\",\"@id\":\"https:\\\/\\\/www.delucapartners.it\\\/fr\\\/domaines-dactivites\\\/contentieux-du-droit-du-travail\\\/contrat-de-travail-para-subordonne\\\/#service\",\"name\":\"Contrat de travail para-subordonn\u00e9\",\"url\":\"https:\\\/\\\/www.delucapartners.it\\\/fr\\\/domaines-dactivites\\\/contentieux-du-droit-du-travail\\\/contrat-de-travail-para-subordonne\\\/\",\"provider\":{\"@id\":\"https:\\\/\\\/www.delucapartners.it\\\/fr\\\/#organization\"},\"areaServed\":{\"@type\":\"Country\",\"name\":\"Italie\"}}},{\"@type\":\"Offer\",\"itemOffered\":{\"@type\":\"Service\",\"@id\":\"https:\\\/\\\/www.delucapartners.it\\\/fr\\\/domaines-dactivites\\\/contentieux-du-droit-du-travail\\\/licenciement-pour-depassement-de-la-periode-de-conges-maladie\\\/#service\",\"name\":\"Licenciement pour d\u00e9passement de la p\u00e9riode de cong\u00e9s maladie\",\"url\":\"https:\\\/\\\/www.delucapartners.it\\\/fr\\\/domaines-dactivites\\\/contentieux-du-droit-du-travail\\\/licenciement-pour-depassement-de-la-periode-de-conges-maladie\\\/\",\"provider\":{\"@id\":\"https:\\\/\\\/www.delucapartners.it\\\/fr\\\/#organization\"},\"areaServed\":{\"@type\":\"Country\",\"name\":\"Italie\"}}},{\"@type\":\"Offer\",\"itemOffered\":{\"@type\":\"Service\",\"@id\":\"https:\\\/\\\/www.delucapartners.it\\\/fr\\\/domaines-dactivites\\\/contentieux-du-droit-du-travail\\\/preavis-art-2118-du-code-civil-italien\\\/#service\",\"name\":\"Pr\u00e9avis (art. 2118 du Code civil italien)\",\"url\":\"https:\\\/\\\/www.delucapartners.it\\\/fr\\\/domaines-dactivites\\\/contentieux-du-droit-du-travail\\\/preavis-art-2118-du-code-civil-italien\\\/\",\"provider\":{\"@id\":\"https:\\\/\\\/www.delucapartners.it\\\/fr\\\/#organization\"},\"areaServed\":{\"@type\":\"Country\",\"name\":\"Italie\"}}},{\"@type\":\"Offer\",\"itemOffered\":{\"@type\":\"Service\",\"@id\":\"https:\\\/\\\/www.delucapartners.it\\\/fr\\\/domaines-dactivites\\\/contentieux-du-droit-du-travail\\\/conventions-collectives-de-ii-niveau\\\/#service\",\"name\":\"Conventions collectives de II\u00b0 niveau\",\"url\":\"https:\\\/\\\/www.delucapartners.it\\\/fr\\\/domaines-dactivites\\\/contentieux-du-droit-du-travail\\\/conventions-collectives-de-ii-niveau\\\/\",\"provider\":{\"@id\":\"https:\\\/\\\/www.delucapartners.it\\\/fr\\\/#organization\"},\"areaServed\":{\"@type\":\"Country\",\"name\":\"Italie\"}}},{\"@type\":\"Offer\",\"itemOffered\":{\"@type\":\"Service\",\"@id\":\"https:\\\/\\\/www.delucapartners.it\\\/fr\\\/domaines-dactivites\\\/contentieux-du-droit-du-travail\\\/accidents-du-travail\\\/#service\",\"name\":\"Accidents du travail\",\"url\":\"https:\\\/\\\/www.delucapartners.it\\\/fr\\\/domaines-dactivites\\\/contentieux-du-droit-du-travail\\\/accidents-du-travail\\\/\",\"provider\":{\"@id\":\"https:\\\/\\\/www.delucapartners.it\\\/fr\\\/#organization\"},\"areaServed\":{\"@type\":\"Country\",\"name\":\"Italie\"}}},{\"@type\":\"Offer\",\"itemOffered\":{\"@type\":\"Service\",\"@id\":\"https:\\\/\\\/www.delucapartners.it\\\/fr\\\/domaines-dactivites\\\/contentieux-du-droit-du-travail\\\/cessions-dentreprises-de-branches-dactivite\\\/#service\",\"name\":\"Cessions d\u2019entreprises\\\/de branches d\u2019activit\u00e9\",\"url\":\"https:\\\/\\\/www.delucapartners.it\\\/fr\\\/domaines-dactivites\\\/contentieux-du-droit-du-travail\\\/cessions-dentreprises-de-branches-dactivite\\\/\",\"provider\":{\"@id\":\"https:\\\/\\\/www.delucapartners.it\\\/fr\\\/#organization\"},\"areaServed\":{\"@type\":\"Country\",\"name\":\"Italie\"}}},{\"@type\":\"Offer\",\"itemOffered\":{\"@type\":\"Service\",\"@id\":\"https:\\\/\\\/www.delucapartners.it\\\/fr\\\/domaines-dactivites\\\/contrats-de-distribution\\\/#service\",\"name\":\"Contrats de distribution\",\"url\":\"https:\\\/\\\/www.delucapartners.it\\\/fr\\\/domaines-dactivites\\\/contrats-de-distribution\\\/\",\"provider\":{\"@id\":\"https:\\\/\\\/www.delucapartners.it\\\/fr\\\/#organization\"},\"areaServed\":{\"@type\":\"Country\",\"name\":\"Italie\"}}},{\"@type\":\"Offer\",\"itemOffered\":{\"@type\":\"Service\",\"@id\":\"https:\\\/\\\/www.delucapartners.it\\\/fr\\\/domaines-dactivites\\\/contrats-de-travail-independant-et-parasubordonnes\\\/#service\",\"name\":\"Contrats de travail ind\u00e9pendant et parasubordonn\u00e9s\",\"url\":\"https:\\\/\\\/www.delucapartners.it\\\/fr\\\/domaines-dactivites\\\/contrats-de-travail-independant-et-parasubordonnes\\\/\",\"provider\":{\"@id\":\"https:\\\/\\\/www.delucapartners.it\\\/fr\\\/#organization\"},\"areaServed\":{\"@type\":\"Country\",\"name\":\"Italie\"}}},{\"@type\":\"Offer\",\"itemOffered\":{\"@type\":\"Service\",\"@id\":\"https:\\\/\\\/www.delucapartners.it\\\/fr\\\/domaines-dactivites\\\/contrat-dagence\\\/#service\",\"name\":\"Contrat d&rsquo;agence\",\"url\":\"https:\\\/\\\/www.delucapartners.it\\\/fr\\\/domaines-dactivites\\\/contrat-dagence\\\/\",\"provider\":{\"@id\":\"https:\\\/\\\/www.delucapartners.it\\\/fr\\\/#organization\"},\"areaServed\":{\"@type\":\"Country\",\"name\":\"Italie\"}}},{\"@type\":\"Offer\",\"itemOffered\":{\"@type\":\"Service\",\"@id\":\"https:\\\/\\\/www.delucapartners.it\\\/fr\\\/domaines-dactivites\\\/droit-du-travail\\\/#service\",\"name\":\"Droit du travail\",\"url\":\"https:\\\/\\\/www.delucapartners.it\\\/fr\\\/domaines-dactivites\\\/droit-du-travail\\\/\",\"provider\":{\"@id\":\"https:\\\/\\\/www.delucapartners.it\\\/fr\\\/#organization\"},\"areaServed\":{\"@type\":\"Country\",\"name\":\"Italie\"}}},{\"@type\":\"Offer\",\"itemOffered\":{\"@type\":\"Service\",\"@id\":\"https:\\\/\\\/www.delucapartners.it\\\/fr\\\/aree-di-attivita\\\/droit-de-limmigration\\\/#service\",\"name\":\"Droit de l&rsquo;immigration\",\"url\":\"https:\\\/\\\/www.delucapartners.it\\\/fr\\\/aree-di-attivita\\\/droit-de-limmigration\\\/\",\"provider\":{\"@id\":\"https:\\\/\\\/www.delucapartners.it\\\/fr\\\/#organization\"},\"areaServed\":{\"@type\":\"Country\",\"name\":\"Italie\"}}},{\"@type\":\"Offer\",\"itemOffered\":{\"@type\":\"Service\",\"@id\":\"https:\\\/\\\/www.delucapartners.it\\\/fr\\\/domaines-dactivites\\\/droit-de-la-securite-sociale\\\/#service\",\"name\":\"Droit de la s\u00e9curit\u00e9 sociale\",\"url\":\"https:\\\/\\\/www.delucapartners.it\\\/fr\\\/domaines-dactivites\\\/droit-de-la-securite-sociale\\\/\",\"provider\":{\"@id\":\"https:\\\/\\\/www.delucapartners.it\\\/fr\\\/#organization\"},\"areaServed\":{\"@type\":\"Country\",\"name\":\"Italie\"}}},{\"@type\":\"Offer\",\"itemOffered\":{\"@type\":\"Service\",\"@id\":\"https:\\\/\\\/www.delucapartners.it\\\/fr\\\/domaines-dactivites\\\/droit-fiscal-du-travail\\\/#service\",\"name\":\"Droit fiscal du travail\",\"url\":\"https:\\\/\\\/www.delucapartners.it\\\/fr\\\/domaines-dactivites\\\/droit-fiscal-du-travail\\\/\",\"provider\":{\"@id\":\"https:\\\/\\\/www.delucapartners.it\\\/fr\\\/#organization\"},\"areaServed\":{\"@type\":\"Country\",\"name\":\"Italie\"}}},{\"@type\":\"Offer\",\"itemOffered\":{\"@type\":\"Service\",\"@id\":\"https:\\\/\\\/www.delucapartners.it\\\/fr\\\/domaines-dactivites\\\/esg-pour-les-entreprises\\\/#service\",\"name\":\"ESG pour les entreprises\",\"url\":\"https:\\\/\\\/www.delucapartners.it\\\/fr\\\/domaines-dactivites\\\/esg-pour-les-entreprises\\\/\",\"provider\":{\"@id\":\"https:\\\/\\\/www.delucapartners.it\\\/fr\\\/#organization\"},\"areaServed\":{\"@type\":\"Country\",\"name\":\"Italie\"}}},{\"@type\":\"Offer\",\"itemOffered\":{\"@type\":\"Service\",\"@id\":\"https:\\\/\\\/www.delucapartners.it\\\/fr\\\/domaines-dactivites\\\/hro-hr-outsourcing\\\/#service\",\"name\":\"HRO &#8211; HR Outsourcing\",\"url\":\"https:\\\/\\\/www.delucapartners.it\\\/fr\\\/domaines-dactivites\\\/hro-hr-outsourcing\\\/\",\"provider\":{\"@id\":\"https:\\\/\\\/www.delucapartners.it\\\/fr\\\/#organization\"},\"areaServed\":{\"@type\":\"Country\",\"name\":\"Italie\"}}},{\"@type\":\"Offer\",\"itemOffered\":{\"@type\":\"Service\",\"@id\":\"https:\\\/\\\/www.delucapartners.it\\\/fr\\\/domaines-dactivites\\\/fusions-et-acquisitions-operations-extraordinaires-pour-les-rh\\\/#service\",\"name\":\"Fusions et acquisitions\\\/ Op\u00e9rations extraordinaires pour les RH\",\"url\":\"https:\\\/\\\/www.delucapartners.it\\\/fr\\\/domaines-dactivites\\\/fusions-et-acquisitions-operations-extraordinaires-pour-les-rh\\\/\",\"provider\":{\"@id\":\"https:\\\/\\\/www.delucapartners.it\\\/fr\\\/#organization\"},\"areaServed\":{\"@type\":\"Country\",\"name\":\"Italie\"}}},{\"@type\":\"Offer\",\"itemOffered\":{\"@type\":\"Service\",\"@id\":\"https:\\\/\\\/www.delucapartners.it\\\/fr\\\/domaines-dactivites\\\/relations-industrielles-reorganisations-et-restructurations\\\/#service\",\"name\":\"Relations industrielles, r\u00e9organisations et restructurations\",\"url\":\"https:\\\/\\\/www.delucapartners.it\\\/fr\\\/domaines-dactivites\\\/relations-industrielles-reorganisations-et-restructurations\\\/\",\"provider\":{\"@id\":\"https:\\\/\\\/www.delucapartners.it\\\/fr\\\/#organization\"},\"areaServed\":{\"@type\":\"Country\",\"name\":\"Italie\"}}},{\"@type\":\"Offer\",\"itemOffered\":{\"@type\":\"Service\",\"@id\":\"https:\\\/\\\/www.delucapartners.it\\\/fr\\\/domaines-dactivites\\\/la-sante-et-la-securite-au-travail\\\/#service\",\"name\":\"La sant\u00e9 et la s\u00e9curit\u00e9 au travail\",\"url\":\"https:\\\/\\\/www.delucapartners.it\\\/fr\\\/domaines-dactivites\\\/la-sante-et-la-securite-au-travail\\\/\",\"provider\":{\"@id\":\"https:\\\/\\\/www.delucapartners.it\\\/fr\\\/#organization\"},\"areaServed\":{\"@type\":\"Country\",\"name\":\"Italie\"}}},{\"@type\":\"Offer\",\"itemOffered\":{\"@type\":\"Service\",\"@id\":\"https:\\\/\\\/www.delucapartners.it\\\/fr\\\/domaines-dactivites\\\/haute-direction\\\/#service\",\"name\":\"Haute direction\",\"url\":\"https:\\\/\\\/www.delucapartners.it\\\/fr\\\/domaines-dactivites\\\/haute-direction\\\/\",\"provider\":{\"@id\":\"https:\\\/\\\/www.delucapartners.it\\\/fr\\\/#organization\"},\"areaServed\":{\"@type\":\"Country\",\"name\":\"Italie\"}}},{\"@type\":\"Offer\",\"itemOffered\":{\"@type\":\"Service\",\"@id\":\"https:\\\/\\\/www.delucapartners.it\\\/fr\\\/domaines-dactivites\\\/bien-etre-en-entreprise\\\/#service\",\"name\":\"Bien-\u00eatre en entreprise\",\"url\":\"https:\\\/\\\/www.delucapartners.it\\\/fr\\\/domaines-dactivites\\\/bien-etre-en-entreprise\\\/\",\"provider\":{\"@id\":\"https:\\\/\\\/www.delucapartners.it\\\/fr\\\/#organization\"},\"areaServed\":{\"@type\":\"Country\",\"name\":\"Italie\"}}},{\"@type\":\"Offer\",\"itemOffered\":{\"@type\":\"Service\",\"@id\":\"https:\\\/\\\/www.delucapartners.it\\\/fr\\\/domaines-dactivites\\\/lancement-dalertes\\\/#service\",\"name\":\"Lancement d\u2019alertes\",\"url\":\"https:\\\/\\\/www.delucapartners.it\\\/fr\\\/domaines-dactivites\\\/lancement-dalertes\\\/\",\"provider\":{\"@id\":\"https:\\\/\\\/www.delucapartners.it\\\/fr\\\/#organization\"},\"areaServed\":{\"@type\":\"Country\",\"name\":\"Italie\"}}}]}},{\"@type\":\"Person\",\"@id\":\"https:\\\/\\\/www.delucapartners.it\\\/fr\\\/#\\\/schema\\\/person\\\/00d0832a12e3889dce887a31e29d65f8\",\"name\":\"Melismelis\",\"image\":{\"@type\":\"ImageObject\",\"inLanguage\":\"fr-FR\",\"@id\":\"https:\\\/\\\/secure.gravatar.com\\\/avatar\\\/abc81b0c708aea145c773c368ae5bc3f1f3fd0d40a61429cb96d09523d41ab66?s=96&d=mm&r=g\",\"url\":\"https:\\\/\\\/secure.gravatar.com\\\/avatar\\\/abc81b0c708aea145c773c368ae5bc3f1f3fd0d40a61429cb96d09523d41ab66?s=96&d=mm&r=g\",\"contentUrl\":\"https:\\\/\\\/secure.gravatar.com\\\/avatar\\\/abc81b0c708aea145c773c368ae5bc3f1f3fd0d40a61429cb96d09523d41ab66?s=96&d=mm&r=g\",\"caption\":\"Melismelis\"},\"sameAs\":[\"https:\\\/\\\/www.delucapartners.it\"]}]}<\/script>\n<!-- \/ Yoast SEO plugin. -->","yoast_head_json":{"title":"Les entreprises et les coronavirus - Mise \u00e0 jour - De Luca &amp; Partners","robots":{"index":"index","follow":"follow","max-snippet":"max-snippet:-1","max-image-preview":"max-image-preview:large","max-video-preview":"max-video-preview:-1"},"canonical":"https:\/\/www.delucapartners.it\/fr\/wp-json\/wp\/v2\/posts\/27999\/","og_locale":"fr_FR","og_type":"article","og_title":"Les entreprises et les coronavirus - Mise \u00e0 jour - De Luca &amp; Partners","og_description":"L&rsquo;alarme g\u00e9n\u00e9r\u00e9e par l&rsquo;augmentation rapide du nombre de cas de coronavirus ces derniers jours, en particulier en Lombardie, a conduit le gouvernement \u00e0 mettre en \u0153uvre des mesures extraordinaires afin de limiter les risques de propagation des foyers par le biais du d\u00e9cret-loi n\u00b0. 6 du 23 f\u00e9vrier 2020 et les d\u00e9crets d&rsquo;application correspondants. Dans [&hellip;]","og_url":"https:\/\/www.delucapartners.it\/fr\/insights\/les-entreprises-et-les-coronavirus-mise-a-jour\/","og_site_name":"De Luca &amp; Partners","article_published_time":"2020-02-27T09:58:10+00:00","article_modified_time":"2026-02-16T15:32:03+00:00","og_image":[{"width":668,"height":283,"url":"https:\/\/www.delucapartners.it\/wp-content\/uploads\/2026\/02\/Cattura-4.jpg","type":"image\/jpeg"}],"author":"Melismelis","twitter_card":"summary_large_image","twitter_misc":{"\u00c9crit par":"Melismelis","Dur\u00e9e de lecture estim\u00e9e":"4 minutes"},"schema":{"@context":"https:\/\/schema.org","@graph":[{"@type":"Article","@id":"https:\/\/www.delucapartners.it\/fr\/insights\/les-entreprises-et-les-coronavirus-mise-a-jour\/#article","isPartOf":{"@id":"https:\/\/www.delucapartners.it\/fr\/insights\/les-entreprises-et-les-coronavirus-mise-a-jour\/"},"author":{"name":"Melismelis","@id":"https:\/\/www.delucapartners.it\/fr\/#\/schema\/person\/00d0832a12e3889dce887a31e29d65f8"},"headline":"Les entreprises et les coronavirus &#8211; Mise \u00e0 jour","datePublished":"2020-02-27T09:58:10+00:00","dateModified":"2026-02-16T15:32:03+00:00","mainEntityOfPage":{"@id":"https:\/\/www.delucapartners.it\/fr\/insights\/les-entreprises-et-les-coronavirus-mise-a-jour\/"},"wordCount":910,"publisher":{"@id":"https:\/\/www.delucapartners.it\/fr\/#organization"},"image":{"@id":"https:\/\/www.delucapartners.it\/fr\/insights\/les-entreprises-et-les-coronavirus-mise-a-jour\/#primaryimage"},"thumbnailUrl":"https:\/\/www.delucapartners.it\/wp-content\/uploads\/2026\/02\/Cattura-4.jpg","keywords":["Coronavirus"],"articleSection":["Insights"],"inLanguage":"fr-FR"},{"@type":"WebPage","@id":"https:\/\/www.delucapartners.it\/fr\/insights\/les-entreprises-et-les-coronavirus-mise-a-jour\/","url":"https:\/\/www.delucapartners.it\/fr\/insights\/les-entreprises-et-les-coronavirus-mise-a-jour\/","name":"Les entreprises et les coronavirus - Mise \u00e0 jour - De Luca &amp; Partners","isPartOf":{"@id":"https:\/\/www.delucapartners.it\/fr\/#website"},"primaryImageOfPage":{"@id":"https:\/\/www.delucapartners.it\/fr\/insights\/les-entreprises-et-les-coronavirus-mise-a-jour\/#primaryimage"},"image":{"@id":"https:\/\/www.delucapartners.it\/fr\/insights\/les-entreprises-et-les-coronavirus-mise-a-jour\/#primaryimage"},"thumbnailUrl":"https:\/\/www.delucapartners.it\/wp-content\/uploads\/2026\/02\/Cattura-4.jpg","datePublished":"2020-02-27T09:58:10+00:00","dateModified":"2026-02-16T15:32:03+00:00","breadcrumb":{"@id":"https:\/\/www.delucapartners.it\/fr\/insights\/les-entreprises-et-les-coronavirus-mise-a-jour\/#breadcrumb"},"inLanguage":"fr-FR","potentialAction":[{"@type":"ReadAction","target":["https:\/\/www.delucapartners.it\/fr\/insights\/les-entreprises-et-les-coronavirus-mise-a-jour\/"]}]},{"@type":"ImageObject","inLanguage":"fr-FR","@id":"https:\/\/www.delucapartners.it\/fr\/insights\/les-entreprises-et-les-coronavirus-mise-a-jour\/#primaryimage","url":"https:\/\/www.delucapartners.it\/wp-content\/uploads\/2026\/02\/Cattura-4.jpg","contentUrl":"https:\/\/www.delucapartners.it\/wp-content\/uploads\/2026\/02\/Cattura-4.jpg","width":668,"height":283},{"@type":"BreadcrumbList","@id":"https:\/\/www.delucapartners.it\/fr\/insights\/les-entreprises-et-les-coronavirus-mise-a-jour\/#breadcrumb","itemListElement":[{"@type":"ListItem","position":1,"name":"Home","item":"https:\/\/www.delucapartners.it\/fr\/"},{"@type":"ListItem","position":2,"name":"Les entreprises et les coronavirus &#8211; Mise \u00e0 jour"}]},{"@type":"WebSite","@id":"https:\/\/www.delucapartners.it\/fr\/#website","url":"https:\/\/www.delucapartners.it\/fr\/","name":"De Luca & Partners","description":"","publisher":{"@id":"https:\/\/www.delucapartners.it\/fr\/#organization"},"potentialAction":[{"@type":"SearchAction","target":{"@type":"EntryPoint","urlTemplate":"https:\/\/www.delucapartners.it\/fr\/?s={search_term_string}"},"query-input":{"@type":"PropertyValueSpecification","valueRequired":true,"valueName":"search_term_string"}}],"inLanguage":"fr-FR"},{"@type":"LegalService","@id":"https:\/\/www.delucapartners.it\/fr\/#organization","name":"De Luca & Partners","alternateName":"Studio Legale De Luca & Partners","url":"https:\/\/www.delucapartners.it\/","logo":{"@type":"ImageObject","@id":"https:\/\/www.delucapartners.it\/fr\/#logo","url":"https:\/\/www.delucapartners.it\/wp-content\/uploads\/2026\/02\/cropped-icon-192x192-1.png","contentUrl":"https:\/\/www.delucapartners.it\/wp-content\/uploads\/2026\/02\/cropped-icon-192x192-1.png","width":512,"height":512,"caption":"De Luca & Partners"},"image":{"@id":"https:\/\/www.delucapartners.it\/fr\/#logo"},"description":"De Luca & Partners est un cabinet d\u2019avocats ind\u00e9pendant fond\u00e9 en 1976, sp\u00e9cialis\u00e9 en droit du travail et en protection des donn\u00e9es, qui conseille et assiste des entreprises italiennes et multinationales.","foundingDate":"1976","founder":{"@type":"Person","@id":"https:\/\/www.delucapartners.it\/#person-vincenzo-de-luca","name":"Vincenzo De Luca","url":"https:\/\/www.delucapartners.it\/fr\/professionnels\/vincenzo-de-luca\/"},"address":{"@type":"PostalAddress","streetAddress":"Largo A. Toscanini, 1","postalCode":"20122","addressLocality":"Milano","addressRegion":"Lombardia","addressCountry":"IT"},"telephone":"+39023655651","email":"info@delucapartners.it","vatID":"IT12621700157","areaServed":{"@type":"Country","name":"Italie"},"contactPoint":{"@type":"ContactPoint","contactType":"informations g\u00e9n\u00e9rales","telephone":"+39023655651","email":"info@delucapartners.it","availableLanguage":["it","en","fr"],"areaServed":"IT"},"sameAs":["https:\/\/www.linkedin.com\/company\/deluca%26partners\/","https:\/\/www.youtube.com\/channel\/UCpT03V-ndoLilQhQR1l-kwA"],"hasOfferCatalog":{"@type":"OfferCatalog","@id":"https:\/\/www.delucapartners.it\/fr\/#offer-catalog-fr","name":"Domaines d\u2019activit\u00e9s","itemListElement":[{"@type":"Offer","itemOffered":{"@type":"Service","@id":"https:\/\/www.delucapartners.it\/fr\/domaines-dactivites\/conformite-a-la-reglementation-sur-la-protection-des-donnees-rgpd\/#service","name":"Conformit\u00e9 \u00e0 la r\u00e9glementation sur la protection des donn\u00e9es (RGPD)","url":"https:\/\/www.delucapartners.it\/fr\/domaines-dactivites\/conformite-a-la-reglementation-sur-la-protection-des-donnees-rgpd\/","provider":{"@id":"https:\/\/www.delucapartners.it\/fr\/#organization"},"areaServed":{"@type":"Country","name":"Italie"}}},{"@type":"Offer","itemOffered":{"@type":"Service","@id":"https:\/\/www.delucapartners.it\/fr\/domaines-dactivites\/prestations-en-cas-de-licenciement-economique-cigs-cigo-solidarite\/#service","name":"Prestations en cas de licenciement \u00e9conomique (CIGS-CIGO-Solidarit\u00e9)","url":"https:\/\/www.delucapartners.it\/fr\/domaines-dactivites\/prestations-en-cas-de-licenciement-economique-cigs-cigo-solidarite\/","provider":{"@id":"https:\/\/www.delucapartners.it\/fr\/#organization"},"areaServed":{"@type":"Country","name":"Italie"}}},{"@type":"Offer","itemOffered":{"@type":"Service","@id":"https:\/\/www.delucapartners.it\/fr\/domaines-dactivites\/conformite-responsabilite-administrative-des-personnes-morales-decret-legislatif-italien-n-231-01\/#service","name":"Conformit\u00e9 &#8211; responsabilit\u00e9 administrative des personnes morales","url":"https:\/\/www.delucapartners.it\/fr\/domaines-dactivites\/conformite-responsabilite-administrative-des-personnes-morales-decret-legislatif-italien-n-231-01\/","provider":{"@id":"https:\/\/www.delucapartners.it\/fr\/#organization"},"areaServed":{"@type":"Country","name":"Italie"}}},{"@type":"Offer","itemOffered":{"@type":"Service","@id":"https:\/\/www.delucapartners.it\/fr\/domaines-dactivites\/contentieux-du-droit-du-travail\/#service","name":"Contentieux du droit du travail","url":"https:\/\/www.delucapartners.it\/fr\/domaines-dactivites\/contentieux-du-droit-du-travail\/","provider":{"@id":"https:\/\/www.delucapartners.it\/fr\/#organization"},"areaServed":{"@type":"Country","name":"Italie"}}},{"@type":"Offer","itemOffered":{"@type":"Service","@id":"https:\/\/www.delucapartners.it\/fr\/domaines-dactivites\/contentieux-du-droit-du-travail\/licenciement-economique\/#service","name":"Licenciement \u00e9conomique","url":"https:\/\/www.delucapartners.it\/fr\/domaines-dactivites\/contentieux-du-droit-du-travail\/licenciement-economique\/","provider":{"@id":"https:\/\/www.delucapartners.it\/fr\/#organization"},"areaServed":{"@type":"Country","name":"Italie"}}},{"@type":"Offer","itemOffered":{"@type":"Service","@id":"https:\/\/www.delucapartners.it\/fr\/domaines-dactivites\/contentieux-du-droit-du-travail\/requalification-legitimite-de-la-relation-de-travail-dindependant-ou-para-subordonne-a-subordonne\/#service","name":"Requalification\/legitimite de la relation de travail (d\u2019independant ou para-subordonne a subordonne)","url":"https:\/\/www.delucapartners.it\/fr\/domaines-dactivites\/contentieux-du-droit-du-travail\/requalification-legitimite-de-la-relation-de-travail-dindependant-ou-para-subordonne-a-subordonne\/","provider":{"@id":"https:\/\/www.delucapartners.it\/fr\/#organization"},"areaServed":{"@type":"Country","name":"Italie"}}},{"@type":"Offer","itemOffered":{"@type":"Service","@id":"https:\/\/www.delucapartners.it\/fr\/domaines-dactivites\/contentieux-du-droit-du-travail\/contrat-dagence-differences-sur-les-commissions-indemnite-de-cessation-conf-a-lart-1751-violation-de-lobligation-de-non-concurrence\/#service","name":"Contrat d\u2019agence (differences sur les commissions ; indemnite de cessation conf. a l\u2019art. 1751 ; violation de l\u2019obligation de non concurrence)","url":"https:\/\/www.delucapartners.it\/fr\/domaines-dactivites\/contentieux-du-droit-du-travail\/contrat-dagence-differences-sur-les-commissions-indemnite-de-cessation-conf-a-lart-1751-violation-de-lobligation-de-non-concurrence\/","provider":{"@id":"https:\/\/www.delucapartners.it\/fr\/#organization"},"areaServed":{"@type":"Country","name":"Italie"}}},{"@type":"Offer","itemOffered":{"@type":"Service","@id":"https:\/\/www.delucapartners.it\/fr\/domaines-dactivites\/contentieux-du-droit-du-travail\/mobbing\/#service","name":"Mobbing","url":"https:\/\/www.delucapartners.it\/fr\/domaines-dactivites\/contentieux-du-droit-du-travail\/mobbing\/","provider":{"@id":"https:\/\/www.delucapartners.it\/fr\/#organization"},"areaServed":{"@type":"Country","name":"Italie"}}},{"@type":"Offer","itemOffered":{"@type":"Service","@id":"https:\/\/www.delucapartners.it\/fr\/domaines-dactivites\/contentieux-du-droit-du-travail\/fourniture-de-main-doeuvre-sous-traitance\/#service","name":"Fourniture de main d\u2019\u0153uvre \/ Sous-traitance","url":"https:\/\/www.delucapartners.it\/fr\/domaines-dactivites\/contentieux-du-droit-du-travail\/fourniture-de-main-doeuvre-sous-traitance\/","provider":{"@id":"https:\/\/www.delucapartners.it\/fr\/#organization"},"areaServed":{"@type":"Country","name":"Italie"}}},{"@type":"Offer","itemOffered":{"@type":"Service","@id":"https:\/\/www.delucapartners.it\/fr\/domaines-dactivites\/contentieux-du-droit-du-travail\/cotisations-et-les-sanctions\/#service","name":"Cotisations et les sanctions","url":"https:\/\/www.delucapartners.it\/fr\/domaines-dactivites\/contentieux-du-droit-du-travail\/cotisations-et-les-sanctions\/","provider":{"@id":"https:\/\/www.delucapartners.it\/fr\/#organization"},"areaServed":{"@type":"Country","name":"Italie"}}},{"@type":"Offer","itemOffered":{"@type":"Service","@id":"https:\/\/www.delucapartners.it\/fr\/domaines-dactivites\/contentieux-du-droit-du-travail\/contrats-de-travail-a-duree-determinee\/#service","name":"Contrats de travail \u00e0 dur\u00e9e d\u00e9termin\u00e9e","url":"https:\/\/www.delucapartners.it\/fr\/domaines-dactivites\/contentieux-du-droit-du-travail\/contrats-de-travail-a-duree-determinee\/","provider":{"@id":"https:\/\/www.delucapartners.it\/fr\/#organization"},"areaServed":{"@type":"Country","name":"Italie"}}},{"@type":"Offer","itemOffered":{"@type":"Service","@id":"https:\/\/www.delucapartners.it\/fr\/domaines-dactivites\/contentieux-du-droit-du-travail\/fonctions-retrogradation\/#service","name":"Fonctions\/r\u00e9trogradation","url":"https:\/\/www.delucapartners.it\/fr\/domaines-dactivites\/contentieux-du-droit-du-travail\/fonctions-retrogradation\/","provider":{"@id":"https:\/\/www.delucapartners.it\/fr\/#organization"},"areaServed":{"@type":"Country","name":"Italie"}}},{"@type":"Offer","itemOffered":{"@type":"Service","@id":"https:\/\/www.delucapartners.it\/fr\/domaines-dactivites\/contentieux-du-droit-du-travail\/transfert-individuels-ou-collectifs\/#service","name":"Transfert individuels ou collectifs","url":"https:\/\/www.delucapartners.it\/fr\/domaines-dactivites\/contentieux-du-droit-du-travail\/transfert-individuels-ou-collectifs\/","provider":{"@id":"https:\/\/www.delucapartners.it\/fr\/#organization"},"areaServed":{"@type":"Country","name":"Italie"}}},{"@type":"Offer","itemOffered":{"@type":"Service","@id":"https:\/\/www.delucapartners.it\/fr\/domaines-dactivites\/contentieux-du-droit-du-travail\/indemnite-de-depart\/#service","name":"Indemnit\u00e9 de d\u00e9part","url":"https:\/\/www.delucapartners.it\/fr\/domaines-dactivites\/contentieux-du-droit-du-travail\/indemnite-de-depart\/","provider":{"@id":"https:\/\/www.delucapartners.it\/fr\/#organization"},"areaServed":{"@type":"Country","name":"Italie"}}},{"@type":"Offer","itemOffered":{"@type":"Service","@id":"https:\/\/www.delucapartners.it\/fr\/domaines-dactivites\/contentieux-du-droit-du-travail\/impots-et-les-sanctions\/#service","name":"Imp\u00f4ts et les sanctions","url":"https:\/\/www.delucapartners.it\/fr\/domaines-dactivites\/contentieux-du-droit-du-travail\/impots-et-les-sanctions\/","provider":{"@id":"https:\/\/www.delucapartners.it\/fr\/#organization"},"areaServed":{"@type":"Country","name":"Italie"}}},{"@type":"Offer","itemOffered":{"@type":"Service","@id":"https:\/\/www.delucapartners.it\/fr\/domaines-dactivites\/contentieux-du-droit-du-travail\/retribution-fixe-avantages\/#service","name":"R\u00e9tribution fixe\/avantages","url":"https:\/\/www.delucapartners.it\/fr\/domaines-dactivites\/contentieux-du-droit-du-travail\/retribution-fixe-avantages\/","provider":{"@id":"https:\/\/www.delucapartners.it\/fr\/#organization"},"areaServed":{"@type":"Country","name":"Italie"}}},{"@type":"Offer","itemOffered":{"@type":"Service","@id":"https:\/\/www.delucapartners.it\/fr\/domaines-dactivites\/contentieux-du-droit-du-travail\/administrateurs\/#service","name":"Administrateurs","url":"https:\/\/www.delucapartners.it\/fr\/domaines-dactivites\/contentieux-du-droit-du-travail\/administrateurs\/","provider":{"@id":"https:\/\/www.delucapartners.it\/fr\/#organization"},"areaServed":{"@type":"Country","name":"Italie"}}},{"@type":"Offer","itemOffered":{"@type":"Service","@id":"https:\/\/www.delucapartners.it\/fr\/domaines-dactivites\/contentieux-du-droit-du-travail\/maternite-et-conge-post-natal\/#service","name":"Maternit\u00e9 et cong\u00e9 post-natal","url":"https:\/\/www.delucapartners.it\/fr\/domaines-dactivites\/contentieux-du-droit-du-travail\/maternite-et-conge-post-natal\/","provider":{"@id":"https:\/\/www.delucapartners.it\/fr\/#organization"},"areaServed":{"@type":"Country","name":"Italie"}}},{"@type":"Offer","itemOffered":{"@type":"Service","@id":"https:\/\/www.delucapartners.it\/fr\/domaines-dactivites\/contentieux-du-droit-du-travail\/plans-doption-dachat-dactions\/#service","name":"Plans d\u2019option d\u2019achat d\u2019actions","url":"https:\/\/www.delucapartners.it\/fr\/domaines-dactivites\/contentieux-du-droit-du-travail\/plans-doption-dachat-dactions\/","provider":{"@id":"https:\/\/www.delucapartners.it\/fr\/#organization"},"areaServed":{"@type":"Country","name":"Italie"}}},{"@type":"Offer","itemOffered":{"@type":"Service","@id":"https:\/\/www.delucapartners.it\/fr\/domaines-dactivites\/contentieux-du-droit-du-travail\/licenciement-pour-juste-motif\/#service","name":"Licenciement pour juste motif","url":"https:\/\/www.delucapartners.it\/fr\/domaines-dactivites\/contentieux-du-droit-du-travail\/licenciement-pour-juste-motif\/","provider":{"@id":"https:\/\/www.delucapartners.it\/fr\/#organization"},"areaServed":{"@type":"Country","name":"Italie"}}},{"@type":"Offer","itemOffered":{"@type":"Service","@id":"https:\/\/www.delucapartners.it\/fr\/domaines-dactivites\/contentieux-du-droit-du-travail\/resiliation-pendant-la-periode-dessai\/#service","name":"R\u00e9siliation pendant la p\u00e9riode d\u2019essai","url":"https:\/\/www.delucapartners.it\/fr\/domaines-dactivites\/contentieux-du-droit-du-travail\/resiliation-pendant-la-periode-dessai\/","provider":{"@id":"https:\/\/www.delucapartners.it\/fr\/#organization"},"areaServed":{"@type":"Country","name":"Italie"}}},{"@type":"Offer","itemOffered":{"@type":"Service","@id":"https:\/\/www.delucapartners.it\/fr\/domaines-dactivites\/contentieux-du-droit-du-travail\/licenciement-multiple-individuel-reduction-de-personnel\/#service","name":"Licenciement multiple individuel (r\u00e9duction de personnel)\u202f","url":"https:\/\/www.delucapartners.it\/fr\/domaines-dactivites\/contentieux-du-droit-du-travail\/licenciement-multiple-individuel-reduction-de-personnel\/","provider":{"@id":"https:\/\/www.delucapartners.it\/fr\/#organization"},"areaServed":{"@type":"Country","name":"Italie"}}},{"@type":"Offer","itemOffered":{"@type":"Service","@id":"https:\/\/www.delucapartners.it\/fr\/domaines-dactivites\/contentieux-du-droit-du-travail\/violation-de-la-clause-de-non-concurrence\/#service","name":"Violation de la clause de non-concurrence","url":"https:\/\/www.delucapartners.it\/fr\/domaines-dactivites\/contentieux-du-droit-du-travail\/violation-de-la-clause-de-non-concurrence\/","provider":{"@id":"https:\/\/www.delucapartners.it\/fr\/#organization"},"areaServed":{"@type":"Country","name":"Italie"}}},{"@type":"Offer","itemOffered":{"@type":"Service","@id":"https:\/\/www.delucapartners.it\/fr\/domaines-dactivites\/contentieux-du-droit-du-travail\/licenciements-collectifs\/#service","name":"Licenciements collectifs","url":"https:\/\/www.delucapartners.it\/fr\/domaines-dactivites\/contentieux-du-droit-du-travail\/licenciements-collectifs\/","provider":{"@id":"https:\/\/www.delucapartners.it\/fr\/#organization"},"areaServed":{"@type":"Country","name":"Italie"}}},{"@type":"Offer","itemOffered":{"@type":"Service","@id":"https:\/\/www.delucapartners.it\/fr\/domaines-dactivites\/contentieux-du-droit-du-travail\/activite-anti-syndicale-conf-a-lart-28-du-statut-des-travailleurs\/#service","name":"Activit\u00e9 anti-syndicale conf. \u00e0 l\u2019art. 28 du Statut des travailleurs","url":"https:\/\/www.delucapartners.it\/fr\/domaines-dactivites\/contentieux-du-droit-du-travail\/activite-anti-syndicale-conf-a-lart-28-du-statut-des-travailleurs\/","provider":{"@id":"https:\/\/www.delucapartners.it\/fr\/#organization"},"areaServed":{"@type":"Country","name":"Italie"}}},{"@type":"Offer","itemOffered":{"@type":"Service","@id":"https:\/\/www.delucapartners.it\/fr\/domaines-dactivites\/contentieux-du-droit-du-travail\/demission-pour-juste-motif\/#service","name":"D\u00e9mission pour juste motif","url":"https:\/\/www.delucapartners.it\/fr\/domaines-dactivites\/contentieux-du-droit-du-travail\/demission-pour-juste-motif\/","provider":{"@id":"https:\/\/www.delucapartners.it\/fr\/#organization"},"areaServed":{"@type":"Country","name":"Italie"}}},{"@type":"Offer","itemOffered":{"@type":"Service","@id":"https:\/\/www.delucapartners.it\/fr\/domaines-dactivites\/contentieux-du-droit-du-travail\/contrat-de-travail-para-subordonne\/#service","name":"Contrat de travail para-subordonn\u00e9","url":"https:\/\/www.delucapartners.it\/fr\/domaines-dactivites\/contentieux-du-droit-du-travail\/contrat-de-travail-para-subordonne\/","provider":{"@id":"https:\/\/www.delucapartners.it\/fr\/#organization"},"areaServed":{"@type":"Country","name":"Italie"}}},{"@type":"Offer","itemOffered":{"@type":"Service","@id":"https:\/\/www.delucapartners.it\/fr\/domaines-dactivites\/contentieux-du-droit-du-travail\/licenciement-pour-depassement-de-la-periode-de-conges-maladie\/#service","name":"Licenciement pour d\u00e9passement de la p\u00e9riode de cong\u00e9s maladie","url":"https:\/\/www.delucapartners.it\/fr\/domaines-dactivites\/contentieux-du-droit-du-travail\/licenciement-pour-depassement-de-la-periode-de-conges-maladie\/","provider":{"@id":"https:\/\/www.delucapartners.it\/fr\/#organization"},"areaServed":{"@type":"Country","name":"Italie"}}},{"@type":"Offer","itemOffered":{"@type":"Service","@id":"https:\/\/www.delucapartners.it\/fr\/domaines-dactivites\/contentieux-du-droit-du-travail\/preavis-art-2118-du-code-civil-italien\/#service","name":"Pr\u00e9avis (art. 2118 du Code civil italien)","url":"https:\/\/www.delucapartners.it\/fr\/domaines-dactivites\/contentieux-du-droit-du-travail\/preavis-art-2118-du-code-civil-italien\/","provider":{"@id":"https:\/\/www.delucapartners.it\/fr\/#organization"},"areaServed":{"@type":"Country","name":"Italie"}}},{"@type":"Offer","itemOffered":{"@type":"Service","@id":"https:\/\/www.delucapartners.it\/fr\/domaines-dactivites\/contentieux-du-droit-du-travail\/conventions-collectives-de-ii-niveau\/#service","name":"Conventions collectives de II\u00b0 niveau","url":"https:\/\/www.delucapartners.it\/fr\/domaines-dactivites\/contentieux-du-droit-du-travail\/conventions-collectives-de-ii-niveau\/","provider":{"@id":"https:\/\/www.delucapartners.it\/fr\/#organization"},"areaServed":{"@type":"Country","name":"Italie"}}},{"@type":"Offer","itemOffered":{"@type":"Service","@id":"https:\/\/www.delucapartners.it\/fr\/domaines-dactivites\/contentieux-du-droit-du-travail\/accidents-du-travail\/#service","name":"Accidents du travail","url":"https:\/\/www.delucapartners.it\/fr\/domaines-dactivites\/contentieux-du-droit-du-travail\/accidents-du-travail\/","provider":{"@id":"https:\/\/www.delucapartners.it\/fr\/#organization"},"areaServed":{"@type":"Country","name":"Italie"}}},{"@type":"Offer","itemOffered":{"@type":"Service","@id":"https:\/\/www.delucapartners.it\/fr\/domaines-dactivites\/contentieux-du-droit-du-travail\/cessions-dentreprises-de-branches-dactivite\/#service","name":"Cessions d\u2019entreprises\/de branches d\u2019activit\u00e9","url":"https:\/\/www.delucapartners.it\/fr\/domaines-dactivites\/contentieux-du-droit-du-travail\/cessions-dentreprises-de-branches-dactivite\/","provider":{"@id":"https:\/\/www.delucapartners.it\/fr\/#organization"},"areaServed":{"@type":"Country","name":"Italie"}}},{"@type":"Offer","itemOffered":{"@type":"Service","@id":"https:\/\/www.delucapartners.it\/fr\/domaines-dactivites\/contrats-de-distribution\/#service","name":"Contrats de distribution","url":"https:\/\/www.delucapartners.it\/fr\/domaines-dactivites\/contrats-de-distribution\/","provider":{"@id":"https:\/\/www.delucapartners.it\/fr\/#organization"},"areaServed":{"@type":"Country","name":"Italie"}}},{"@type":"Offer","itemOffered":{"@type":"Service","@id":"https:\/\/www.delucapartners.it\/fr\/domaines-dactivites\/contrats-de-travail-independant-et-parasubordonnes\/#service","name":"Contrats de travail ind\u00e9pendant et parasubordonn\u00e9s","url":"https:\/\/www.delucapartners.it\/fr\/domaines-dactivites\/contrats-de-travail-independant-et-parasubordonnes\/","provider":{"@id":"https:\/\/www.delucapartners.it\/fr\/#organization"},"areaServed":{"@type":"Country","name":"Italie"}}},{"@type":"Offer","itemOffered":{"@type":"Service","@id":"https:\/\/www.delucapartners.it\/fr\/domaines-dactivites\/contrat-dagence\/#service","name":"Contrat d&rsquo;agence","url":"https:\/\/www.delucapartners.it\/fr\/domaines-dactivites\/contrat-dagence\/","provider":{"@id":"https:\/\/www.delucapartners.it\/fr\/#organization"},"areaServed":{"@type":"Country","name":"Italie"}}},{"@type":"Offer","itemOffered":{"@type":"Service","@id":"https:\/\/www.delucapartners.it\/fr\/domaines-dactivites\/droit-du-travail\/#service","name":"Droit du travail","url":"https:\/\/www.delucapartners.it\/fr\/domaines-dactivites\/droit-du-travail\/","provider":{"@id":"https:\/\/www.delucapartners.it\/fr\/#organization"},"areaServed":{"@type":"Country","name":"Italie"}}},{"@type":"Offer","itemOffered":{"@type":"Service","@id":"https:\/\/www.delucapartners.it\/fr\/aree-di-attivita\/droit-de-limmigration\/#service","name":"Droit de l&rsquo;immigration","url":"https:\/\/www.delucapartners.it\/fr\/aree-di-attivita\/droit-de-limmigration\/","provider":{"@id":"https:\/\/www.delucapartners.it\/fr\/#organization"},"areaServed":{"@type":"Country","name":"Italie"}}},{"@type":"Offer","itemOffered":{"@type":"Service","@id":"https:\/\/www.delucapartners.it\/fr\/domaines-dactivites\/droit-de-la-securite-sociale\/#service","name":"Droit de la s\u00e9curit\u00e9 sociale","url":"https:\/\/www.delucapartners.it\/fr\/domaines-dactivites\/droit-de-la-securite-sociale\/","provider":{"@id":"https:\/\/www.delucapartners.it\/fr\/#organization"},"areaServed":{"@type":"Country","name":"Italie"}}},{"@type":"Offer","itemOffered":{"@type":"Service","@id":"https:\/\/www.delucapartners.it\/fr\/domaines-dactivites\/droit-fiscal-du-travail\/#service","name":"Droit fiscal du travail","url":"https:\/\/www.delucapartners.it\/fr\/domaines-dactivites\/droit-fiscal-du-travail\/","provider":{"@id":"https:\/\/www.delucapartners.it\/fr\/#organization"},"areaServed":{"@type":"Country","name":"Italie"}}},{"@type":"Offer","itemOffered":{"@type":"Service","@id":"https:\/\/www.delucapartners.it\/fr\/domaines-dactivites\/esg-pour-les-entreprises\/#service","name":"ESG pour les entreprises","url":"https:\/\/www.delucapartners.it\/fr\/domaines-dactivites\/esg-pour-les-entreprises\/","provider":{"@id":"https:\/\/www.delucapartners.it\/fr\/#organization"},"areaServed":{"@type":"Country","name":"Italie"}}},{"@type":"Offer","itemOffered":{"@type":"Service","@id":"https:\/\/www.delucapartners.it\/fr\/domaines-dactivites\/hro-hr-outsourcing\/#service","name":"HRO &#8211; HR Outsourcing","url":"https:\/\/www.delucapartners.it\/fr\/domaines-dactivites\/hro-hr-outsourcing\/","provider":{"@id":"https:\/\/www.delucapartners.it\/fr\/#organization"},"areaServed":{"@type":"Country","name":"Italie"}}},{"@type":"Offer","itemOffered":{"@type":"Service","@id":"https:\/\/www.delucapartners.it\/fr\/domaines-dactivites\/fusions-et-acquisitions-operations-extraordinaires-pour-les-rh\/#service","name":"Fusions et acquisitions\/ Op\u00e9rations extraordinaires pour les RH","url":"https:\/\/www.delucapartners.it\/fr\/domaines-dactivites\/fusions-et-acquisitions-operations-extraordinaires-pour-les-rh\/","provider":{"@id":"https:\/\/www.delucapartners.it\/fr\/#organization"},"areaServed":{"@type":"Country","name":"Italie"}}},{"@type":"Offer","itemOffered":{"@type":"Service","@id":"https:\/\/www.delucapartners.it\/fr\/domaines-dactivites\/relations-industrielles-reorganisations-et-restructurations\/#service","name":"Relations industrielles, r\u00e9organisations et restructurations","url":"https:\/\/www.delucapartners.it\/fr\/domaines-dactivites\/relations-industrielles-reorganisations-et-restructurations\/","provider":{"@id":"https:\/\/www.delucapartners.it\/fr\/#organization"},"areaServed":{"@type":"Country","name":"Italie"}}},{"@type":"Offer","itemOffered":{"@type":"Service","@id":"https:\/\/www.delucapartners.it\/fr\/domaines-dactivites\/la-sante-et-la-securite-au-travail\/#service","name":"La sant\u00e9 et la s\u00e9curit\u00e9 au travail","url":"https:\/\/www.delucapartners.it\/fr\/domaines-dactivites\/la-sante-et-la-securite-au-travail\/","provider":{"@id":"https:\/\/www.delucapartners.it\/fr\/#organization"},"areaServed":{"@type":"Country","name":"Italie"}}},{"@type":"Offer","itemOffered":{"@type":"Service","@id":"https:\/\/www.delucapartners.it\/fr\/domaines-dactivites\/haute-direction\/#service","name":"Haute direction","url":"https:\/\/www.delucapartners.it\/fr\/domaines-dactivites\/haute-direction\/","provider":{"@id":"https:\/\/www.delucapartners.it\/fr\/#organization"},"areaServed":{"@type":"Country","name":"Italie"}}},{"@type":"Offer","itemOffered":{"@type":"Service","@id":"https:\/\/www.delucapartners.it\/fr\/domaines-dactivites\/bien-etre-en-entreprise\/#service","name":"Bien-\u00eatre en entreprise","url":"https:\/\/www.delucapartners.it\/fr\/domaines-dactivites\/bien-etre-en-entreprise\/","provider":{"@id":"https:\/\/www.delucapartners.it\/fr\/#organization"},"areaServed":{"@type":"Country","name":"Italie"}}},{"@type":"Offer","itemOffered":{"@type":"Service","@id":"https:\/\/www.delucapartners.it\/fr\/domaines-dactivites\/lancement-dalertes\/#service","name":"Lancement d\u2019alertes","url":"https:\/\/www.delucapartners.it\/fr\/domaines-dactivites\/lancement-dalertes\/","provider":{"@id":"https:\/\/www.delucapartners.it\/fr\/#organization"},"areaServed":{"@type":"Country","name":"Italie"}}}]}},{"@type":"Person","@id":"https:\/\/www.delucapartners.it\/fr\/#\/schema\/person\/00d0832a12e3889dce887a31e29d65f8","name":"Melismelis","image":{"@type":"ImageObject","inLanguage":"fr-FR","@id":"https:\/\/secure.gravatar.com\/avatar\/abc81b0c708aea145c773c368ae5bc3f1f3fd0d40a61429cb96d09523d41ab66?s=96&d=mm&r=g","url":"https:\/\/secure.gravatar.com\/avatar\/abc81b0c708aea145c773c368ae5bc3f1f3fd0d40a61429cb96d09523d41ab66?s=96&d=mm&r=g","contentUrl":"https:\/\/secure.gravatar.com\/avatar\/abc81b0c708aea145c773c368ae5bc3f1f3fd0d40a61429cb96d09523d41ab66?s=96&d=mm&r=g","caption":"Melismelis"},"sameAs":["https:\/\/www.delucapartners.it"]}]}},"amp_enabled":true,"permalink_manager":null,"_links":{"self":[{"href":"https:\/\/www.delucapartners.it\/fr\/wp-json\/wp\/v2\/posts\/27999","targetHints":{"allow":["GET"]}}],"collection":[{"href":"https:\/\/www.delucapartners.it\/fr\/wp-json\/wp\/v2\/posts"}],"about":[{"href":"https:\/\/www.delucapartners.it\/fr\/wp-json\/wp\/v2\/types\/post"}],"author":[{"embeddable":true,"href":"https:\/\/www.delucapartners.it\/fr\/wp-json\/wp\/v2\/users\/5"}],"replies":[{"embeddable":true,"href":"https:\/\/www.delucapartners.it\/fr\/wp-json\/wp\/v2\/comments?post=27999"}],"version-history":[{"count":1,"href":"https:\/\/www.delucapartners.it\/fr\/wp-json\/wp\/v2\/posts\/27999\/revisions"}],"predecessor-version":[{"id":28001,"href":"https:\/\/www.delucapartners.it\/fr\/wp-json\/wp\/v2\/posts\/27999\/revisions\/28001"}],"wp:featuredmedia":[{"embeddable":true,"href":"https:\/\/www.delucapartners.it\/fr\/wp-json\/wp\/v2\/media\/28000"}],"wp:attachment":[{"href":"https:\/\/www.delucapartners.it\/fr\/wp-json\/wp\/v2\/media?parent=27999"}],"wp:term":[{"taxonomy":"category","embeddable":true,"href":"https:\/\/www.delucapartners.it\/fr\/wp-json\/wp\/v2\/categories?post=27999"},{"taxonomy":"post_tag","embeddable":true,"href":"https:\/\/www.delucapartners.it\/fr\/wp-json\/wp\/v2\/tags?post=27999"}],"curies":[{"name":"wp","href":"https:\/\/api.w.org\/{rel}","templated":true}]}}