{"id":28596,"date":"2024-09-09T15:01:40","date_gmt":"2024-09-09T13:01:40","guid":{"rendered":"https:\/\/www.delucapartners.it\/news\/le-stock-option-sono-parte-integrante-della-retribuzione-norme-tributi-plus-diritto-il-sole-24-ore-9-settembre-2024-vittorio-de-luca-roberta-padula-alesia-hima-3\/"},"modified":"2026-02-13T11:35:47","modified_gmt":"2026-02-13T10:35:47","slug":"le-stock-option-sono-parte-integrante-della-retribuzione-norme-tributi-plus-diritto-il-sole-24-ore-9-settembre-2024-vittorio-de-luca-roberta-padula-alesia-hima-3","status":"publish","type":"post","link":"https:\/\/www.delucapartners.it\/fr\/news\/le-stock-option-sono-parte-integrante-della-retribuzione-norme-tributi-plus-diritto-il-sole-24-ore-9-settembre-2024-vittorio-de-luca-roberta-padula-alesia-hima-3\/","title":{"rendered":"Stock Option, la Corte d&rsquo;Appello di Milano interviene in merito al calcolo della retribuzione (Norme &amp; Tributi Plus Lavoro \u2013 Il Sole 24 Ore, 9 settembre 2024 \u2013 Vittorio De Luca, Roberta Padula, Alesia Hima)"},"content":{"rendered":"\n<p class=\"wp-block-paragraph\">Con la&nbsp;sentenza 470\/2024, la Corte d\u2019appello di Milano ha nuovamente affrontato la questione relativa alla possibilit\u00e0 di includere il ricavato ottenuto dalla vendita delle stock option nella retribuzione utile ai fini del calcolo del preavviso e delle indennit\u00e0 di fine rapporto. La Corte ha statuito che, poich\u00e9 nel caso specifico, i proventi derivanti dalle stock option hanno natura continuativa e non occasionale, costituiscono parte integrante della retribuzione. La Corte di merito ha cos\u00ec ribaltato la decisione 246 del 7 maggio 2024, emessa dallo stesso Collegio, innescando un dibattito sul tema.<\/p>\n\n\n\n<p class=\"wp-block-paragraph\">La vicenda giudiziaria trae origine dal ricorso di un dirigente licenziato per giusta causa. La controversia aveva riguardato, tra l\u2019altro, l\u2019inclusione nel computo della retribuzione degli importi derivanti dall\u2019esercizio delle stock option che il dirigente sosteneva avessero natura retributiva in ragione della loro regolarit\u00e0 e non occasionalit\u00e0, in quanto avevano cadenza predeterminata, rientrando in piani triennali o quadriennali. Il giudice di prima istanza aveva respinto quest\u2019ultima tesi, estromettendo tali proventi dalla retribuzione, in ragione della sussistenza di un regolamento aziendale che li escludeva dal calcolo della retribuzione globale di fatto.<\/p>\n\n\n\n<figure class=\"wp-block-image size-large\"><img decoding=\"async\" src=\"https:\/\/www.delucapartners.it\/wp-content\/uploads\/2024\/09\/shutterstock_1160427763-1024x683.jpg\" alt=\"\" class=\"wp-image-19000\"\/><\/figure>\n\n\n\n<p class=\"wp-block-paragraph\">Tuttavia, la Corte d\u2019Appello ha scelto di adottare una prospettiva differente, richiamando sia l\u2019articolo 2099, comma 3, del Codice civile, il quale prevede che \u00abil prestatore di lavoro pu\u00f2 anche essere retribuito in tutto o in parte con partecipazione agli utili o ai prodotti, con provvigione o con prestazioni in natura\u00bb, sia l\u2019articolo 2120 del Codice civile, secondo cui, \u00absalvo diversa previsione dei contratti collettivi\u00bb la retribuzione utile ai fini del calcolo del Tfr \u00abcomprende tutte le somme, compreso l\u2019equivalente delle prestazioni in natura, corrisposte in dipendenza del rapporto di lavoro, a titolo non occasionale e con esclusione di quanto \u00e8 corrisposto a titolo di rimborso spese\u00bb.<\/p>\n\n\n\n<p class=\"wp-block-paragraph\">La Corte meneghina ha dunque ritenuto che le stock option costituiscano una forma di retribuzione tramite partecipazione agli utili consentita dall\u2019articolo 2099 del Codice civile, ricordando altres\u00ec che, in base all\u2019articolo 51 del Tuir sono considerati redditi da lavoro dipendente \u00abtutte le somme e i valori in genere, (&#8230;) anche se non provenienti direttamente dal datore\u201d, come potrebbe essere il caso dell\u2019erogazione effettuata da parte di un\u2019altra societ\u00e0 del gruppo.<\/p>\n\n\n\n<p class=\"wp-block-paragraph\">Continua a leggere la versione integrale pubblica su <a href=\"https:\/\/ntpluslavoro.ilsole24ore.com\/art\/le-stock-option-sono-parte-integrante-retribuzione-AF3BVDoD\">Norme e Tributi Plus Lavoro\u00a0del Il Sole 24 Ore.<\/a><\/p>\n","protected":false},"excerpt":{"rendered":"<p>Con la&nbsp;sentenza 470\/2024, la Corte d\u2019appello di Milano ha nuovamente affrontato la questione relativa alla possibilit\u00e0 di includere il ricavato ottenuto dalla vendita delle stock option nella retribuzione utile ai fini del calcolo del preavviso e delle indennit\u00e0 di fine rapporto. La Corte ha statuito che, poich\u00e9 nel caso specifico, i proventi derivanti dalle stock [&hellip;]<\/p>\n","protected":false},"author":5,"featured_media":28597,"comment_status":"closed","ping_status":"closed","sticky":false,"template":"","format":"standard","meta":{"_acf_changed":false,"footnotes":""},"categories":[175,198,159,209],"tags":[1607,1233],"class_list":["post-28596","post","type-post","status-publish","format-standard","has-post-thumbnail","hentry","category-insights","category-news","category-publications-2","category-publications","tag-contratti-collettivi-fr","tag-corte-dappello-milano-fr"],"acf":[],"yoast_head":"<!-- This site is optimized with the Yoast SEO plugin v28.3 - https:\/\/yoast.com\/product\/yoast-seo-wordpress\/ -->\n<title>Stock Option, la Corte d&#039;Appello di Milano interviene in merito al calcolo della retribuzione (Norme &amp; Tributi Plus Lavoro \u2013 Il Sole 24 Ore, 9 settembre 2024 \u2013 Vittorio De Luca, Roberta Padula, Alesia Hima) - De Luca &amp; Partners<\/title>\n<meta name=\"robots\" content=\"index, follow, max-snippet:-1, max-image-preview:large, max-video-preview:-1\" \/>\n<link rel=\"canonical\" href=\"https:\/\/www.delucapartners.it\/fr\/wp-json\/wp\/v2\/posts\/28596\/\" \/>\n<meta property=\"og:locale\" content=\"fr_FR\" \/>\n<meta property=\"og:type\" content=\"article\" \/>\n<meta property=\"og:title\" content=\"Stock Option, la Corte d&#039;Appello di Milano interviene in merito al calcolo della retribuzione (Norme &amp; Tributi Plus Lavoro \u2013 Il Sole 24 Ore, 9 settembre 2024 \u2013 Vittorio De Luca, Roberta Padula, Alesia Hima) - De Luca &amp; Partners\" \/>\n<meta property=\"og:description\" content=\"Con la&nbsp;sentenza 470\/2024, la Corte d\u2019appello di Milano ha nuovamente affrontato la questione relativa alla possibilit\u00e0 di includere il ricavato ottenuto dalla vendita delle stock option nella retribuzione utile ai fini del calcolo del preavviso e delle indennit\u00e0 di fine rapporto. La Corte ha statuito che, poich\u00e9 nel caso specifico, i proventi derivanti dalle stock [&hellip;]\" \/>\n<meta property=\"og:url\" content=\"https:\/\/www.delucapartners.it\/fr\/news\/le-stock-option-sono-parte-integrante-della-retribuzione-norme-tributi-plus-diritto-il-sole-24-ore-9-settembre-2024-vittorio-de-luca-roberta-padula-alesia-hima-3\/\" \/>\n<meta property=\"og:site_name\" content=\"De Luca &amp; Partners\" \/>\n<meta property=\"article:published_time\" content=\"2024-09-09T13:01:40+00:00\" \/>\n<meta property=\"article:modified_time\" content=\"2026-02-13T10:35:47+00:00\" \/>\n<meta property=\"og:image\" content=\"https:\/\/www.delucapartners.it\/wp-content\/uploads\/2026\/02\/shutterstock_1160427763-7.jpg\" \/>\n\t<meta property=\"og:image:width\" content=\"1200\" \/>\n\t<meta property=\"og:image:height\" content=\"800\" \/>\n\t<meta property=\"og:image:type\" content=\"image\/jpeg\" \/>\n<meta name=\"author\" content=\"Melismelis\" \/>\n<meta name=\"twitter:card\" content=\"summary_large_image\" \/>\n<meta name=\"twitter:label1\" content=\"\u00c9crit par\" \/>\n\t<meta name=\"twitter:data1\" content=\"Melismelis\" \/>\n\t<meta name=\"twitter:label2\" content=\"Dur\u00e9e de lecture estim\u00e9e\" \/>\n\t<meta name=\"twitter:data2\" content=\"2 minutes\" \/>\n<script type=\"application\/ld+json\" class=\"yoast-schema-graph\">{\"@context\":\"https:\\\/\\\/schema.org\",\"@graph\":[{\"@type\":\"Article\",\"@id\":\"https:\\\/\\\/www.delucapartners.it\\\/fr\\\/news\\\/le-stock-option-sono-parte-integrante-della-retribuzione-norme-tributi-plus-diritto-il-sole-24-ore-9-settembre-2024-vittorio-de-luca-roberta-padula-alesia-hima-3\\\/#article\",\"isPartOf\":{\"@id\":\"https:\\\/\\\/www.delucapartners.it\\\/fr\\\/news\\\/le-stock-option-sono-parte-integrante-della-retribuzione-norme-tributi-plus-diritto-il-sole-24-ore-9-settembre-2024-vittorio-de-luca-roberta-padula-alesia-hima-3\\\/\"},\"author\":{\"name\":\"Melismelis\",\"@id\":\"https:\\\/\\\/www.delucapartners.it\\\/fr\\\/#\\\/schema\\\/person\\\/00d0832a12e3889dce887a31e29d65f8\"},\"headline\":\"Stock Option, la Corte d&rsquo;Appello di Milano interviene in merito al calcolo della retribuzione (Norme &amp; Tributi Plus Lavoro \u2013 Il Sole 24 Ore, 9 settembre 2024 \u2013 Vittorio De Luca, Roberta Padula, Alesia Hima)\",\"datePublished\":\"2024-09-09T13:01:40+00:00\",\"dateModified\":\"2026-02-13T10:35:47+00:00\",\"mainEntityOfPage\":{\"@id\":\"https:\\\/\\\/www.delucapartners.it\\\/fr\\\/news\\\/le-stock-option-sono-parte-integrante-della-retribuzione-norme-tributi-plus-diritto-il-sole-24-ore-9-settembre-2024-vittorio-de-luca-roberta-padula-alesia-hima-3\\\/\"},\"wordCount\":409,\"publisher\":{\"@id\":\"https:\\\/\\\/www.delucapartners.it\\\/fr\\\/#organization\"},\"image\":{\"@id\":\"https:\\\/\\\/www.delucapartners.it\\\/fr\\\/news\\\/le-stock-option-sono-parte-integrante-della-retribuzione-norme-tributi-plus-diritto-il-sole-24-ore-9-settembre-2024-vittorio-de-luca-roberta-padula-alesia-hima-3\\\/#primaryimage\"},\"thumbnailUrl\":\"https:\\\/\\\/www.delucapartners.it\\\/wp-content\\\/uploads\\\/2026\\\/02\\\/shutterstock_1160427763-7.jpg\",\"keywords\":[\"contratti collettivi\",\"Corte d\u2019Appello Milano\"],\"articleSection\":[\"Insights\",\"News\",\"Publications\",\"Publications\"],\"inLanguage\":\"fr-FR\"},{\"@type\":\"WebPage\",\"@id\":\"https:\\\/\\\/www.delucapartners.it\\\/fr\\\/news\\\/le-stock-option-sono-parte-integrante-della-retribuzione-norme-tributi-plus-diritto-il-sole-24-ore-9-settembre-2024-vittorio-de-luca-roberta-padula-alesia-hima-3\\\/\",\"url\":\"https:\\\/\\\/www.delucapartners.it\\\/fr\\\/news\\\/le-stock-option-sono-parte-integrante-della-retribuzione-norme-tributi-plus-diritto-il-sole-24-ore-9-settembre-2024-vittorio-de-luca-roberta-padula-alesia-hima-3\\\/\",\"name\":\"Stock Option, la Corte d'Appello di Milano interviene in merito al calcolo della retribuzione (Norme &amp; Tributi Plus Lavoro \u2013 Il Sole 24 Ore, 9 settembre 2024 \u2013 Vittorio De Luca, Roberta Padula, Alesia Hima) - De Luca &amp; Partners\",\"isPartOf\":{\"@id\":\"https:\\\/\\\/www.delucapartners.it\\\/fr\\\/#website\"},\"primaryImageOfPage\":{\"@id\":\"https:\\\/\\\/www.delucapartners.it\\\/fr\\\/news\\\/le-stock-option-sono-parte-integrante-della-retribuzione-norme-tributi-plus-diritto-il-sole-24-ore-9-settembre-2024-vittorio-de-luca-roberta-padula-alesia-hima-3\\\/#primaryimage\"},\"image\":{\"@id\":\"https:\\\/\\\/www.delucapartners.it\\\/fr\\\/news\\\/le-stock-option-sono-parte-integrante-della-retribuzione-norme-tributi-plus-diritto-il-sole-24-ore-9-settembre-2024-vittorio-de-luca-roberta-padula-alesia-hima-3\\\/#primaryimage\"},\"thumbnailUrl\":\"https:\\\/\\\/www.delucapartners.it\\\/wp-content\\\/uploads\\\/2026\\\/02\\\/shutterstock_1160427763-7.jpg\",\"datePublished\":\"2024-09-09T13:01:40+00:00\",\"dateModified\":\"2026-02-13T10:35:47+00:00\",\"breadcrumb\":{\"@id\":\"https:\\\/\\\/www.delucapartners.it\\\/fr\\\/news\\\/le-stock-option-sono-parte-integrante-della-retribuzione-norme-tributi-plus-diritto-il-sole-24-ore-9-settembre-2024-vittorio-de-luca-roberta-padula-alesia-hima-3\\\/#breadcrumb\"},\"inLanguage\":\"fr-FR\",\"potentialAction\":[{\"@type\":\"ReadAction\",\"target\":[\"https:\\\/\\\/www.delucapartners.it\\\/fr\\\/news\\\/le-stock-option-sono-parte-integrante-della-retribuzione-norme-tributi-plus-diritto-il-sole-24-ore-9-settembre-2024-vittorio-de-luca-roberta-padula-alesia-hima-3\\\/\"]}]},{\"@type\":\"ImageObject\",\"inLanguage\":\"fr-FR\",\"@id\":\"https:\\\/\\\/www.delucapartners.it\\\/fr\\\/news\\\/le-stock-option-sono-parte-integrante-della-retribuzione-norme-tributi-plus-diritto-il-sole-24-ore-9-settembre-2024-vittorio-de-luca-roberta-padula-alesia-hima-3\\\/#primaryimage\",\"url\":\"https:\\\/\\\/www.delucapartners.it\\\/wp-content\\\/uploads\\\/2026\\\/02\\\/shutterstock_1160427763-7.jpg\",\"contentUrl\":\"https:\\\/\\\/www.delucapartners.it\\\/wp-content\\\/uploads\\\/2026\\\/02\\\/shutterstock_1160427763-7.jpg\",\"width\":1200,\"height\":800},{\"@type\":\"BreadcrumbList\",\"@id\":\"https:\\\/\\\/www.delucapartners.it\\\/fr\\\/news\\\/le-stock-option-sono-parte-integrante-della-retribuzione-norme-tributi-plus-diritto-il-sole-24-ore-9-settembre-2024-vittorio-de-luca-roberta-padula-alesia-hima-3\\\/#breadcrumb\",\"itemListElement\":[{\"@type\":\"ListItem\",\"position\":1,\"name\":\"Home\",\"item\":\"https:\\\/\\\/www.delucapartners.it\\\/fr\\\/\"},{\"@type\":\"ListItem\",\"position\":2,\"name\":\"Stock Option, la Corte d&#8217;Appello di Milano interviene in merito al calcolo della retribuzione (Norme &amp; Tributi Plus Lavoro \u2013 Il Sole 24 Ore, 9 settembre 2024 \u2013 Vittorio De Luca, Roberta Padula, Alesia Hima)\"}]},{\"@type\":\"WebSite\",\"@id\":\"https:\\\/\\\/www.delucapartners.it\\\/fr\\\/#website\",\"url\":\"https:\\\/\\\/www.delucapartners.it\\\/fr\\\/\",\"name\":\"De Luca & Partners\",\"description\":\"\",\"publisher\":{\"@id\":\"https:\\\/\\\/www.delucapartners.it\\\/fr\\\/#organization\"},\"potentialAction\":[{\"@type\":\"SearchAction\",\"target\":{\"@type\":\"EntryPoint\",\"urlTemplate\":\"https:\\\/\\\/www.delucapartners.it\\\/fr\\\/?s={search_term_string}\"},\"query-input\":{\"@type\":\"PropertyValueSpecification\",\"valueRequired\":true,\"valueName\":\"search_term_string\"}}],\"inLanguage\":\"fr-FR\"},{\"@type\":\"LegalService\",\"@id\":\"https:\\\/\\\/www.delucapartners.it\\\/fr\\\/#organization\",\"name\":\"De Luca & Partners\",\"alternateName\":\"Studio Legale De Luca & Partners\",\"url\":\"https:\\\/\\\/www.delucapartners.it\\\/\",\"logo\":{\"@type\":\"ImageObject\",\"@id\":\"https:\\\/\\\/www.delucapartners.it\\\/fr\\\/#logo\",\"url\":\"https:\\\/\\\/www.delucapartners.it\\\/wp-content\\\/uploads\\\/2026\\\/02\\\/cropped-icon-192x192-1.png\",\"contentUrl\":\"https:\\\/\\\/www.delucapartners.it\\\/wp-content\\\/uploads\\\/2026\\\/02\\\/cropped-icon-192x192-1.png\",\"width\":512,\"height\":512,\"caption\":\"De Luca & Partners\"},\"image\":{\"@id\":\"https:\\\/\\\/www.delucapartners.it\\\/fr\\\/#logo\"},\"description\":\"De Luca & Partners est un cabinet d\u2019avocats ind\u00e9pendant fond\u00e9 en 1976, sp\u00e9cialis\u00e9 en droit du travail et en protection des donn\u00e9es, qui conseille et assiste des entreprises italiennes et multinationales.\",\"foundingDate\":\"1976\",\"founder\":{\"@type\":\"Person\",\"@id\":\"https:\\\/\\\/www.delucapartners.it\\\/#person-vincenzo-de-luca\",\"name\":\"Vincenzo De Luca\",\"url\":\"https:\\\/\\\/www.delucapartners.it\\\/fr\\\/professionnels\\\/vincenzo-de-luca\\\/\"},\"address\":{\"@type\":\"PostalAddress\",\"streetAddress\":\"Largo A. Toscanini, 1\",\"postalCode\":\"20122\",\"addressLocality\":\"Milano\",\"addressRegion\":\"Lombardia\",\"addressCountry\":\"IT\"},\"telephone\":\"+39023655651\",\"email\":\"info@delucapartners.it\",\"vatID\":\"IT12621700157\",\"areaServed\":{\"@type\":\"Country\",\"name\":\"Italie\"},\"contactPoint\":{\"@type\":\"ContactPoint\",\"contactType\":\"informations g\u00e9n\u00e9rales\",\"telephone\":\"+39023655651\",\"email\":\"info@delucapartners.it\",\"availableLanguage\":[\"it\",\"en\",\"fr\"],\"areaServed\":\"IT\"},\"sameAs\":[\"https:\\\/\\\/www.linkedin.com\\\/company\\\/deluca%26partners\\\/\",\"https:\\\/\\\/www.youtube.com\\\/channel\\\/UCpT03V-ndoLilQhQR1l-kwA\"],\"hasOfferCatalog\":{\"@type\":\"OfferCatalog\",\"@id\":\"https:\\\/\\\/www.delucapartners.it\\\/fr\\\/#offer-catalog-fr\",\"name\":\"Domaines d\u2019activit\u00e9s\",\"itemListElement\":[{\"@type\":\"Offer\",\"itemOffered\":{\"@type\":\"Service\",\"@id\":\"https:\\\/\\\/www.delucapartners.it\\\/fr\\\/domaines-dactivites\\\/conformite-a-la-reglementation-sur-la-protection-des-donnees-rgpd\\\/#service\",\"name\":\"Conformit\u00e9 \u00e0 la r\u00e9glementation sur la protection des donn\u00e9es (RGPD)\",\"url\":\"https:\\\/\\\/www.delucapartners.it\\\/fr\\\/domaines-dactivites\\\/conformite-a-la-reglementation-sur-la-protection-des-donnees-rgpd\\\/\",\"provider\":{\"@id\":\"https:\\\/\\\/www.delucapartners.it\\\/fr\\\/#organization\"},\"areaServed\":{\"@type\":\"Country\",\"name\":\"Italie\"}}},{\"@type\":\"Offer\",\"itemOffered\":{\"@type\":\"Service\",\"@id\":\"https:\\\/\\\/www.delucapartners.it\\\/fr\\\/domaines-dactivites\\\/prestations-en-cas-de-licenciement-economique-cigs-cigo-solidarite\\\/#service\",\"name\":\"Prestations en cas de licenciement \u00e9conomique (CIGS-CIGO-Solidarit\u00e9)\",\"url\":\"https:\\\/\\\/www.delucapartners.it\\\/fr\\\/domaines-dactivites\\\/prestations-en-cas-de-licenciement-economique-cigs-cigo-solidarite\\\/\",\"provider\":{\"@id\":\"https:\\\/\\\/www.delucapartners.it\\\/fr\\\/#organization\"},\"areaServed\":{\"@type\":\"Country\",\"name\":\"Italie\"}}},{\"@type\":\"Offer\",\"itemOffered\":{\"@type\":\"Service\",\"@id\":\"https:\\\/\\\/www.delucapartners.it\\\/fr\\\/domaines-dactivites\\\/conformite-responsabilite-administrative-des-personnes-morales-decret-legislatif-italien-n-231-01\\\/#service\",\"name\":\"Conformit\u00e9 &#8211; responsabilit\u00e9 administrative des personnes morales\",\"url\":\"https:\\\/\\\/www.delucapartners.it\\\/fr\\\/domaines-dactivites\\\/conformite-responsabilite-administrative-des-personnes-morales-decret-legislatif-italien-n-231-01\\\/\",\"provider\":{\"@id\":\"https:\\\/\\\/www.delucapartners.it\\\/fr\\\/#organization\"},\"areaServed\":{\"@type\":\"Country\",\"name\":\"Italie\"}}},{\"@type\":\"Offer\",\"itemOffered\":{\"@type\":\"Service\",\"@id\":\"https:\\\/\\\/www.delucapartners.it\\\/fr\\\/domaines-dactivites\\\/contentieux-du-droit-du-travail\\\/#service\",\"name\":\"Contentieux du droit du travail\",\"url\":\"https:\\\/\\\/www.delucapartners.it\\\/fr\\\/domaines-dactivites\\\/contentieux-du-droit-du-travail\\\/\",\"provider\":{\"@id\":\"https:\\\/\\\/www.delucapartners.it\\\/fr\\\/#organization\"},\"areaServed\":{\"@type\":\"Country\",\"name\":\"Italie\"}}},{\"@type\":\"Offer\",\"itemOffered\":{\"@type\":\"Service\",\"@id\":\"https:\\\/\\\/www.delucapartners.it\\\/fr\\\/domaines-dactivites\\\/contentieux-du-droit-du-travail\\\/licenciement-economique\\\/#service\",\"name\":\"Licenciement \u00e9conomique\",\"url\":\"https:\\\/\\\/www.delucapartners.it\\\/fr\\\/domaines-dactivites\\\/contentieux-du-droit-du-travail\\\/licenciement-economique\\\/\",\"provider\":{\"@id\":\"https:\\\/\\\/www.delucapartners.it\\\/fr\\\/#organization\"},\"areaServed\":{\"@type\":\"Country\",\"name\":\"Italie\"}}},{\"@type\":\"Offer\",\"itemOffered\":{\"@type\":\"Service\",\"@id\":\"https:\\\/\\\/www.delucapartners.it\\\/fr\\\/domaines-dactivites\\\/contentieux-du-droit-du-travail\\\/requalification-legitimite-de-la-relation-de-travail-dindependant-ou-para-subordonne-a-subordonne\\\/#service\",\"name\":\"Requalification\\\/legitimite de la relation de travail (d\u2019independant ou para-subordonne a subordonne)\",\"url\":\"https:\\\/\\\/www.delucapartners.it\\\/fr\\\/domaines-dactivites\\\/contentieux-du-droit-du-travail\\\/requalification-legitimite-de-la-relation-de-travail-dindependant-ou-para-subordonne-a-subordonne\\\/\",\"provider\":{\"@id\":\"https:\\\/\\\/www.delucapartners.it\\\/fr\\\/#organization\"},\"areaServed\":{\"@type\":\"Country\",\"name\":\"Italie\"}}},{\"@type\":\"Offer\",\"itemOffered\":{\"@type\":\"Service\",\"@id\":\"https:\\\/\\\/www.delucapartners.it\\\/fr\\\/domaines-dactivites\\\/contentieux-du-droit-du-travail\\\/contrat-dagence-differences-sur-les-commissions-indemnite-de-cessation-conf-a-lart-1751-violation-de-lobligation-de-non-concurrence\\\/#service\",\"name\":\"Contrat d\u2019agence (differences sur les commissions ; indemnite de cessation conf. a l\u2019art. 1751 ; violation de l\u2019obligation de non concurrence)\",\"url\":\"https:\\\/\\\/www.delucapartners.it\\\/fr\\\/domaines-dactivites\\\/contentieux-du-droit-du-travail\\\/contrat-dagence-differences-sur-les-commissions-indemnite-de-cessation-conf-a-lart-1751-violation-de-lobligation-de-non-concurrence\\\/\",\"provider\":{\"@id\":\"https:\\\/\\\/www.delucapartners.it\\\/fr\\\/#organization\"},\"areaServed\":{\"@type\":\"Country\",\"name\":\"Italie\"}}},{\"@type\":\"Offer\",\"itemOffered\":{\"@type\":\"Service\",\"@id\":\"https:\\\/\\\/www.delucapartners.it\\\/fr\\\/domaines-dactivites\\\/contentieux-du-droit-du-travail\\\/mobbing\\\/#service\",\"name\":\"Mobbing\",\"url\":\"https:\\\/\\\/www.delucapartners.it\\\/fr\\\/domaines-dactivites\\\/contentieux-du-droit-du-travail\\\/mobbing\\\/\",\"provider\":{\"@id\":\"https:\\\/\\\/www.delucapartners.it\\\/fr\\\/#organization\"},\"areaServed\":{\"@type\":\"Country\",\"name\":\"Italie\"}}},{\"@type\":\"Offer\",\"itemOffered\":{\"@type\":\"Service\",\"@id\":\"https:\\\/\\\/www.delucapartners.it\\\/fr\\\/domaines-dactivites\\\/contentieux-du-droit-du-travail\\\/fourniture-de-main-doeuvre-sous-traitance\\\/#service\",\"name\":\"Fourniture de main d\u2019\u0153uvre \\\/ Sous-traitance\",\"url\":\"https:\\\/\\\/www.delucapartners.it\\\/fr\\\/domaines-dactivites\\\/contentieux-du-droit-du-travail\\\/fourniture-de-main-doeuvre-sous-traitance\\\/\",\"provider\":{\"@id\":\"https:\\\/\\\/www.delucapartners.it\\\/fr\\\/#organization\"},\"areaServed\":{\"@type\":\"Country\",\"name\":\"Italie\"}}},{\"@type\":\"Offer\",\"itemOffered\":{\"@type\":\"Service\",\"@id\":\"https:\\\/\\\/www.delucapartners.it\\\/fr\\\/domaines-dactivites\\\/contentieux-du-droit-du-travail\\\/cotisations-et-les-sanctions\\\/#service\",\"name\":\"Cotisations et les sanctions\",\"url\":\"https:\\\/\\\/www.delucapartners.it\\\/fr\\\/domaines-dactivites\\\/contentieux-du-droit-du-travail\\\/cotisations-et-les-sanctions\\\/\",\"provider\":{\"@id\":\"https:\\\/\\\/www.delucapartners.it\\\/fr\\\/#organization\"},\"areaServed\":{\"@type\":\"Country\",\"name\":\"Italie\"}}},{\"@type\":\"Offer\",\"itemOffered\":{\"@type\":\"Service\",\"@id\":\"https:\\\/\\\/www.delucapartners.it\\\/fr\\\/domaines-dactivites\\\/contentieux-du-droit-du-travail\\\/contrats-de-travail-a-duree-determinee\\\/#service\",\"name\":\"Contrats de travail \u00e0 dur\u00e9e d\u00e9termin\u00e9e\",\"url\":\"https:\\\/\\\/www.delucapartners.it\\\/fr\\\/domaines-dactivites\\\/contentieux-du-droit-du-travail\\\/contrats-de-travail-a-duree-determinee\\\/\",\"provider\":{\"@id\":\"https:\\\/\\\/www.delucapartners.it\\\/fr\\\/#organization\"},\"areaServed\":{\"@type\":\"Country\",\"name\":\"Italie\"}}},{\"@type\":\"Offer\",\"itemOffered\":{\"@type\":\"Service\",\"@id\":\"https:\\\/\\\/www.delucapartners.it\\\/fr\\\/domaines-dactivites\\\/contentieux-du-droit-du-travail\\\/fonctions-retrogradation\\\/#service\",\"name\":\"Fonctions\\\/r\u00e9trogradation\",\"url\":\"https:\\\/\\\/www.delucapartners.it\\\/fr\\\/domaines-dactivites\\\/contentieux-du-droit-du-travail\\\/fonctions-retrogradation\\\/\",\"provider\":{\"@id\":\"https:\\\/\\\/www.delucapartners.it\\\/fr\\\/#organization\"},\"areaServed\":{\"@type\":\"Country\",\"name\":\"Italie\"}}},{\"@type\":\"Offer\",\"itemOffered\":{\"@type\":\"Service\",\"@id\":\"https:\\\/\\\/www.delucapartners.it\\\/fr\\\/domaines-dactivites\\\/contentieux-du-droit-du-travail\\\/transfert-individuels-ou-collectifs\\\/#service\",\"name\":\"Transfert individuels ou collectifs\",\"url\":\"https:\\\/\\\/www.delucapartners.it\\\/fr\\\/domaines-dactivites\\\/contentieux-du-droit-du-travail\\\/transfert-individuels-ou-collectifs\\\/\",\"provider\":{\"@id\":\"https:\\\/\\\/www.delucapartners.it\\\/fr\\\/#organization\"},\"areaServed\":{\"@type\":\"Country\",\"name\":\"Italie\"}}},{\"@type\":\"Offer\",\"itemOffered\":{\"@type\":\"Service\",\"@id\":\"https:\\\/\\\/www.delucapartners.it\\\/fr\\\/domaines-dactivites\\\/contentieux-du-droit-du-travail\\\/indemnite-de-depart\\\/#service\",\"name\":\"Indemnit\u00e9 de d\u00e9part\",\"url\":\"https:\\\/\\\/www.delucapartners.it\\\/fr\\\/domaines-dactivites\\\/contentieux-du-droit-du-travail\\\/indemnite-de-depart\\\/\",\"provider\":{\"@id\":\"https:\\\/\\\/www.delucapartners.it\\\/fr\\\/#organization\"},\"areaServed\":{\"@type\":\"Country\",\"name\":\"Italie\"}}},{\"@type\":\"Offer\",\"itemOffered\":{\"@type\":\"Service\",\"@id\":\"https:\\\/\\\/www.delucapartners.it\\\/fr\\\/domaines-dactivites\\\/contentieux-du-droit-du-travail\\\/impots-et-les-sanctions\\\/#service\",\"name\":\"Imp\u00f4ts et les sanctions\",\"url\":\"https:\\\/\\\/www.delucapartners.it\\\/fr\\\/domaines-dactivites\\\/contentieux-du-droit-du-travail\\\/impots-et-les-sanctions\\\/\",\"provider\":{\"@id\":\"https:\\\/\\\/www.delucapartners.it\\\/fr\\\/#organization\"},\"areaServed\":{\"@type\":\"Country\",\"name\":\"Italie\"}}},{\"@type\":\"Offer\",\"itemOffered\":{\"@type\":\"Service\",\"@id\":\"https:\\\/\\\/www.delucapartners.it\\\/fr\\\/domaines-dactivites\\\/contentieux-du-droit-du-travail\\\/retribution-fixe-avantages\\\/#service\",\"name\":\"R\u00e9tribution fixe\\\/avantages\",\"url\":\"https:\\\/\\\/www.delucapartners.it\\\/fr\\\/domaines-dactivites\\\/contentieux-du-droit-du-travail\\\/retribution-fixe-avantages\\\/\",\"provider\":{\"@id\":\"https:\\\/\\\/www.delucapartners.it\\\/fr\\\/#organization\"},\"areaServed\":{\"@type\":\"Country\",\"name\":\"Italie\"}}},{\"@type\":\"Offer\",\"itemOffered\":{\"@type\":\"Service\",\"@id\":\"https:\\\/\\\/www.delucapartners.it\\\/fr\\\/domaines-dactivites\\\/contentieux-du-droit-du-travail\\\/administrateurs\\\/#service\",\"name\":\"Administrateurs\",\"url\":\"https:\\\/\\\/www.delucapartners.it\\\/fr\\\/domaines-dactivites\\\/contentieux-du-droit-du-travail\\\/administrateurs\\\/\",\"provider\":{\"@id\":\"https:\\\/\\\/www.delucapartners.it\\\/fr\\\/#organization\"},\"areaServed\":{\"@type\":\"Country\",\"name\":\"Italie\"}}},{\"@type\":\"Offer\",\"itemOffered\":{\"@type\":\"Service\",\"@id\":\"https:\\\/\\\/www.delucapartners.it\\\/fr\\\/domaines-dactivites\\\/contentieux-du-droit-du-travail\\\/maternite-et-conge-post-natal\\\/#service\",\"name\":\"Maternit\u00e9 et cong\u00e9 post-natal\",\"url\":\"https:\\\/\\\/www.delucapartners.it\\\/fr\\\/domaines-dactivites\\\/contentieux-du-droit-du-travail\\\/maternite-et-conge-post-natal\\\/\",\"provider\":{\"@id\":\"https:\\\/\\\/www.delucapartners.it\\\/fr\\\/#organization\"},\"areaServed\":{\"@type\":\"Country\",\"name\":\"Italie\"}}},{\"@type\":\"Offer\",\"itemOffered\":{\"@type\":\"Service\",\"@id\":\"https:\\\/\\\/www.delucapartners.it\\\/fr\\\/domaines-dactivites\\\/contentieux-du-droit-du-travail\\\/plans-doption-dachat-dactions\\\/#service\",\"name\":\"Plans d\u2019option d\u2019achat d\u2019actions\",\"url\":\"https:\\\/\\\/www.delucapartners.it\\\/fr\\\/domaines-dactivites\\\/contentieux-du-droit-du-travail\\\/plans-doption-dachat-dactions\\\/\",\"provider\":{\"@id\":\"https:\\\/\\\/www.delucapartners.it\\\/fr\\\/#organization\"},\"areaServed\":{\"@type\":\"Country\",\"name\":\"Italie\"}}},{\"@type\":\"Offer\",\"itemOffered\":{\"@type\":\"Service\",\"@id\":\"https:\\\/\\\/www.delucapartners.it\\\/fr\\\/domaines-dactivites\\\/contentieux-du-droit-du-travail\\\/licenciement-pour-juste-motif\\\/#service\",\"name\":\"Licenciement pour juste motif\",\"url\":\"https:\\\/\\\/www.delucapartners.it\\\/fr\\\/domaines-dactivites\\\/contentieux-du-droit-du-travail\\\/licenciement-pour-juste-motif\\\/\",\"provider\":{\"@id\":\"https:\\\/\\\/www.delucapartners.it\\\/fr\\\/#organization\"},\"areaServed\":{\"@type\":\"Country\",\"name\":\"Italie\"}}},{\"@type\":\"Offer\",\"itemOffered\":{\"@type\":\"Service\",\"@id\":\"https:\\\/\\\/www.delucapartners.it\\\/fr\\\/domaines-dactivites\\\/contentieux-du-droit-du-travail\\\/resiliation-pendant-la-periode-dessai\\\/#service\",\"name\":\"R\u00e9siliation pendant la p\u00e9riode d\u2019essai\",\"url\":\"https:\\\/\\\/www.delucapartners.it\\\/fr\\\/domaines-dactivites\\\/contentieux-du-droit-du-travail\\\/resiliation-pendant-la-periode-dessai\\\/\",\"provider\":{\"@id\":\"https:\\\/\\\/www.delucapartners.it\\\/fr\\\/#organization\"},\"areaServed\":{\"@type\":\"Country\",\"name\":\"Italie\"}}},{\"@type\":\"Offer\",\"itemOffered\":{\"@type\":\"Service\",\"@id\":\"https:\\\/\\\/www.delucapartners.it\\\/fr\\\/domaines-dactivites\\\/contentieux-du-droit-du-travail\\\/licenciement-multiple-individuel-reduction-de-personnel\\\/#service\",\"name\":\"Licenciement multiple individuel (r\u00e9duction de personnel)\u202f\",\"url\":\"https:\\\/\\\/www.delucapartners.it\\\/fr\\\/domaines-dactivites\\\/contentieux-du-droit-du-travail\\\/licenciement-multiple-individuel-reduction-de-personnel\\\/\",\"provider\":{\"@id\":\"https:\\\/\\\/www.delucapartners.it\\\/fr\\\/#organization\"},\"areaServed\":{\"@type\":\"Country\",\"name\":\"Italie\"}}},{\"@type\":\"Offer\",\"itemOffered\":{\"@type\":\"Service\",\"@id\":\"https:\\\/\\\/www.delucapartners.it\\\/fr\\\/domaines-dactivites\\\/contentieux-du-droit-du-travail\\\/violation-de-la-clause-de-non-concurrence\\\/#service\",\"name\":\"Violation de la clause de non-concurrence\",\"url\":\"https:\\\/\\\/www.delucapartners.it\\\/fr\\\/domaines-dactivites\\\/contentieux-du-droit-du-travail\\\/violation-de-la-clause-de-non-concurrence\\\/\",\"provider\":{\"@id\":\"https:\\\/\\\/www.delucapartners.it\\\/fr\\\/#organization\"},\"areaServed\":{\"@type\":\"Country\",\"name\":\"Italie\"}}},{\"@type\":\"Offer\",\"itemOffered\":{\"@type\":\"Service\",\"@id\":\"https:\\\/\\\/www.delucapartners.it\\\/fr\\\/domaines-dactivites\\\/contentieux-du-droit-du-travail\\\/licenciements-collectifs\\\/#service\",\"name\":\"Licenciements collectifs\",\"url\":\"https:\\\/\\\/www.delucapartners.it\\\/fr\\\/domaines-dactivites\\\/contentieux-du-droit-du-travail\\\/licenciements-collectifs\\\/\",\"provider\":{\"@id\":\"https:\\\/\\\/www.delucapartners.it\\\/fr\\\/#organization\"},\"areaServed\":{\"@type\":\"Country\",\"name\":\"Italie\"}}},{\"@type\":\"Offer\",\"itemOffered\":{\"@type\":\"Service\",\"@id\":\"https:\\\/\\\/www.delucapartners.it\\\/fr\\\/domaines-dactivites\\\/contentieux-du-droit-du-travail\\\/activite-anti-syndicale-conf-a-lart-28-du-statut-des-travailleurs\\\/#service\",\"name\":\"Activit\u00e9 anti-syndicale conf. \u00e0 l\u2019art. 28 du Statut des travailleurs\",\"url\":\"https:\\\/\\\/www.delucapartners.it\\\/fr\\\/domaines-dactivites\\\/contentieux-du-droit-du-travail\\\/activite-anti-syndicale-conf-a-lart-28-du-statut-des-travailleurs\\\/\",\"provider\":{\"@id\":\"https:\\\/\\\/www.delucapartners.it\\\/fr\\\/#organization\"},\"areaServed\":{\"@type\":\"Country\",\"name\":\"Italie\"}}},{\"@type\":\"Offer\",\"itemOffered\":{\"@type\":\"Service\",\"@id\":\"https:\\\/\\\/www.delucapartners.it\\\/fr\\\/domaines-dactivites\\\/contentieux-du-droit-du-travail\\\/demission-pour-juste-motif\\\/#service\",\"name\":\"D\u00e9mission pour juste motif\",\"url\":\"https:\\\/\\\/www.delucapartners.it\\\/fr\\\/domaines-dactivites\\\/contentieux-du-droit-du-travail\\\/demission-pour-juste-motif\\\/\",\"provider\":{\"@id\":\"https:\\\/\\\/www.delucapartners.it\\\/fr\\\/#organization\"},\"areaServed\":{\"@type\":\"Country\",\"name\":\"Italie\"}}},{\"@type\":\"Offer\",\"itemOffered\":{\"@type\":\"Service\",\"@id\":\"https:\\\/\\\/www.delucapartners.it\\\/fr\\\/domaines-dactivites\\\/contentieux-du-droit-du-travail\\\/contrat-de-travail-para-subordonne\\\/#service\",\"name\":\"Contrat de travail para-subordonn\u00e9\",\"url\":\"https:\\\/\\\/www.delucapartners.it\\\/fr\\\/domaines-dactivites\\\/contentieux-du-droit-du-travail\\\/contrat-de-travail-para-subordonne\\\/\",\"provider\":{\"@id\":\"https:\\\/\\\/www.delucapartners.it\\\/fr\\\/#organization\"},\"areaServed\":{\"@type\":\"Country\",\"name\":\"Italie\"}}},{\"@type\":\"Offer\",\"itemOffered\":{\"@type\":\"Service\",\"@id\":\"https:\\\/\\\/www.delucapartners.it\\\/fr\\\/domaines-dactivites\\\/contentieux-du-droit-du-travail\\\/licenciement-pour-depassement-de-la-periode-de-conges-maladie\\\/#service\",\"name\":\"Licenciement pour d\u00e9passement de la p\u00e9riode de cong\u00e9s maladie\",\"url\":\"https:\\\/\\\/www.delucapartners.it\\\/fr\\\/domaines-dactivites\\\/contentieux-du-droit-du-travail\\\/licenciement-pour-depassement-de-la-periode-de-conges-maladie\\\/\",\"provider\":{\"@id\":\"https:\\\/\\\/www.delucapartners.it\\\/fr\\\/#organization\"},\"areaServed\":{\"@type\":\"Country\",\"name\":\"Italie\"}}},{\"@type\":\"Offer\",\"itemOffered\":{\"@type\":\"Service\",\"@id\":\"https:\\\/\\\/www.delucapartners.it\\\/fr\\\/domaines-dactivites\\\/contentieux-du-droit-du-travail\\\/preavis-art-2118-du-code-civil-italien\\\/#service\",\"name\":\"Pr\u00e9avis (art. 2118 du Code civil italien)\",\"url\":\"https:\\\/\\\/www.delucapartners.it\\\/fr\\\/domaines-dactivites\\\/contentieux-du-droit-du-travail\\\/preavis-art-2118-du-code-civil-italien\\\/\",\"provider\":{\"@id\":\"https:\\\/\\\/www.delucapartners.it\\\/fr\\\/#organization\"},\"areaServed\":{\"@type\":\"Country\",\"name\":\"Italie\"}}},{\"@type\":\"Offer\",\"itemOffered\":{\"@type\":\"Service\",\"@id\":\"https:\\\/\\\/www.delucapartners.it\\\/fr\\\/domaines-dactivites\\\/contentieux-du-droit-du-travail\\\/conventions-collectives-de-ii-niveau\\\/#service\",\"name\":\"Conventions collectives de II\u00b0 niveau\",\"url\":\"https:\\\/\\\/www.delucapartners.it\\\/fr\\\/domaines-dactivites\\\/contentieux-du-droit-du-travail\\\/conventions-collectives-de-ii-niveau\\\/\",\"provider\":{\"@id\":\"https:\\\/\\\/www.delucapartners.it\\\/fr\\\/#organization\"},\"areaServed\":{\"@type\":\"Country\",\"name\":\"Italie\"}}},{\"@type\":\"Offer\",\"itemOffered\":{\"@type\":\"Service\",\"@id\":\"https:\\\/\\\/www.delucapartners.it\\\/fr\\\/domaines-dactivites\\\/contentieux-du-droit-du-travail\\\/accidents-du-travail\\\/#service\",\"name\":\"Accidents du travail\",\"url\":\"https:\\\/\\\/www.delucapartners.it\\\/fr\\\/domaines-dactivites\\\/contentieux-du-droit-du-travail\\\/accidents-du-travail\\\/\",\"provider\":{\"@id\":\"https:\\\/\\\/www.delucapartners.it\\\/fr\\\/#organization\"},\"areaServed\":{\"@type\":\"Country\",\"name\":\"Italie\"}}},{\"@type\":\"Offer\",\"itemOffered\":{\"@type\":\"Service\",\"@id\":\"https:\\\/\\\/www.delucapartners.it\\\/fr\\\/domaines-dactivites\\\/contentieux-du-droit-du-travail\\\/cessions-dentreprises-de-branches-dactivite\\\/#service\",\"name\":\"Cessions d\u2019entreprises\\\/de branches d\u2019activit\u00e9\",\"url\":\"https:\\\/\\\/www.delucapartners.it\\\/fr\\\/domaines-dactivites\\\/contentieux-du-droit-du-travail\\\/cessions-dentreprises-de-branches-dactivite\\\/\",\"provider\":{\"@id\":\"https:\\\/\\\/www.delucapartners.it\\\/fr\\\/#organization\"},\"areaServed\":{\"@type\":\"Country\",\"name\":\"Italie\"}}},{\"@type\":\"Offer\",\"itemOffered\":{\"@type\":\"Service\",\"@id\":\"https:\\\/\\\/www.delucapartners.it\\\/fr\\\/domaines-dactivites\\\/contrats-de-distribution\\\/#service\",\"name\":\"Contrats de distribution\",\"url\":\"https:\\\/\\\/www.delucapartners.it\\\/fr\\\/domaines-dactivites\\\/contrats-de-distribution\\\/\",\"provider\":{\"@id\":\"https:\\\/\\\/www.delucapartners.it\\\/fr\\\/#organization\"},\"areaServed\":{\"@type\":\"Country\",\"name\":\"Italie\"}}},{\"@type\":\"Offer\",\"itemOffered\":{\"@type\":\"Service\",\"@id\":\"https:\\\/\\\/www.delucapartners.it\\\/fr\\\/domaines-dactivites\\\/contrats-de-travail-independant-et-parasubordonnes\\\/#service\",\"name\":\"Contrats de travail ind\u00e9pendant et parasubordonn\u00e9s\",\"url\":\"https:\\\/\\\/www.delucapartners.it\\\/fr\\\/domaines-dactivites\\\/contrats-de-travail-independant-et-parasubordonnes\\\/\",\"provider\":{\"@id\":\"https:\\\/\\\/www.delucapartners.it\\\/fr\\\/#organization\"},\"areaServed\":{\"@type\":\"Country\",\"name\":\"Italie\"}}},{\"@type\":\"Offer\",\"itemOffered\":{\"@type\":\"Service\",\"@id\":\"https:\\\/\\\/www.delucapartners.it\\\/fr\\\/domaines-dactivites\\\/contrat-dagence\\\/#service\",\"name\":\"Contrat d&rsquo;agence\",\"url\":\"https:\\\/\\\/www.delucapartners.it\\\/fr\\\/domaines-dactivites\\\/contrat-dagence\\\/\",\"provider\":{\"@id\":\"https:\\\/\\\/www.delucapartners.it\\\/fr\\\/#organization\"},\"areaServed\":{\"@type\":\"Country\",\"name\":\"Italie\"}}},{\"@type\":\"Offer\",\"itemOffered\":{\"@type\":\"Service\",\"@id\":\"https:\\\/\\\/www.delucapartners.it\\\/fr\\\/domaines-dactivites\\\/droit-du-travail\\\/#service\",\"name\":\"Droit du travail\",\"url\":\"https:\\\/\\\/www.delucapartners.it\\\/fr\\\/domaines-dactivites\\\/droit-du-travail\\\/\",\"provider\":{\"@id\":\"https:\\\/\\\/www.delucapartners.it\\\/fr\\\/#organization\"},\"areaServed\":{\"@type\":\"Country\",\"name\":\"Italie\"}}},{\"@type\":\"Offer\",\"itemOffered\":{\"@type\":\"Service\",\"@id\":\"https:\\\/\\\/www.delucapartners.it\\\/fr\\\/aree-di-attivita\\\/droit-de-limmigration\\\/#service\",\"name\":\"Droit de l&rsquo;immigration\",\"url\":\"https:\\\/\\\/www.delucapartners.it\\\/fr\\\/aree-di-attivita\\\/droit-de-limmigration\\\/\",\"provider\":{\"@id\":\"https:\\\/\\\/www.delucapartners.it\\\/fr\\\/#organization\"},\"areaServed\":{\"@type\":\"Country\",\"name\":\"Italie\"}}},{\"@type\":\"Offer\",\"itemOffered\":{\"@type\":\"Service\",\"@id\":\"https:\\\/\\\/www.delucapartners.it\\\/fr\\\/domaines-dactivites\\\/droit-de-la-securite-sociale\\\/#service\",\"name\":\"Droit de la s\u00e9curit\u00e9 sociale\",\"url\":\"https:\\\/\\\/www.delucapartners.it\\\/fr\\\/domaines-dactivites\\\/droit-de-la-securite-sociale\\\/\",\"provider\":{\"@id\":\"https:\\\/\\\/www.delucapartners.it\\\/fr\\\/#organization\"},\"areaServed\":{\"@type\":\"Country\",\"name\":\"Italie\"}}},{\"@type\":\"Offer\",\"itemOffered\":{\"@type\":\"Service\",\"@id\":\"https:\\\/\\\/www.delucapartners.it\\\/fr\\\/domaines-dactivites\\\/droit-fiscal-du-travail\\\/#service\",\"name\":\"Droit fiscal du travail\",\"url\":\"https:\\\/\\\/www.delucapartners.it\\\/fr\\\/domaines-dactivites\\\/droit-fiscal-du-travail\\\/\",\"provider\":{\"@id\":\"https:\\\/\\\/www.delucapartners.it\\\/fr\\\/#organization\"},\"areaServed\":{\"@type\":\"Country\",\"name\":\"Italie\"}}},{\"@type\":\"Offer\",\"itemOffered\":{\"@type\":\"Service\",\"@id\":\"https:\\\/\\\/www.delucapartners.it\\\/fr\\\/domaines-dactivites\\\/esg-pour-les-entreprises\\\/#service\",\"name\":\"ESG pour les entreprises\",\"url\":\"https:\\\/\\\/www.delucapartners.it\\\/fr\\\/domaines-dactivites\\\/esg-pour-les-entreprises\\\/\",\"provider\":{\"@id\":\"https:\\\/\\\/www.delucapartners.it\\\/fr\\\/#organization\"},\"areaServed\":{\"@type\":\"Country\",\"name\":\"Italie\"}}},{\"@type\":\"Offer\",\"itemOffered\":{\"@type\":\"Service\",\"@id\":\"https:\\\/\\\/www.delucapartners.it\\\/fr\\\/domaines-dactivites\\\/hro-hr-outsourcing\\\/#service\",\"name\":\"HRO &#8211; HR Outsourcing\",\"url\":\"https:\\\/\\\/www.delucapartners.it\\\/fr\\\/domaines-dactivites\\\/hro-hr-outsourcing\\\/\",\"provider\":{\"@id\":\"https:\\\/\\\/www.delucapartners.it\\\/fr\\\/#organization\"},\"areaServed\":{\"@type\":\"Country\",\"name\":\"Italie\"}}},{\"@type\":\"Offer\",\"itemOffered\":{\"@type\":\"Service\",\"@id\":\"https:\\\/\\\/www.delucapartners.it\\\/fr\\\/domaines-dactivites\\\/fusions-et-acquisitions-operations-extraordinaires-pour-les-rh\\\/#service\",\"name\":\"Fusions et acquisitions\\\/ Op\u00e9rations extraordinaires pour les RH\",\"url\":\"https:\\\/\\\/www.delucapartners.it\\\/fr\\\/domaines-dactivites\\\/fusions-et-acquisitions-operations-extraordinaires-pour-les-rh\\\/\",\"provider\":{\"@id\":\"https:\\\/\\\/www.delucapartners.it\\\/fr\\\/#organization\"},\"areaServed\":{\"@type\":\"Country\",\"name\":\"Italie\"}}},{\"@type\":\"Offer\",\"itemOffered\":{\"@type\":\"Service\",\"@id\":\"https:\\\/\\\/www.delucapartners.it\\\/fr\\\/domaines-dactivites\\\/relations-industrielles-reorganisations-et-restructurations\\\/#service\",\"name\":\"Relations industrielles, r\u00e9organisations et restructurations\",\"url\":\"https:\\\/\\\/www.delucapartners.it\\\/fr\\\/domaines-dactivites\\\/relations-industrielles-reorganisations-et-restructurations\\\/\",\"provider\":{\"@id\":\"https:\\\/\\\/www.delucapartners.it\\\/fr\\\/#organization\"},\"areaServed\":{\"@type\":\"Country\",\"name\":\"Italie\"}}},{\"@type\":\"Offer\",\"itemOffered\":{\"@type\":\"Service\",\"@id\":\"https:\\\/\\\/www.delucapartners.it\\\/fr\\\/domaines-dactivites\\\/la-sante-et-la-securite-au-travail\\\/#service\",\"name\":\"La sant\u00e9 et la s\u00e9curit\u00e9 au travail\",\"url\":\"https:\\\/\\\/www.delucapartners.it\\\/fr\\\/domaines-dactivites\\\/la-sante-et-la-securite-au-travail\\\/\",\"provider\":{\"@id\":\"https:\\\/\\\/www.delucapartners.it\\\/fr\\\/#organization\"},\"areaServed\":{\"@type\":\"Country\",\"name\":\"Italie\"}}},{\"@type\":\"Offer\",\"itemOffered\":{\"@type\":\"Service\",\"@id\":\"https:\\\/\\\/www.delucapartners.it\\\/fr\\\/domaines-dactivites\\\/haute-direction\\\/#service\",\"name\":\"Haute direction\",\"url\":\"https:\\\/\\\/www.delucapartners.it\\\/fr\\\/domaines-dactivites\\\/haute-direction\\\/\",\"provider\":{\"@id\":\"https:\\\/\\\/www.delucapartners.it\\\/fr\\\/#organization\"},\"areaServed\":{\"@type\":\"Country\",\"name\":\"Italie\"}}},{\"@type\":\"Offer\",\"itemOffered\":{\"@type\":\"Service\",\"@id\":\"https:\\\/\\\/www.delucapartners.it\\\/fr\\\/domaines-dactivites\\\/bien-etre-en-entreprise\\\/#service\",\"name\":\"Bien-\u00eatre en entreprise\",\"url\":\"https:\\\/\\\/www.delucapartners.it\\\/fr\\\/domaines-dactivites\\\/bien-etre-en-entreprise\\\/\",\"provider\":{\"@id\":\"https:\\\/\\\/www.delucapartners.it\\\/fr\\\/#organization\"},\"areaServed\":{\"@type\":\"Country\",\"name\":\"Italie\"}}},{\"@type\":\"Offer\",\"itemOffered\":{\"@type\":\"Service\",\"@id\":\"https:\\\/\\\/www.delucapartners.it\\\/fr\\\/domaines-dactivites\\\/lancement-dalertes\\\/#service\",\"name\":\"Lancement d\u2019alertes\",\"url\":\"https:\\\/\\\/www.delucapartners.it\\\/fr\\\/domaines-dactivites\\\/lancement-dalertes\\\/\",\"provider\":{\"@id\":\"https:\\\/\\\/www.delucapartners.it\\\/fr\\\/#organization\"},\"areaServed\":{\"@type\":\"Country\",\"name\":\"Italie\"}}}]}},{\"@type\":\"Person\",\"@id\":\"https:\\\/\\\/www.delucapartners.it\\\/fr\\\/#\\\/schema\\\/person\\\/00d0832a12e3889dce887a31e29d65f8\",\"name\":\"Melismelis\",\"image\":{\"@type\":\"ImageObject\",\"inLanguage\":\"fr-FR\",\"@id\":\"https:\\\/\\\/secure.gravatar.com\\\/avatar\\\/abc81b0c708aea145c773c368ae5bc3f1f3fd0d40a61429cb96d09523d41ab66?s=96&d=mm&r=g\",\"url\":\"https:\\\/\\\/secure.gravatar.com\\\/avatar\\\/abc81b0c708aea145c773c368ae5bc3f1f3fd0d40a61429cb96d09523d41ab66?s=96&d=mm&r=g\",\"contentUrl\":\"https:\\\/\\\/secure.gravatar.com\\\/avatar\\\/abc81b0c708aea145c773c368ae5bc3f1f3fd0d40a61429cb96d09523d41ab66?s=96&d=mm&r=g\",\"caption\":\"Melismelis\"},\"sameAs\":[\"https:\\\/\\\/www.delucapartners.it\"]}]}<\/script>\n<!-- \/ Yoast SEO plugin. -->","yoast_head_json":{"title":"Stock Option, la Corte d'Appello di Milano interviene in merito al calcolo della retribuzione (Norme &amp; Tributi Plus Lavoro \u2013 Il Sole 24 Ore, 9 settembre 2024 \u2013 Vittorio De Luca, Roberta Padula, Alesia Hima) - De Luca &amp; Partners","robots":{"index":"index","follow":"follow","max-snippet":"max-snippet:-1","max-image-preview":"max-image-preview:large","max-video-preview":"max-video-preview:-1"},"canonical":"https:\/\/www.delucapartners.it\/fr\/wp-json\/wp\/v2\/posts\/28596\/","og_locale":"fr_FR","og_type":"article","og_title":"Stock Option, la Corte d'Appello di Milano interviene in merito al calcolo della retribuzione (Norme &amp; Tributi Plus Lavoro \u2013 Il Sole 24 Ore, 9 settembre 2024 \u2013 Vittorio De Luca, Roberta Padula, Alesia Hima) - De Luca &amp; Partners","og_description":"Con la&nbsp;sentenza 470\/2024, la Corte d\u2019appello di Milano ha nuovamente affrontato la questione relativa alla possibilit\u00e0 di includere il ricavato ottenuto dalla vendita delle stock option nella retribuzione utile ai fini del calcolo del preavviso e delle indennit\u00e0 di fine rapporto. La Corte ha statuito che, poich\u00e9 nel caso specifico, i proventi derivanti dalle stock [&hellip;]","og_url":"https:\/\/www.delucapartners.it\/fr\/news\/le-stock-option-sono-parte-integrante-della-retribuzione-norme-tributi-plus-diritto-il-sole-24-ore-9-settembre-2024-vittorio-de-luca-roberta-padula-alesia-hima-3\/","og_site_name":"De Luca &amp; Partners","article_published_time":"2024-09-09T13:01:40+00:00","article_modified_time":"2026-02-13T10:35:47+00:00","og_image":[{"width":1200,"height":800,"url":"https:\/\/www.delucapartners.it\/wp-content\/uploads\/2026\/02\/shutterstock_1160427763-7.jpg","type":"image\/jpeg"}],"author":"Melismelis","twitter_card":"summary_large_image","twitter_misc":{"\u00c9crit par":"Melismelis","Dur\u00e9e de lecture estim\u00e9e":"2 minutes"},"schema":{"@context":"https:\/\/schema.org","@graph":[{"@type":"Article","@id":"https:\/\/www.delucapartners.it\/fr\/news\/le-stock-option-sono-parte-integrante-della-retribuzione-norme-tributi-plus-diritto-il-sole-24-ore-9-settembre-2024-vittorio-de-luca-roberta-padula-alesia-hima-3\/#article","isPartOf":{"@id":"https:\/\/www.delucapartners.it\/fr\/news\/le-stock-option-sono-parte-integrante-della-retribuzione-norme-tributi-plus-diritto-il-sole-24-ore-9-settembre-2024-vittorio-de-luca-roberta-padula-alesia-hima-3\/"},"author":{"name":"Melismelis","@id":"https:\/\/www.delucapartners.it\/fr\/#\/schema\/person\/00d0832a12e3889dce887a31e29d65f8"},"headline":"Stock Option, la Corte d&rsquo;Appello di Milano interviene in merito al calcolo della retribuzione (Norme &amp; Tributi Plus Lavoro \u2013 Il Sole 24 Ore, 9 settembre 2024 \u2013 Vittorio De Luca, Roberta Padula, Alesia Hima)","datePublished":"2024-09-09T13:01:40+00:00","dateModified":"2026-02-13T10:35:47+00:00","mainEntityOfPage":{"@id":"https:\/\/www.delucapartners.it\/fr\/news\/le-stock-option-sono-parte-integrante-della-retribuzione-norme-tributi-plus-diritto-il-sole-24-ore-9-settembre-2024-vittorio-de-luca-roberta-padula-alesia-hima-3\/"},"wordCount":409,"publisher":{"@id":"https:\/\/www.delucapartners.it\/fr\/#organization"},"image":{"@id":"https:\/\/www.delucapartners.it\/fr\/news\/le-stock-option-sono-parte-integrante-della-retribuzione-norme-tributi-plus-diritto-il-sole-24-ore-9-settembre-2024-vittorio-de-luca-roberta-padula-alesia-hima-3\/#primaryimage"},"thumbnailUrl":"https:\/\/www.delucapartners.it\/wp-content\/uploads\/2026\/02\/shutterstock_1160427763-7.jpg","keywords":["contratti collettivi","Corte d\u2019Appello Milano"],"articleSection":["Insights","News","Publications","Publications"],"inLanguage":"fr-FR"},{"@type":"WebPage","@id":"https:\/\/www.delucapartners.it\/fr\/news\/le-stock-option-sono-parte-integrante-della-retribuzione-norme-tributi-plus-diritto-il-sole-24-ore-9-settembre-2024-vittorio-de-luca-roberta-padula-alesia-hima-3\/","url":"https:\/\/www.delucapartners.it\/fr\/news\/le-stock-option-sono-parte-integrante-della-retribuzione-norme-tributi-plus-diritto-il-sole-24-ore-9-settembre-2024-vittorio-de-luca-roberta-padula-alesia-hima-3\/","name":"Stock Option, la Corte d'Appello di Milano interviene in merito al calcolo della retribuzione (Norme &amp; Tributi Plus Lavoro \u2013 Il Sole 24 Ore, 9 settembre 2024 \u2013 Vittorio De Luca, Roberta Padula, Alesia Hima) - De Luca &amp; Partners","isPartOf":{"@id":"https:\/\/www.delucapartners.it\/fr\/#website"},"primaryImageOfPage":{"@id":"https:\/\/www.delucapartners.it\/fr\/news\/le-stock-option-sono-parte-integrante-della-retribuzione-norme-tributi-plus-diritto-il-sole-24-ore-9-settembre-2024-vittorio-de-luca-roberta-padula-alesia-hima-3\/#primaryimage"},"image":{"@id":"https:\/\/www.delucapartners.it\/fr\/news\/le-stock-option-sono-parte-integrante-della-retribuzione-norme-tributi-plus-diritto-il-sole-24-ore-9-settembre-2024-vittorio-de-luca-roberta-padula-alesia-hima-3\/#primaryimage"},"thumbnailUrl":"https:\/\/www.delucapartners.it\/wp-content\/uploads\/2026\/02\/shutterstock_1160427763-7.jpg","datePublished":"2024-09-09T13:01:40+00:00","dateModified":"2026-02-13T10:35:47+00:00","breadcrumb":{"@id":"https:\/\/www.delucapartners.it\/fr\/news\/le-stock-option-sono-parte-integrante-della-retribuzione-norme-tributi-plus-diritto-il-sole-24-ore-9-settembre-2024-vittorio-de-luca-roberta-padula-alesia-hima-3\/#breadcrumb"},"inLanguage":"fr-FR","potentialAction":[{"@type":"ReadAction","target":["https:\/\/www.delucapartners.it\/fr\/news\/le-stock-option-sono-parte-integrante-della-retribuzione-norme-tributi-plus-diritto-il-sole-24-ore-9-settembre-2024-vittorio-de-luca-roberta-padula-alesia-hima-3\/"]}]},{"@type":"ImageObject","inLanguage":"fr-FR","@id":"https:\/\/www.delucapartners.it\/fr\/news\/le-stock-option-sono-parte-integrante-della-retribuzione-norme-tributi-plus-diritto-il-sole-24-ore-9-settembre-2024-vittorio-de-luca-roberta-padula-alesia-hima-3\/#primaryimage","url":"https:\/\/www.delucapartners.it\/wp-content\/uploads\/2026\/02\/shutterstock_1160427763-7.jpg","contentUrl":"https:\/\/www.delucapartners.it\/wp-content\/uploads\/2026\/02\/shutterstock_1160427763-7.jpg","width":1200,"height":800},{"@type":"BreadcrumbList","@id":"https:\/\/www.delucapartners.it\/fr\/news\/le-stock-option-sono-parte-integrante-della-retribuzione-norme-tributi-plus-diritto-il-sole-24-ore-9-settembre-2024-vittorio-de-luca-roberta-padula-alesia-hima-3\/#breadcrumb","itemListElement":[{"@type":"ListItem","position":1,"name":"Home","item":"https:\/\/www.delucapartners.it\/fr\/"},{"@type":"ListItem","position":2,"name":"Stock Option, la Corte d&#8217;Appello di Milano interviene in merito al calcolo della retribuzione (Norme &amp; Tributi Plus Lavoro \u2013 Il Sole 24 Ore, 9 settembre 2024 \u2013 Vittorio De Luca, Roberta Padula, Alesia Hima)"}]},{"@type":"WebSite","@id":"https:\/\/www.delucapartners.it\/fr\/#website","url":"https:\/\/www.delucapartners.it\/fr\/","name":"De Luca & Partners","description":"","publisher":{"@id":"https:\/\/www.delucapartners.it\/fr\/#organization"},"potentialAction":[{"@type":"SearchAction","target":{"@type":"EntryPoint","urlTemplate":"https:\/\/www.delucapartners.it\/fr\/?s={search_term_string}"},"query-input":{"@type":"PropertyValueSpecification","valueRequired":true,"valueName":"search_term_string"}}],"inLanguage":"fr-FR"},{"@type":"LegalService","@id":"https:\/\/www.delucapartners.it\/fr\/#organization","name":"De Luca & Partners","alternateName":"Studio Legale De Luca & Partners","url":"https:\/\/www.delucapartners.it\/","logo":{"@type":"ImageObject","@id":"https:\/\/www.delucapartners.it\/fr\/#logo","url":"https:\/\/www.delucapartners.it\/wp-content\/uploads\/2026\/02\/cropped-icon-192x192-1.png","contentUrl":"https:\/\/www.delucapartners.it\/wp-content\/uploads\/2026\/02\/cropped-icon-192x192-1.png","width":512,"height":512,"caption":"De Luca & Partners"},"image":{"@id":"https:\/\/www.delucapartners.it\/fr\/#logo"},"description":"De Luca & Partners est un cabinet d\u2019avocats ind\u00e9pendant fond\u00e9 en 1976, sp\u00e9cialis\u00e9 en droit du travail et en protection des donn\u00e9es, qui conseille et assiste des entreprises italiennes et multinationales.","foundingDate":"1976","founder":{"@type":"Person","@id":"https:\/\/www.delucapartners.it\/#person-vincenzo-de-luca","name":"Vincenzo De Luca","url":"https:\/\/www.delucapartners.it\/fr\/professionnels\/vincenzo-de-luca\/"},"address":{"@type":"PostalAddress","streetAddress":"Largo A. Toscanini, 1","postalCode":"20122","addressLocality":"Milano","addressRegion":"Lombardia","addressCountry":"IT"},"telephone":"+39023655651","email":"info@delucapartners.it","vatID":"IT12621700157","areaServed":{"@type":"Country","name":"Italie"},"contactPoint":{"@type":"ContactPoint","contactType":"informations g\u00e9n\u00e9rales","telephone":"+39023655651","email":"info@delucapartners.it","availableLanguage":["it","en","fr"],"areaServed":"IT"},"sameAs":["https:\/\/www.linkedin.com\/company\/deluca%26partners\/","https:\/\/www.youtube.com\/channel\/UCpT03V-ndoLilQhQR1l-kwA"],"hasOfferCatalog":{"@type":"OfferCatalog","@id":"https:\/\/www.delucapartners.it\/fr\/#offer-catalog-fr","name":"Domaines d\u2019activit\u00e9s","itemListElement":[{"@type":"Offer","itemOffered":{"@type":"Service","@id":"https:\/\/www.delucapartners.it\/fr\/domaines-dactivites\/conformite-a-la-reglementation-sur-la-protection-des-donnees-rgpd\/#service","name":"Conformit\u00e9 \u00e0 la r\u00e9glementation sur la protection des donn\u00e9es (RGPD)","url":"https:\/\/www.delucapartners.it\/fr\/domaines-dactivites\/conformite-a-la-reglementation-sur-la-protection-des-donnees-rgpd\/","provider":{"@id":"https:\/\/www.delucapartners.it\/fr\/#organization"},"areaServed":{"@type":"Country","name":"Italie"}}},{"@type":"Offer","itemOffered":{"@type":"Service","@id":"https:\/\/www.delucapartners.it\/fr\/domaines-dactivites\/prestations-en-cas-de-licenciement-economique-cigs-cigo-solidarite\/#service","name":"Prestations en cas de licenciement \u00e9conomique (CIGS-CIGO-Solidarit\u00e9)","url":"https:\/\/www.delucapartners.it\/fr\/domaines-dactivites\/prestations-en-cas-de-licenciement-economique-cigs-cigo-solidarite\/","provider":{"@id":"https:\/\/www.delucapartners.it\/fr\/#organization"},"areaServed":{"@type":"Country","name":"Italie"}}},{"@type":"Offer","itemOffered":{"@type":"Service","@id":"https:\/\/www.delucapartners.it\/fr\/domaines-dactivites\/conformite-responsabilite-administrative-des-personnes-morales-decret-legislatif-italien-n-231-01\/#service","name":"Conformit\u00e9 &#8211; responsabilit\u00e9 administrative des personnes morales","url":"https:\/\/www.delucapartners.it\/fr\/domaines-dactivites\/conformite-responsabilite-administrative-des-personnes-morales-decret-legislatif-italien-n-231-01\/","provider":{"@id":"https:\/\/www.delucapartners.it\/fr\/#organization"},"areaServed":{"@type":"Country","name":"Italie"}}},{"@type":"Offer","itemOffered":{"@type":"Service","@id":"https:\/\/www.delucapartners.it\/fr\/domaines-dactivites\/contentieux-du-droit-du-travail\/#service","name":"Contentieux du droit du travail","url":"https:\/\/www.delucapartners.it\/fr\/domaines-dactivites\/contentieux-du-droit-du-travail\/","provider":{"@id":"https:\/\/www.delucapartners.it\/fr\/#organization"},"areaServed":{"@type":"Country","name":"Italie"}}},{"@type":"Offer","itemOffered":{"@type":"Service","@id":"https:\/\/www.delucapartners.it\/fr\/domaines-dactivites\/contentieux-du-droit-du-travail\/licenciement-economique\/#service","name":"Licenciement \u00e9conomique","url":"https:\/\/www.delucapartners.it\/fr\/domaines-dactivites\/contentieux-du-droit-du-travail\/licenciement-economique\/","provider":{"@id":"https:\/\/www.delucapartners.it\/fr\/#organization"},"areaServed":{"@type":"Country","name":"Italie"}}},{"@type":"Offer","itemOffered":{"@type":"Service","@id":"https:\/\/www.delucapartners.it\/fr\/domaines-dactivites\/contentieux-du-droit-du-travail\/requalification-legitimite-de-la-relation-de-travail-dindependant-ou-para-subordonne-a-subordonne\/#service","name":"Requalification\/legitimite de la relation de travail (d\u2019independant ou para-subordonne a subordonne)","url":"https:\/\/www.delucapartners.it\/fr\/domaines-dactivites\/contentieux-du-droit-du-travail\/requalification-legitimite-de-la-relation-de-travail-dindependant-ou-para-subordonne-a-subordonne\/","provider":{"@id":"https:\/\/www.delucapartners.it\/fr\/#organization"},"areaServed":{"@type":"Country","name":"Italie"}}},{"@type":"Offer","itemOffered":{"@type":"Service","@id":"https:\/\/www.delucapartners.it\/fr\/domaines-dactivites\/contentieux-du-droit-du-travail\/contrat-dagence-differences-sur-les-commissions-indemnite-de-cessation-conf-a-lart-1751-violation-de-lobligation-de-non-concurrence\/#service","name":"Contrat d\u2019agence (differences sur les commissions ; indemnite de cessation conf. a l\u2019art. 1751 ; violation de l\u2019obligation de non concurrence)","url":"https:\/\/www.delucapartners.it\/fr\/domaines-dactivites\/contentieux-du-droit-du-travail\/contrat-dagence-differences-sur-les-commissions-indemnite-de-cessation-conf-a-lart-1751-violation-de-lobligation-de-non-concurrence\/","provider":{"@id":"https:\/\/www.delucapartners.it\/fr\/#organization"},"areaServed":{"@type":"Country","name":"Italie"}}},{"@type":"Offer","itemOffered":{"@type":"Service","@id":"https:\/\/www.delucapartners.it\/fr\/domaines-dactivites\/contentieux-du-droit-du-travail\/mobbing\/#service","name":"Mobbing","url":"https:\/\/www.delucapartners.it\/fr\/domaines-dactivites\/contentieux-du-droit-du-travail\/mobbing\/","provider":{"@id":"https:\/\/www.delucapartners.it\/fr\/#organization"},"areaServed":{"@type":"Country","name":"Italie"}}},{"@type":"Offer","itemOffered":{"@type":"Service","@id":"https:\/\/www.delucapartners.it\/fr\/domaines-dactivites\/contentieux-du-droit-du-travail\/fourniture-de-main-doeuvre-sous-traitance\/#service","name":"Fourniture de main d\u2019\u0153uvre \/ Sous-traitance","url":"https:\/\/www.delucapartners.it\/fr\/domaines-dactivites\/contentieux-du-droit-du-travail\/fourniture-de-main-doeuvre-sous-traitance\/","provider":{"@id":"https:\/\/www.delucapartners.it\/fr\/#organization"},"areaServed":{"@type":"Country","name":"Italie"}}},{"@type":"Offer","itemOffered":{"@type":"Service","@id":"https:\/\/www.delucapartners.it\/fr\/domaines-dactivites\/contentieux-du-droit-du-travail\/cotisations-et-les-sanctions\/#service","name":"Cotisations et les sanctions","url":"https:\/\/www.delucapartners.it\/fr\/domaines-dactivites\/contentieux-du-droit-du-travail\/cotisations-et-les-sanctions\/","provider":{"@id":"https:\/\/www.delucapartners.it\/fr\/#organization"},"areaServed":{"@type":"Country","name":"Italie"}}},{"@type":"Offer","itemOffered":{"@type":"Service","@id":"https:\/\/www.delucapartners.it\/fr\/domaines-dactivites\/contentieux-du-droit-du-travail\/contrats-de-travail-a-duree-determinee\/#service","name":"Contrats de travail \u00e0 dur\u00e9e d\u00e9termin\u00e9e","url":"https:\/\/www.delucapartners.it\/fr\/domaines-dactivites\/contentieux-du-droit-du-travail\/contrats-de-travail-a-duree-determinee\/","provider":{"@id":"https:\/\/www.delucapartners.it\/fr\/#organization"},"areaServed":{"@type":"Country","name":"Italie"}}},{"@type":"Offer","itemOffered":{"@type":"Service","@id":"https:\/\/www.delucapartners.it\/fr\/domaines-dactivites\/contentieux-du-droit-du-travail\/fonctions-retrogradation\/#service","name":"Fonctions\/r\u00e9trogradation","url":"https:\/\/www.delucapartners.it\/fr\/domaines-dactivites\/contentieux-du-droit-du-travail\/fonctions-retrogradation\/","provider":{"@id":"https:\/\/www.delucapartners.it\/fr\/#organization"},"areaServed":{"@type":"Country","name":"Italie"}}},{"@type":"Offer","itemOffered":{"@type":"Service","@id":"https:\/\/www.delucapartners.it\/fr\/domaines-dactivites\/contentieux-du-droit-du-travail\/transfert-individuels-ou-collectifs\/#service","name":"Transfert individuels ou collectifs","url":"https:\/\/www.delucapartners.it\/fr\/domaines-dactivites\/contentieux-du-droit-du-travail\/transfert-individuels-ou-collectifs\/","provider":{"@id":"https:\/\/www.delucapartners.it\/fr\/#organization"},"areaServed":{"@type":"Country","name":"Italie"}}},{"@type":"Offer","itemOffered":{"@type":"Service","@id":"https:\/\/www.delucapartners.it\/fr\/domaines-dactivites\/contentieux-du-droit-du-travail\/indemnite-de-depart\/#service","name":"Indemnit\u00e9 de d\u00e9part","url":"https:\/\/www.delucapartners.it\/fr\/domaines-dactivites\/contentieux-du-droit-du-travail\/indemnite-de-depart\/","provider":{"@id":"https:\/\/www.delucapartners.it\/fr\/#organization"},"areaServed":{"@type":"Country","name":"Italie"}}},{"@type":"Offer","itemOffered":{"@type":"Service","@id":"https:\/\/www.delucapartners.it\/fr\/domaines-dactivites\/contentieux-du-droit-du-travail\/impots-et-les-sanctions\/#service","name":"Imp\u00f4ts et les sanctions","url":"https:\/\/www.delucapartners.it\/fr\/domaines-dactivites\/contentieux-du-droit-du-travail\/impots-et-les-sanctions\/","provider":{"@id":"https:\/\/www.delucapartners.it\/fr\/#organization"},"areaServed":{"@type":"Country","name":"Italie"}}},{"@type":"Offer","itemOffered":{"@type":"Service","@id":"https:\/\/www.delucapartners.it\/fr\/domaines-dactivites\/contentieux-du-droit-du-travail\/retribution-fixe-avantages\/#service","name":"R\u00e9tribution fixe\/avantages","url":"https:\/\/www.delucapartners.it\/fr\/domaines-dactivites\/contentieux-du-droit-du-travail\/retribution-fixe-avantages\/","provider":{"@id":"https:\/\/www.delucapartners.it\/fr\/#organization"},"areaServed":{"@type":"Country","name":"Italie"}}},{"@type":"Offer","itemOffered":{"@type":"Service","@id":"https:\/\/www.delucapartners.it\/fr\/domaines-dactivites\/contentieux-du-droit-du-travail\/administrateurs\/#service","name":"Administrateurs","url":"https:\/\/www.delucapartners.it\/fr\/domaines-dactivites\/contentieux-du-droit-du-travail\/administrateurs\/","provider":{"@id":"https:\/\/www.delucapartners.it\/fr\/#organization"},"areaServed":{"@type":"Country","name":"Italie"}}},{"@type":"Offer","itemOffered":{"@type":"Service","@id":"https:\/\/www.delucapartners.it\/fr\/domaines-dactivites\/contentieux-du-droit-du-travail\/maternite-et-conge-post-natal\/#service","name":"Maternit\u00e9 et cong\u00e9 post-natal","url":"https:\/\/www.delucapartners.it\/fr\/domaines-dactivites\/contentieux-du-droit-du-travail\/maternite-et-conge-post-natal\/","provider":{"@id":"https:\/\/www.delucapartners.it\/fr\/#organization"},"areaServed":{"@type":"Country","name":"Italie"}}},{"@type":"Offer","itemOffered":{"@type":"Service","@id":"https:\/\/www.delucapartners.it\/fr\/domaines-dactivites\/contentieux-du-droit-du-travail\/plans-doption-dachat-dactions\/#service","name":"Plans d\u2019option d\u2019achat d\u2019actions","url":"https:\/\/www.delucapartners.it\/fr\/domaines-dactivites\/contentieux-du-droit-du-travail\/plans-doption-dachat-dactions\/","provider":{"@id":"https:\/\/www.delucapartners.it\/fr\/#organization"},"areaServed":{"@type":"Country","name":"Italie"}}},{"@type":"Offer","itemOffered":{"@type":"Service","@id":"https:\/\/www.delucapartners.it\/fr\/domaines-dactivites\/contentieux-du-droit-du-travail\/licenciement-pour-juste-motif\/#service","name":"Licenciement pour juste motif","url":"https:\/\/www.delucapartners.it\/fr\/domaines-dactivites\/contentieux-du-droit-du-travail\/licenciement-pour-juste-motif\/","provider":{"@id":"https:\/\/www.delucapartners.it\/fr\/#organization"},"areaServed":{"@type":"Country","name":"Italie"}}},{"@type":"Offer","itemOffered":{"@type":"Service","@id":"https:\/\/www.delucapartners.it\/fr\/domaines-dactivites\/contentieux-du-droit-du-travail\/resiliation-pendant-la-periode-dessai\/#service","name":"R\u00e9siliation pendant la p\u00e9riode d\u2019essai","url":"https:\/\/www.delucapartners.it\/fr\/domaines-dactivites\/contentieux-du-droit-du-travail\/resiliation-pendant-la-periode-dessai\/","provider":{"@id":"https:\/\/www.delucapartners.it\/fr\/#organization"},"areaServed":{"@type":"Country","name":"Italie"}}},{"@type":"Offer","itemOffered":{"@type":"Service","@id":"https:\/\/www.delucapartners.it\/fr\/domaines-dactivites\/contentieux-du-droit-du-travail\/licenciement-multiple-individuel-reduction-de-personnel\/#service","name":"Licenciement multiple individuel (r\u00e9duction de personnel)\u202f","url":"https:\/\/www.delucapartners.it\/fr\/domaines-dactivites\/contentieux-du-droit-du-travail\/licenciement-multiple-individuel-reduction-de-personnel\/","provider":{"@id":"https:\/\/www.delucapartners.it\/fr\/#organization"},"areaServed":{"@type":"Country","name":"Italie"}}},{"@type":"Offer","itemOffered":{"@type":"Service","@id":"https:\/\/www.delucapartners.it\/fr\/domaines-dactivites\/contentieux-du-droit-du-travail\/violation-de-la-clause-de-non-concurrence\/#service","name":"Violation de la clause de non-concurrence","url":"https:\/\/www.delucapartners.it\/fr\/domaines-dactivites\/contentieux-du-droit-du-travail\/violation-de-la-clause-de-non-concurrence\/","provider":{"@id":"https:\/\/www.delucapartners.it\/fr\/#organization"},"areaServed":{"@type":"Country","name":"Italie"}}},{"@type":"Offer","itemOffered":{"@type":"Service","@id":"https:\/\/www.delucapartners.it\/fr\/domaines-dactivites\/contentieux-du-droit-du-travail\/licenciements-collectifs\/#service","name":"Licenciements collectifs","url":"https:\/\/www.delucapartners.it\/fr\/domaines-dactivites\/contentieux-du-droit-du-travail\/licenciements-collectifs\/","provider":{"@id":"https:\/\/www.delucapartners.it\/fr\/#organization"},"areaServed":{"@type":"Country","name":"Italie"}}},{"@type":"Offer","itemOffered":{"@type":"Service","@id":"https:\/\/www.delucapartners.it\/fr\/domaines-dactivites\/contentieux-du-droit-du-travail\/activite-anti-syndicale-conf-a-lart-28-du-statut-des-travailleurs\/#service","name":"Activit\u00e9 anti-syndicale conf. \u00e0 l\u2019art. 28 du Statut des travailleurs","url":"https:\/\/www.delucapartners.it\/fr\/domaines-dactivites\/contentieux-du-droit-du-travail\/activite-anti-syndicale-conf-a-lart-28-du-statut-des-travailleurs\/","provider":{"@id":"https:\/\/www.delucapartners.it\/fr\/#organization"},"areaServed":{"@type":"Country","name":"Italie"}}},{"@type":"Offer","itemOffered":{"@type":"Service","@id":"https:\/\/www.delucapartners.it\/fr\/domaines-dactivites\/contentieux-du-droit-du-travail\/demission-pour-juste-motif\/#service","name":"D\u00e9mission pour juste motif","url":"https:\/\/www.delucapartners.it\/fr\/domaines-dactivites\/contentieux-du-droit-du-travail\/demission-pour-juste-motif\/","provider":{"@id":"https:\/\/www.delucapartners.it\/fr\/#organization"},"areaServed":{"@type":"Country","name":"Italie"}}},{"@type":"Offer","itemOffered":{"@type":"Service","@id":"https:\/\/www.delucapartners.it\/fr\/domaines-dactivites\/contentieux-du-droit-du-travail\/contrat-de-travail-para-subordonne\/#service","name":"Contrat de travail para-subordonn\u00e9","url":"https:\/\/www.delucapartners.it\/fr\/domaines-dactivites\/contentieux-du-droit-du-travail\/contrat-de-travail-para-subordonne\/","provider":{"@id":"https:\/\/www.delucapartners.it\/fr\/#organization"},"areaServed":{"@type":"Country","name":"Italie"}}},{"@type":"Offer","itemOffered":{"@type":"Service","@id":"https:\/\/www.delucapartners.it\/fr\/domaines-dactivites\/contentieux-du-droit-du-travail\/licenciement-pour-depassement-de-la-periode-de-conges-maladie\/#service","name":"Licenciement pour d\u00e9passement de la p\u00e9riode de cong\u00e9s maladie","url":"https:\/\/www.delucapartners.it\/fr\/domaines-dactivites\/contentieux-du-droit-du-travail\/licenciement-pour-depassement-de-la-periode-de-conges-maladie\/","provider":{"@id":"https:\/\/www.delucapartners.it\/fr\/#organization"},"areaServed":{"@type":"Country","name":"Italie"}}},{"@type":"Offer","itemOffered":{"@type":"Service","@id":"https:\/\/www.delucapartners.it\/fr\/domaines-dactivites\/contentieux-du-droit-du-travail\/preavis-art-2118-du-code-civil-italien\/#service","name":"Pr\u00e9avis (art. 2118 du Code civil italien)","url":"https:\/\/www.delucapartners.it\/fr\/domaines-dactivites\/contentieux-du-droit-du-travail\/preavis-art-2118-du-code-civil-italien\/","provider":{"@id":"https:\/\/www.delucapartners.it\/fr\/#organization"},"areaServed":{"@type":"Country","name":"Italie"}}},{"@type":"Offer","itemOffered":{"@type":"Service","@id":"https:\/\/www.delucapartners.it\/fr\/domaines-dactivites\/contentieux-du-droit-du-travail\/conventions-collectives-de-ii-niveau\/#service","name":"Conventions collectives de II\u00b0 niveau","url":"https:\/\/www.delucapartners.it\/fr\/domaines-dactivites\/contentieux-du-droit-du-travail\/conventions-collectives-de-ii-niveau\/","provider":{"@id":"https:\/\/www.delucapartners.it\/fr\/#organization"},"areaServed":{"@type":"Country","name":"Italie"}}},{"@type":"Offer","itemOffered":{"@type":"Service","@id":"https:\/\/www.delucapartners.it\/fr\/domaines-dactivites\/contentieux-du-droit-du-travail\/accidents-du-travail\/#service","name":"Accidents du travail","url":"https:\/\/www.delucapartners.it\/fr\/domaines-dactivites\/contentieux-du-droit-du-travail\/accidents-du-travail\/","provider":{"@id":"https:\/\/www.delucapartners.it\/fr\/#organization"},"areaServed":{"@type":"Country","name":"Italie"}}},{"@type":"Offer","itemOffered":{"@type":"Service","@id":"https:\/\/www.delucapartners.it\/fr\/domaines-dactivites\/contentieux-du-droit-du-travail\/cessions-dentreprises-de-branches-dactivite\/#service","name":"Cessions d\u2019entreprises\/de branches d\u2019activit\u00e9","url":"https:\/\/www.delucapartners.it\/fr\/domaines-dactivites\/contentieux-du-droit-du-travail\/cessions-dentreprises-de-branches-dactivite\/","provider":{"@id":"https:\/\/www.delucapartners.it\/fr\/#organization"},"areaServed":{"@type":"Country","name":"Italie"}}},{"@type":"Offer","itemOffered":{"@type":"Service","@id":"https:\/\/www.delucapartners.it\/fr\/domaines-dactivites\/contrats-de-distribution\/#service","name":"Contrats de distribution","url":"https:\/\/www.delucapartners.it\/fr\/domaines-dactivites\/contrats-de-distribution\/","provider":{"@id":"https:\/\/www.delucapartners.it\/fr\/#organization"},"areaServed":{"@type":"Country","name":"Italie"}}},{"@type":"Offer","itemOffered":{"@type":"Service","@id":"https:\/\/www.delucapartners.it\/fr\/domaines-dactivites\/contrats-de-travail-independant-et-parasubordonnes\/#service","name":"Contrats de travail ind\u00e9pendant et parasubordonn\u00e9s","url":"https:\/\/www.delucapartners.it\/fr\/domaines-dactivites\/contrats-de-travail-independant-et-parasubordonnes\/","provider":{"@id":"https:\/\/www.delucapartners.it\/fr\/#organization"},"areaServed":{"@type":"Country","name":"Italie"}}},{"@type":"Offer","itemOffered":{"@type":"Service","@id":"https:\/\/www.delucapartners.it\/fr\/domaines-dactivites\/contrat-dagence\/#service","name":"Contrat d&rsquo;agence","url":"https:\/\/www.delucapartners.it\/fr\/domaines-dactivites\/contrat-dagence\/","provider":{"@id":"https:\/\/www.delucapartners.it\/fr\/#organization"},"areaServed":{"@type":"Country","name":"Italie"}}},{"@type":"Offer","itemOffered":{"@type":"Service","@id":"https:\/\/www.delucapartners.it\/fr\/domaines-dactivites\/droit-du-travail\/#service","name":"Droit du travail","url":"https:\/\/www.delucapartners.it\/fr\/domaines-dactivites\/droit-du-travail\/","provider":{"@id":"https:\/\/www.delucapartners.it\/fr\/#organization"},"areaServed":{"@type":"Country","name":"Italie"}}},{"@type":"Offer","itemOffered":{"@type":"Service","@id":"https:\/\/www.delucapartners.it\/fr\/aree-di-attivita\/droit-de-limmigration\/#service","name":"Droit de l&rsquo;immigration","url":"https:\/\/www.delucapartners.it\/fr\/aree-di-attivita\/droit-de-limmigration\/","provider":{"@id":"https:\/\/www.delucapartners.it\/fr\/#organization"},"areaServed":{"@type":"Country","name":"Italie"}}},{"@type":"Offer","itemOffered":{"@type":"Service","@id":"https:\/\/www.delucapartners.it\/fr\/domaines-dactivites\/droit-de-la-securite-sociale\/#service","name":"Droit de la s\u00e9curit\u00e9 sociale","url":"https:\/\/www.delucapartners.it\/fr\/domaines-dactivites\/droit-de-la-securite-sociale\/","provider":{"@id":"https:\/\/www.delucapartners.it\/fr\/#organization"},"areaServed":{"@type":"Country","name":"Italie"}}},{"@type":"Offer","itemOffered":{"@type":"Service","@id":"https:\/\/www.delucapartners.it\/fr\/domaines-dactivites\/droit-fiscal-du-travail\/#service","name":"Droit fiscal du travail","url":"https:\/\/www.delucapartners.it\/fr\/domaines-dactivites\/droit-fiscal-du-travail\/","provider":{"@id":"https:\/\/www.delucapartners.it\/fr\/#organization"},"areaServed":{"@type":"Country","name":"Italie"}}},{"@type":"Offer","itemOffered":{"@type":"Service","@id":"https:\/\/www.delucapartners.it\/fr\/domaines-dactivites\/esg-pour-les-entreprises\/#service","name":"ESG pour les entreprises","url":"https:\/\/www.delucapartners.it\/fr\/domaines-dactivites\/esg-pour-les-entreprises\/","provider":{"@id":"https:\/\/www.delucapartners.it\/fr\/#organization"},"areaServed":{"@type":"Country","name":"Italie"}}},{"@type":"Offer","itemOffered":{"@type":"Service","@id":"https:\/\/www.delucapartners.it\/fr\/domaines-dactivites\/hro-hr-outsourcing\/#service","name":"HRO &#8211; HR Outsourcing","url":"https:\/\/www.delucapartners.it\/fr\/domaines-dactivites\/hro-hr-outsourcing\/","provider":{"@id":"https:\/\/www.delucapartners.it\/fr\/#organization"},"areaServed":{"@type":"Country","name":"Italie"}}},{"@type":"Offer","itemOffered":{"@type":"Service","@id":"https:\/\/www.delucapartners.it\/fr\/domaines-dactivites\/fusions-et-acquisitions-operations-extraordinaires-pour-les-rh\/#service","name":"Fusions et acquisitions\/ Op\u00e9rations extraordinaires pour les RH","url":"https:\/\/www.delucapartners.it\/fr\/domaines-dactivites\/fusions-et-acquisitions-operations-extraordinaires-pour-les-rh\/","provider":{"@id":"https:\/\/www.delucapartners.it\/fr\/#organization"},"areaServed":{"@type":"Country","name":"Italie"}}},{"@type":"Offer","itemOffered":{"@type":"Service","@id":"https:\/\/www.delucapartners.it\/fr\/domaines-dactivites\/relations-industrielles-reorganisations-et-restructurations\/#service","name":"Relations industrielles, r\u00e9organisations et restructurations","url":"https:\/\/www.delucapartners.it\/fr\/domaines-dactivites\/relations-industrielles-reorganisations-et-restructurations\/","provider":{"@id":"https:\/\/www.delucapartners.it\/fr\/#organization"},"areaServed":{"@type":"Country","name":"Italie"}}},{"@type":"Offer","itemOffered":{"@type":"Service","@id":"https:\/\/www.delucapartners.it\/fr\/domaines-dactivites\/la-sante-et-la-securite-au-travail\/#service","name":"La sant\u00e9 et la s\u00e9curit\u00e9 au travail","url":"https:\/\/www.delucapartners.it\/fr\/domaines-dactivites\/la-sante-et-la-securite-au-travail\/","provider":{"@id":"https:\/\/www.delucapartners.it\/fr\/#organization"},"areaServed":{"@type":"Country","name":"Italie"}}},{"@type":"Offer","itemOffered":{"@type":"Service","@id":"https:\/\/www.delucapartners.it\/fr\/domaines-dactivites\/haute-direction\/#service","name":"Haute direction","url":"https:\/\/www.delucapartners.it\/fr\/domaines-dactivites\/haute-direction\/","provider":{"@id":"https:\/\/www.delucapartners.it\/fr\/#organization"},"areaServed":{"@type":"Country","name":"Italie"}}},{"@type":"Offer","itemOffered":{"@type":"Service","@id":"https:\/\/www.delucapartners.it\/fr\/domaines-dactivites\/bien-etre-en-entreprise\/#service","name":"Bien-\u00eatre en entreprise","url":"https:\/\/www.delucapartners.it\/fr\/domaines-dactivites\/bien-etre-en-entreprise\/","provider":{"@id":"https:\/\/www.delucapartners.it\/fr\/#organization"},"areaServed":{"@type":"Country","name":"Italie"}}},{"@type":"Offer","itemOffered":{"@type":"Service","@id":"https:\/\/www.delucapartners.it\/fr\/domaines-dactivites\/lancement-dalertes\/#service","name":"Lancement d\u2019alertes","url":"https:\/\/www.delucapartners.it\/fr\/domaines-dactivites\/lancement-dalertes\/","provider":{"@id":"https:\/\/www.delucapartners.it\/fr\/#organization"},"areaServed":{"@type":"Country","name":"Italie"}}}]}},{"@type":"Person","@id":"https:\/\/www.delucapartners.it\/fr\/#\/schema\/person\/00d0832a12e3889dce887a31e29d65f8","name":"Melismelis","image":{"@type":"ImageObject","inLanguage":"fr-FR","@id":"https:\/\/secure.gravatar.com\/avatar\/abc81b0c708aea145c773c368ae5bc3f1f3fd0d40a61429cb96d09523d41ab66?s=96&d=mm&r=g","url":"https:\/\/secure.gravatar.com\/avatar\/abc81b0c708aea145c773c368ae5bc3f1f3fd0d40a61429cb96d09523d41ab66?s=96&d=mm&r=g","contentUrl":"https:\/\/secure.gravatar.com\/avatar\/abc81b0c708aea145c773c368ae5bc3f1f3fd0d40a61429cb96d09523d41ab66?s=96&d=mm&r=g","caption":"Melismelis"},"sameAs":["https:\/\/www.delucapartners.it"]}]}},"amp_enabled":true,"permalink_manager":null,"_links":{"self":[{"href":"https:\/\/www.delucapartners.it\/fr\/wp-json\/wp\/v2\/posts\/28596","targetHints":{"allow":["GET"]}}],"collection":[{"href":"https:\/\/www.delucapartners.it\/fr\/wp-json\/wp\/v2\/posts"}],"about":[{"href":"https:\/\/www.delucapartners.it\/fr\/wp-json\/wp\/v2\/types\/post"}],"author":[{"embeddable":true,"href":"https:\/\/www.delucapartners.it\/fr\/wp-json\/wp\/v2\/users\/5"}],"replies":[{"embeddable":true,"href":"https:\/\/www.delucapartners.it\/fr\/wp-json\/wp\/v2\/comments?post=28596"}],"version-history":[{"count":1,"href":"https:\/\/www.delucapartners.it\/fr\/wp-json\/wp\/v2\/posts\/28596\/revisions"}],"predecessor-version":[{"id":28598,"href":"https:\/\/www.delucapartners.it\/fr\/wp-json\/wp\/v2\/posts\/28596\/revisions\/28598"}],"wp:featuredmedia":[{"embeddable":true,"href":"https:\/\/www.delucapartners.it\/fr\/wp-json\/wp\/v2\/media\/28597"}],"wp:attachment":[{"href":"https:\/\/www.delucapartners.it\/fr\/wp-json\/wp\/v2\/media?parent=28596"}],"wp:term":[{"taxonomy":"category","embeddable":true,"href":"https:\/\/www.delucapartners.it\/fr\/wp-json\/wp\/v2\/categories?post=28596"},{"taxonomy":"post_tag","embeddable":true,"href":"https:\/\/www.delucapartners.it\/fr\/wp-json\/wp\/v2\/tags?post=28596"}],"curies":[{"name":"wp","href":"https:\/\/api.w.org\/{rel}","templated":true}]}}