{"id":32716,"date":"2026-09-01T12:56:02","date_gmt":"2026-09-01T10:56:02","guid":{"rendered":"https:\/\/www.delucapartners.it\/news\/lavoro-straordinario-non-basta-un-prospetto-riepilogativo\/"},"modified":"2026-09-01T14:46:58","modified_gmt":"2026-09-01T12:46:58","slug":"heures-supplementaires-un-releve-recapitulatif-ne-suffit-pas","status":"publish","type":"post","link":"https:\/\/www.delucapartners.it\/fr\/insights\/legislation\/heures-supplementaires-un-releve-recapitulatif-ne-suffit-pas\/","title":{"rendered":"Heures suppl\u00e9mentaires : un tableau r\u00e9capitulatif ne suffit pas; le salari\u00e9 doit apporter une preuve rigoureuse du nombre d&rsquo;heures effectu\u00e9es et de l&rsquo;ampleur de la prestation."},"content":{"rendered":"\n<p class=\"wp-block-paragraph\">Par l\u2019ordonnance n\u00b0 20700 du 18 juin 2026, la Cour de cassation est revenue sur la question des heures suppl\u00e9mentaires, r\u00e9affirmant que le salari\u00e9 qui en r\u00e9clame le paiement doit d\u00e9montrer de mani\u00e8re rigoureuse non seulement l\u2019ex\u00e9cution effective d\u2019un travail au-del\u00e0 de l\u2019horaire normal, mais \u00e9galement son \u00e9tendue quantitative concr\u00e8te. Dans ce contexte, la Haute Cour a jug\u00e9 irrecevables les demandes de preuve testimoniale formul\u00e9es par simple renvoi \u00e0 des tableaux r\u00e9capitulatifs des heures travaill\u00e9es et des diff\u00e9rences de r\u00e9mun\u00e9ration revendiqu\u00e9es, en soulignant que de telles demandes pr\u00e9sentent un caract\u00e8re g\u00e9n\u00e9ral et \u00e9valuatif et ne permettent pas d\u2019\u00e9tablir des faits <a href=\"https:\/\/www.delucapartners.it\/insights\/giurisprudenza\/legittimo-il-licenziamento-per-giustificato-motivo-oggettivo-anche-se-il-datore-di-lavoro-ricorre-a-risorse-esterne-e-a-lavoro-straordinario\/\">historiques pr\u00e9cis.<\/a><\/p>\n\n\n\n<h2 class=\"wp-block-heading\"><strong>Les faits de l\u2019affaire<\/strong><\/h2>\n\n\n\n<p class=\"wp-block-paragraph\">Le litige trouve son origine dans une opposition \u00e0 une injonction de payer form\u00e9e par l\u2019employeur contre une mise en demeure de paiement notifi\u00e9e par l\u2019un de ses salari\u00e9s sur la base d\u2019un proc\u00e8s-verbal de mise en demeure \u00e9tabli par les autorit\u00e9s d\u2019inspection du travail concernant de pr\u00e9tendus \u00e9carts de r\u00e9mun\u00e9ration r\u00e9sultant d\u2019un enregistrement inexact des heures de travail.<\/p>\n\n\n\n<p class=\"wp-block-paragraph\">Au cours de la proc\u00e9dure, le salari\u00e9 avait \u00e9galement form\u00e9 une demande reconventionnelle afin d\u2019obtenir le paiement de diff\u00e9rences salariales suppl\u00e9mentaires au titre des heures suppl\u00e9mentaires, au-del\u00e0 de celles d\u00e9j\u00e0 prises en compte dans le proc\u00e8s-verbal d\u2019inspection. Le tribunal avait rejet\u00e9 l\u2019opposition form\u00e9e par l\u2019entreprise et confirm\u00e9 la cr\u00e9ance r\u00e9sultant de la mise en demeure administrative, tout en rejetant la demande reconventionnelle pour insuffisance de preuve.<\/p>\n\n\n\n<p class=\"wp-block-paragraph\">La Cour d\u2019appel de Turin a ensuite enti\u00e8rement r\u00e9form\u00e9 la d\u00e9cision de premi\u00e8re instance. Elle a notamment relev\u00e9 que le proc\u00e8s-verbal de mise en demeure, bien qu\u2019il puisse acqu\u00e9rir force ex\u00e9cutoire, ne constitue pas une constatation d\u00e9finitive des faits sur lesquels il est fond\u00e9 et ne dispense pas le salari\u00e9 de l\u2019obligation de prouver en justice les faits constitutifs du droit invoqu\u00e9. Partant de ce principe, la Cour territoriale a consid\u00e9r\u00e9 que la cr\u00e9ance revendiqu\u00e9e par le salari\u00e9 n\u2019\u00e9tait pas \u00e9tablie et l\u2019a, par cons\u00e9quent, condamn\u00e9 \u00e0 restituer les sommes per\u00e7ues en vertu du proc\u00e8s-verbal d\u2019inspection.<\/p>\n\n\n\n<p class=\"wp-block-paragraph\">Le salari\u00e9 a form\u00e9 un pourvoi en cassation contre cette d\u00e9cision, soutenant que la Cour d\u2019appel avait \u00e0 tort jug\u00e9 irrecevables les moyens de preuve testimoniale et qu\u2019elle aurait d\u00fb exercer les pouvoirs d\u2019instruction d\u2019office pr\u00e9vus aux articles 421 et 437 du Code de proc\u00e9dure civile italien.<\/p>\n\n\n\n<h2 class=\"wp-block-heading\"><strong>La d\u00e9cision de la Cour de cassation<\/strong><\/h2>\n\n\n\n<p class=\"wp-block-paragraph\">La Haute Cour a rejet\u00e9 le pourvoi, estimant que la d\u00e9cision de la Cour territoriale n\u2019\u00e9tait entach\u00e9e d\u2019aucune erreur.<\/p>\n\n\n\n<p class=\"wp-block-paragraph\">Les juges de la Cour de cassation ont tout d\u2019abord rappel\u00e9 la jurisprudence constante selon laquelle \u00ab <em>il incombe au salari\u00e9 qui r\u00e9clame une r\u00e9mun\u00e9ration pour heures suppl\u00e9mentaires d\u2019en apporter la preuve rigoureuse ainsi que, au moins de mani\u00e8re suffisamment concr\u00e8te et r\u00e9aliste, d\u2019en d\u00e9montrer l\u2019\u00e9tendue quantitative<\/em> \u00bb.<\/p>\n\n\n\n<p class=\"wp-block-paragraph\">Sur la base de ce principe, la Cour de cassation a approuv\u00e9 l\u2019appr\u00e9ciation de la Cour d\u2019appel quant \u00e0 l\u2019irrecevabilit\u00e9 des demandes de preuve formul\u00e9es par le salari\u00e9. Les mesures d\u2019instruction sollicit\u00e9es se limitaient en effet \u00e0 demander aux t\u00e9moins de confirmer un tableau r\u00e9capitulatif indiquant les heures pr\u00e9tendument travaill\u00e9es, celles figurant sur les bulletins de salaire ainsi que les \u00e9carts de r\u00e9mun\u00e9ration correspondants. Selon la Haute Cour, ces demandes pouvaient \u00e0 juste titre \u00eatre qualifi\u00e9es de \u00ab <em>substantiellement g\u00e9n\u00e9rales et purement \u00e9valuatives<\/em> \u00bb, d\u00e8s lors qu\u2019elles ne visaient pas \u00e0 \u00e9tablir des faits historiques pr\u00e9cis mais reposaient sur une activit\u00e9 de reconstitution et d\u2019\u00e9valuation incompatible avec la fonction propre de la preuve testimoniale.<\/p>\n\n\n\n<p class=\"wp-block-paragraph\">La Cour de cassation a \u00e9galement exclu que la juridiction d\u2019appel ait \u00e9t\u00e9 tenue de mettre en \u0153uvre les pouvoirs d\u2019instruction d\u2019office pr\u00e9vus aux articles 421 et 437 du Code de proc\u00e9dure civile italien. \u00c0 cet \u00e9gard, elle a rappel\u00e9 que ces pouvoirs rel\u00e8vent du pouvoir discr\u00e9tionnaire du juge et que leur non-exercice ne peut \u00eatre contest\u00e9 devant la Cour de cassation, sauf dans des hypoth\u00e8ses sp\u00e9cifiques.<\/p>\n\n\n\n<p class=\"wp-block-paragraph\">S\u2019appuyant sur sa jurisprudence la plus r\u00e9cente, la Cour a pr\u00e9cis\u00e9 que le juge ne peut recourir aux pouvoirs d\u2019instruction d\u2019office que lorsqu\u2019il existe d\u00e9j\u00e0 dans le dossier une v\u00e9ritable \u00ab <em>piste probatoire<\/em> \u00bb, susceptible de combler un d\u00e9ficit de preuve relatif \u00e0 des faits r\u00e9guli\u00e8rement all\u00e9gu\u00e9s et d\u00e9terminants pour l\u2019issue du litige. Or, cette condition n\u2019\u00e9tait pas remplie en l\u2019esp\u00e8ce, en raison du caract\u00e8re g\u00e9n\u00e9ral des demandes de preuve et de l\u2019absence d\u2019\u00e9l\u00e9ments d\u00e9j\u00e0 acquis au dossier pouvant servir de fondement \u00e0 une mesure d\u2019instruction compl\u00e9mentaire d\u2019office.<\/p>\n\n\n\n<p class=\"wp-block-paragraph\">La Cour a donc confirm\u00e9 le bien-fond\u00e9 de la d\u00e9cision attaqu\u00e9e, soulignant qu\u2019une solution contraire reviendrait \u00e0 \u00ab <em>modifier la r\u00e9partition des charges proc\u00e9durales<\/em> \u00bb et \u00e0 substituer l\u2019activit\u00e9 probatoire du juge \u00e0 celle qui incombe aux parties.<\/p>\n\n\n\n<figure class=\"wp-block-image size-large\"><img loading=\"lazy\" decoding=\"async\" width=\"1024\" height=\"684\" src=\"https:\/\/www.delucapartners.it\/wp-content\/uploads\/2026\/04\/shutterstock_1411538462-2-1024x684.jpg\" alt=\"\" class=\"wp-image-32462\" srcset=\"https:\/\/www.delucapartners.it\/wp-content\/uploads\/2026\/04\/shutterstock_1411538462-2-1024x684.jpg 1024w, https:\/\/www.delucapartners.it\/wp-content\/uploads\/2026\/04\/shutterstock_1411538462-2-300x200.jpg 300w, https:\/\/www.delucapartners.it\/wp-content\/uploads\/2026\/04\/shutterstock_1411538462-2-768x513.jpg 768w, https:\/\/www.delucapartners.it\/wp-content\/uploads\/2026\/04\/shutterstock_1411538462-2-1536x1026.jpg 1536w, https:\/\/www.delucapartners.it\/wp-content\/uploads\/2026\/04\/shutterstock_1411538462-2.jpg 1920w\" sizes=\"auto, (max-width: 1024px) 100vw, 1024px\" \/><\/figure>\n\n\n\n<h2 class=\"wp-block-heading\"><strong>Conclusion<\/strong><\/h2>\n\n\n\n<p class=\"wp-block-paragraph\">Cette d\u00e9cision s\u2019inscrit dans la jurisprudence constante exigeant une preuve particuli\u00e8rement rigoureuse des cr\u00e9ances salariales fond\u00e9es sur l\u2019ex\u00e9cution d\u2019heures suppl\u00e9mentaires. Le salari\u00e9 ne peut se limiter \u00e0 produire des tableaux r\u00e9capitulatifs ou \u00e0 formuler des demandes de preuve testimoniale g\u00e9n\u00e9rales, mais doit invoquer et d\u00e9montrer des faits historiques pr\u00e9cis permettant d\u2019\u00e9tablir tant l\u2019ex\u00e9cution effective du travail accompli au-del\u00e0 de l\u2019horaire normal que son importance quantitative concr\u00e8te.<\/p>\n\n\n\n<p class=\"wp-block-paragraph\">La d\u00e9cision confirme \u00e9galement que les pouvoirs d\u2019instruction d\u2019office du juge du travail, bien que larges, ne peuvent \u00eatre utilis\u00e9s pour pallier les carences probatoires d\u2019une partie. En l\u2019absence d\u2019all\u00e9gations suffisamment pr\u00e9cises et de t\u00e9moignages visant \u00e0 \u00e9tablir des faits historiques d\u00e9termin\u00e9s, le salari\u00e9 ne peut s\u2019acquitter de la charge de la preuve qui lui incombe concernant l\u2019ex\u00e9cution d\u2019heures suppl\u00e9mentaires et leur volume effectif.<\/p>\n","protected":false},"excerpt":{"rendered":"<p>Par l\u2019ordonnance n\u00b0 20700 du 18 juin 2026, la Cour de cassation est revenue sur la question des heures suppl\u00e9mentaires, r\u00e9affirmant que le salari\u00e9 qui en r\u00e9clame le paiement doit d\u00e9montrer de mani\u00e8re rigoureuse non seulement l\u2019ex\u00e9cution effective d\u2019un travail au-del\u00e0 de l\u2019horaire normal, mais \u00e9galement son \u00e9tendue quantitative concr\u00e8te. Dans ce contexte, la Haute [&hellip;]<\/p>\n","protected":false},"author":2,"featured_media":32717,"comment_status":"open","ping_status":"closed","sticky":false,"template":"","format":"standard","meta":{"_acf_changed":false,"footnotes":""},"categories":[175,192,198],"tags":[1361,2183],"class_list":["post-32716","post","type-post","status-publish","format-standard","has-post-thumbnail","hentry","category-insights","category-legislation","category-news","tag-employment-labour-law-fr","tag-work-life-balance-fr"],"acf":[],"yoast_head":"<!-- This site is optimized with the Yoast SEO plugin v28.3 - https:\/\/yoast.com\/product\/yoast-seo-wordpress\/ -->\n<title>Heures suppl\u00e9mentaires : un relev\u00e9 r\u00e9capitulatif ne suffit pas- De Luca &amp; Partners<\/title>\n<meta name=\"description\" content=\"Par l\u2019ordonnance n\u00b0 20700 du 18 juin 2026, la Cour de cassation est revenue sur la question des heures suppl\u00e9mentaires, r\u00e9affirmant que le salari\u00e9 qui en r\u00e9clame le paiement doit d\u00e9montrer de mani\u00e8re rigoureuse non seulement l\u2019ex\u00e9cution effective d\u2019un travail au-del\u00e0 de l\u2019horaire normal, mais \u00e9galement son \u00e9tendue quantitative concr\u00e8te.\" \/>\n<meta name=\"robots\" content=\"index, follow, max-snippet:-1, max-image-preview:large, max-video-preview:-1\" \/>\n<link rel=\"canonical\" href=\"https:\/\/www.delucapartners.it\/fr\/wp-json\/wp\/v2\/posts\/32716\/\" \/>\n<meta property=\"og:locale\" content=\"fr_FR\" \/>\n<meta property=\"og:type\" content=\"article\" \/>\n<meta property=\"og:title\" content=\"Heures suppl\u00e9mentaires : un relev\u00e9 r\u00e9capitulatif ne suffit pas- De Luca &amp; Partners\" \/>\n<meta property=\"og:description\" content=\"Par l\u2019ordonnance n\u00b0 20700 du 18 juin 2026, la Cour de cassation est revenue sur la question des heures suppl\u00e9mentaires, r\u00e9affirmant que le salari\u00e9 qui en r\u00e9clame le paiement doit d\u00e9montrer de mani\u00e8re rigoureuse non seulement l\u2019ex\u00e9cution effective d\u2019un travail au-del\u00e0 de l\u2019horaire normal, mais \u00e9galement son \u00e9tendue quantitative concr\u00e8te.\" \/>\n<meta property=\"og:url\" content=\"https:\/\/www.delucapartners.it\/fr\/insights\/legislation\/heures-supplementaires-un-releve-recapitulatif-ne-suffit-pas\/\" \/>\n<meta property=\"og:site_name\" content=\"De Luca &amp; Partners\" \/>\n<meta property=\"article:published_time\" content=\"2026-09-01T10:56:02+00:00\" \/>\n<meta property=\"article:modified_time\" content=\"2026-09-01T12:46:58+00:00\" \/>\n<meta property=\"og:image\" content=\"https:\/\/www.delucapartners.it\/wp-content\/uploads\/2026\/04\/shutterstock_1411538462-2.jpg\" \/>\n\t<meta property=\"og:image:width\" content=\"1920\" \/>\n\t<meta property=\"og:image:height\" content=\"1282\" \/>\n\t<meta property=\"og:image:type\" content=\"image\/jpeg\" \/>\n<meta name=\"author\" content=\"De Luca &amp; Partners\" \/>\n<meta name=\"twitter:card\" content=\"summary_large_image\" \/>\n<meta name=\"twitter:label1\" content=\"\u00c9crit par\" \/>\n\t<meta name=\"twitter:data1\" content=\"De Luca &amp; Partners\" \/>\n\t<meta name=\"twitter:label2\" content=\"Dur\u00e9e de lecture estim\u00e9e\" \/>\n\t<meta name=\"twitter:data2\" content=\"5 minutes\" \/>\n<script type=\"application\/ld+json\" class=\"yoast-schema-graph\">{\"@context\":\"https:\\\/\\\/schema.org\",\"@graph\":[{\"@type\":\"Article\",\"@id\":\"https:\\\/\\\/www.delucapartners.it\\\/fr\\\/insights\\\/legislation\\\/heures-supplementaires-un-releve-recapitulatif-ne-suffit-pas\\\/#article\",\"isPartOf\":{\"@id\":\"https:\\\/\\\/www.delucapartners.it\\\/fr\\\/insights\\\/legislation\\\/heures-supplementaires-un-releve-recapitulatif-ne-suffit-pas\\\/\"},\"author\":{\"name\":\"De Luca &amp; Partners\",\"@id\":\"https:\\\/\\\/www.delucapartners.it\\\/fr\\\/#\\\/schema\\\/person\\\/5063c2767f84784e68821af018b50526\"},\"headline\":\"Heures suppl\u00e9mentaires : un tableau r\u00e9capitulatif ne suffit pas; le salari\u00e9 doit apporter une preuve rigoureuse du nombre d&rsquo;heures effectu\u00e9es et de l&rsquo;ampleur de la prestation.\",\"datePublished\":\"2026-09-01T10:56:02+00:00\",\"dateModified\":\"2026-09-01T12:46:58+00:00\",\"mainEntityOfPage\":{\"@id\":\"https:\\\/\\\/www.delucapartners.it\\\/fr\\\/insights\\\/legislation\\\/heures-supplementaires-un-releve-recapitulatif-ne-suffit-pas\\\/\"},\"wordCount\":1079,\"commentCount\":0,\"publisher\":{\"@id\":\"https:\\\/\\\/www.delucapartners.it\\\/fr\\\/#organization\"},\"image\":{\"@id\":\"https:\\\/\\\/www.delucapartners.it\\\/fr\\\/insights\\\/legislation\\\/heures-supplementaires-un-releve-recapitulatif-ne-suffit-pas\\\/#primaryimage\"},\"thumbnailUrl\":\"https:\\\/\\\/www.delucapartners.it\\\/wp-content\\\/uploads\\\/2026\\\/04\\\/shutterstock_1411538462-2.jpg\",\"keywords\":[\"Employment &amp; Labour Law\",\"work life balance\"],\"articleSection\":[\"Insights\",\"Legislation\",\"News\"],\"inLanguage\":\"fr-FR\",\"potentialAction\":[{\"@type\":\"CommentAction\",\"name\":\"Comment\",\"target\":[\"https:\\\/\\\/www.delucapartners.it\\\/fr\\\/insights\\\/legislation\\\/heures-supplementaires-un-releve-recapitulatif-ne-suffit-pas\\\/#respond\"]}]},{\"@type\":\"WebPage\",\"@id\":\"https:\\\/\\\/www.delucapartners.it\\\/fr\\\/insights\\\/legislation\\\/heures-supplementaires-un-releve-recapitulatif-ne-suffit-pas\\\/\",\"url\":\"https:\\\/\\\/www.delucapartners.it\\\/fr\\\/insights\\\/legislation\\\/heures-supplementaires-un-releve-recapitulatif-ne-suffit-pas\\\/\",\"name\":\"Heures suppl\u00e9mentaires : un relev\u00e9 r\u00e9capitulatif ne suffit pas- De Luca &amp; Partners\",\"isPartOf\":{\"@id\":\"https:\\\/\\\/www.delucapartners.it\\\/fr\\\/#website\"},\"primaryImageOfPage\":{\"@id\":\"https:\\\/\\\/www.delucapartners.it\\\/fr\\\/insights\\\/legislation\\\/heures-supplementaires-un-releve-recapitulatif-ne-suffit-pas\\\/#primaryimage\"},\"image\":{\"@id\":\"https:\\\/\\\/www.delucapartners.it\\\/fr\\\/insights\\\/legislation\\\/heures-supplementaires-un-releve-recapitulatif-ne-suffit-pas\\\/#primaryimage\"},\"thumbnailUrl\":\"https:\\\/\\\/www.delucapartners.it\\\/wp-content\\\/uploads\\\/2026\\\/04\\\/shutterstock_1411538462-2.jpg\",\"datePublished\":\"2026-09-01T10:56:02+00:00\",\"dateModified\":\"2026-09-01T12:46:58+00:00\",\"description\":\"Par l\u2019ordonnance n\u00b0 20700 du 18 juin 2026, la Cour de cassation est revenue sur la question des heures suppl\u00e9mentaires, r\u00e9affirmant que le salari\u00e9 qui en r\u00e9clame le paiement doit d\u00e9montrer de mani\u00e8re rigoureuse non seulement l\u2019ex\u00e9cution effective d\u2019un travail au-del\u00e0 de l\u2019horaire normal, mais \u00e9galement son \u00e9tendue quantitative concr\u00e8te.\",\"breadcrumb\":{\"@id\":\"https:\\\/\\\/www.delucapartners.it\\\/fr\\\/insights\\\/legislation\\\/heures-supplementaires-un-releve-recapitulatif-ne-suffit-pas\\\/#breadcrumb\"},\"inLanguage\":\"fr-FR\",\"potentialAction\":[{\"@type\":\"ReadAction\",\"target\":[\"https:\\\/\\\/www.delucapartners.it\\\/fr\\\/insights\\\/legislation\\\/heures-supplementaires-un-releve-recapitulatif-ne-suffit-pas\\\/\"]}]},{\"@type\":\"ImageObject\",\"inLanguage\":\"fr-FR\",\"@id\":\"https:\\\/\\\/www.delucapartners.it\\\/fr\\\/insights\\\/legislation\\\/heures-supplementaires-un-releve-recapitulatif-ne-suffit-pas\\\/#primaryimage\",\"url\":\"https:\\\/\\\/www.delucapartners.it\\\/wp-content\\\/uploads\\\/2026\\\/04\\\/shutterstock_1411538462-2.jpg\",\"contentUrl\":\"https:\\\/\\\/www.delucapartners.it\\\/wp-content\\\/uploads\\\/2026\\\/04\\\/shutterstock_1411538462-2.jpg\",\"width\":1920,\"height\":1282},{\"@type\":\"BreadcrumbList\",\"@id\":\"https:\\\/\\\/www.delucapartners.it\\\/fr\\\/insights\\\/legislation\\\/heures-supplementaires-un-releve-recapitulatif-ne-suffit-pas\\\/#breadcrumb\",\"itemListElement\":[{\"@type\":\"ListItem\",\"position\":1,\"name\":\"Home\",\"item\":\"https:\\\/\\\/www.delucapartners.it\\\/fr\\\/\"},{\"@type\":\"ListItem\",\"position\":2,\"name\":\"Heures suppl\u00e9mentaires : un tableau r\u00e9capitulatif ne suffit pas; le salari\u00e9 doit apporter une preuve rigoureuse du nombre d&#8217;heures effectu\u00e9es et de l&#8217;ampleur de la prestation.\"}]},{\"@type\":\"WebSite\",\"@id\":\"https:\\\/\\\/www.delucapartners.it\\\/fr\\\/#website\",\"url\":\"https:\\\/\\\/www.delucapartners.it\\\/fr\\\/\",\"name\":\"De Luca & Partners\",\"description\":\"\",\"publisher\":{\"@id\":\"https:\\\/\\\/www.delucapartners.it\\\/fr\\\/#organization\"},\"potentialAction\":[{\"@type\":\"SearchAction\",\"target\":{\"@type\":\"EntryPoint\",\"urlTemplate\":\"https:\\\/\\\/www.delucapartners.it\\\/fr\\\/?s={search_term_string}\"},\"query-input\":{\"@type\":\"PropertyValueSpecification\",\"valueRequired\":true,\"valueName\":\"search_term_string\"}}],\"inLanguage\":\"fr-FR\"},{\"@type\":\"LegalService\",\"@id\":\"https:\\\/\\\/www.delucapartners.it\\\/fr\\\/#organization\",\"name\":\"De Luca & Partners\",\"alternateName\":\"Studio Legale De Luca & Partners\",\"url\":\"https:\\\/\\\/www.delucapartners.it\\\/\",\"logo\":{\"@type\":\"ImageObject\",\"@id\":\"https:\\\/\\\/www.delucapartners.it\\\/fr\\\/#logo\",\"url\":\"https:\\\/\\\/www.delucapartners.it\\\/wp-content\\\/uploads\\\/2026\\\/02\\\/cropped-icon-192x192-1.png\",\"contentUrl\":\"https:\\\/\\\/www.delucapartners.it\\\/wp-content\\\/uploads\\\/2026\\\/02\\\/cropped-icon-192x192-1.png\",\"width\":512,\"height\":512,\"caption\":\"De Luca & Partners\"},\"image\":{\"@id\":\"https:\\\/\\\/www.delucapartners.it\\\/fr\\\/#logo\"},\"description\":\"De Luca & Partners est un cabinet d\u2019avocats ind\u00e9pendant fond\u00e9 en 1976, sp\u00e9cialis\u00e9 en droit du travail et en protection des donn\u00e9es, qui conseille et assiste des entreprises italiennes et multinationales.\",\"foundingDate\":\"1976\",\"founder\":{\"@type\":\"Person\",\"@id\":\"https:\\\/\\\/www.delucapartners.it\\\/#person-vincenzo-de-luca\",\"name\":\"Vincenzo De Luca\",\"url\":\"https:\\\/\\\/www.delucapartners.it\\\/fr\\\/professionnels\\\/vincenzo-de-luca\\\/\"},\"address\":{\"@type\":\"PostalAddress\",\"streetAddress\":\"Largo A. Toscanini, 1\",\"postalCode\":\"20122\",\"addressLocality\":\"Milano\",\"addressRegion\":\"Lombardia\",\"addressCountry\":\"IT\"},\"telephone\":\"+39023655651\",\"email\":\"info@delucapartners.it\",\"vatID\":\"IT12621700157\",\"areaServed\":{\"@type\":\"Country\",\"name\":\"Italie\"},\"contactPoint\":{\"@type\":\"ContactPoint\",\"contactType\":\"informations g\u00e9n\u00e9rales\",\"telephone\":\"+39023655651\",\"email\":\"info@delucapartners.it\",\"availableLanguage\":[\"it\",\"en\",\"fr\"],\"areaServed\":\"IT\"},\"sameAs\":[\"https:\\\/\\\/www.linkedin.com\\\/company\\\/deluca%26partners\\\/\",\"https:\\\/\\\/www.youtube.com\\\/channel\\\/UCpT03V-ndoLilQhQR1l-kwA\"],\"hasOfferCatalog\":{\"@type\":\"OfferCatalog\",\"@id\":\"https:\\\/\\\/www.delucapartners.it\\\/fr\\\/#offer-catalog-fr\",\"name\":\"Domaines d\u2019activit\u00e9s\",\"itemListElement\":[{\"@type\":\"Offer\",\"itemOffered\":{\"@type\":\"Service\",\"@id\":\"https:\\\/\\\/www.delucapartners.it\\\/fr\\\/domaines-dactivites\\\/conformite-a-la-reglementation-sur-la-protection-des-donnees-rgpd\\\/#service\",\"name\":\"Conformit\u00e9 \u00e0 la r\u00e9glementation sur la protection des donn\u00e9es (RGPD)\",\"url\":\"https:\\\/\\\/www.delucapartners.it\\\/fr\\\/domaines-dactivites\\\/conformite-a-la-reglementation-sur-la-protection-des-donnees-rgpd\\\/\",\"provider\":{\"@id\":\"https:\\\/\\\/www.delucapartners.it\\\/fr\\\/#organization\"},\"areaServed\":{\"@type\":\"Country\",\"name\":\"Italie\"}}},{\"@type\":\"Offer\",\"itemOffered\":{\"@type\":\"Service\",\"@id\":\"https:\\\/\\\/www.delucapartners.it\\\/fr\\\/domaines-dactivites\\\/prestations-en-cas-de-licenciement-economique-cigs-cigo-solidarite\\\/#service\",\"name\":\"Prestations en cas de licenciement \u00e9conomique (CIGS-CIGO-Solidarit\u00e9)\",\"url\":\"https:\\\/\\\/www.delucapartners.it\\\/fr\\\/domaines-dactivites\\\/prestations-en-cas-de-licenciement-economique-cigs-cigo-solidarite\\\/\",\"provider\":{\"@id\":\"https:\\\/\\\/www.delucapartners.it\\\/fr\\\/#organization\"},\"areaServed\":{\"@type\":\"Country\",\"name\":\"Italie\"}}},{\"@type\":\"Offer\",\"itemOffered\":{\"@type\":\"Service\",\"@id\":\"https:\\\/\\\/www.delucapartners.it\\\/fr\\\/domaines-dactivites\\\/conformite-responsabilite-administrative-des-personnes-morales-decret-legislatif-italien-n-231-01\\\/#service\",\"name\":\"Conformit\u00e9 &#8211; responsabilit\u00e9 administrative des personnes morales\",\"url\":\"https:\\\/\\\/www.delucapartners.it\\\/fr\\\/domaines-dactivites\\\/conformite-responsabilite-administrative-des-personnes-morales-decret-legislatif-italien-n-231-01\\\/\",\"provider\":{\"@id\":\"https:\\\/\\\/www.delucapartners.it\\\/fr\\\/#organization\"},\"areaServed\":{\"@type\":\"Country\",\"name\":\"Italie\"}}},{\"@type\":\"Offer\",\"itemOffered\":{\"@type\":\"Service\",\"@id\":\"https:\\\/\\\/www.delucapartners.it\\\/fr\\\/domaines-dactivites\\\/contentieux-du-droit-du-travail\\\/#service\",\"name\":\"Contentieux du droit du travail\",\"url\":\"https:\\\/\\\/www.delucapartners.it\\\/fr\\\/domaines-dactivites\\\/contentieux-du-droit-du-travail\\\/\",\"provider\":{\"@id\":\"https:\\\/\\\/www.delucapartners.it\\\/fr\\\/#organization\"},\"areaServed\":{\"@type\":\"Country\",\"name\":\"Italie\"}}},{\"@type\":\"Offer\",\"itemOffered\":{\"@type\":\"Service\",\"@id\":\"https:\\\/\\\/www.delucapartners.it\\\/fr\\\/domaines-dactivites\\\/contentieux-du-droit-du-travail\\\/licenciement-economique\\\/#service\",\"name\":\"Licenciement \u00e9conomique\",\"url\":\"https:\\\/\\\/www.delucapartners.it\\\/fr\\\/domaines-dactivites\\\/contentieux-du-droit-du-travail\\\/licenciement-economique\\\/\",\"provider\":{\"@id\":\"https:\\\/\\\/www.delucapartners.it\\\/fr\\\/#organization\"},\"areaServed\":{\"@type\":\"Country\",\"name\":\"Italie\"}}},{\"@type\":\"Offer\",\"itemOffered\":{\"@type\":\"Service\",\"@id\":\"https:\\\/\\\/www.delucapartners.it\\\/fr\\\/domaines-dactivites\\\/contentieux-du-droit-du-travail\\\/requalification-legitimite-de-la-relation-de-travail-dindependant-ou-para-subordonne-a-subordonne\\\/#service\",\"name\":\"Requalification\\\/legitimite de la relation de travail (d\u2019independant ou para-subordonne a subordonne)\",\"url\":\"https:\\\/\\\/www.delucapartners.it\\\/fr\\\/domaines-dactivites\\\/contentieux-du-droit-du-travail\\\/requalification-legitimite-de-la-relation-de-travail-dindependant-ou-para-subordonne-a-subordonne\\\/\",\"provider\":{\"@id\":\"https:\\\/\\\/www.delucapartners.it\\\/fr\\\/#organization\"},\"areaServed\":{\"@type\":\"Country\",\"name\":\"Italie\"}}},{\"@type\":\"Offer\",\"itemOffered\":{\"@type\":\"Service\",\"@id\":\"https:\\\/\\\/www.delucapartners.it\\\/fr\\\/domaines-dactivites\\\/contentieux-du-droit-du-travail\\\/contrat-dagence-differences-sur-les-commissions-indemnite-de-cessation-conf-a-lart-1751-violation-de-lobligation-de-non-concurrence\\\/#service\",\"name\":\"Contrat d\u2019agence (differences sur les commissions ; indemnite de cessation conf. a l\u2019art. 1751 ; violation de l\u2019obligation de non concurrence)\",\"url\":\"https:\\\/\\\/www.delucapartners.it\\\/fr\\\/domaines-dactivites\\\/contentieux-du-droit-du-travail\\\/contrat-dagence-differences-sur-les-commissions-indemnite-de-cessation-conf-a-lart-1751-violation-de-lobligation-de-non-concurrence\\\/\",\"provider\":{\"@id\":\"https:\\\/\\\/www.delucapartners.it\\\/fr\\\/#organization\"},\"areaServed\":{\"@type\":\"Country\",\"name\":\"Italie\"}}},{\"@type\":\"Offer\",\"itemOffered\":{\"@type\":\"Service\",\"@id\":\"https:\\\/\\\/www.delucapartners.it\\\/fr\\\/domaines-dactivites\\\/contentieux-du-droit-du-travail\\\/mobbing\\\/#service\",\"name\":\"Mobbing\",\"url\":\"https:\\\/\\\/www.delucapartners.it\\\/fr\\\/domaines-dactivites\\\/contentieux-du-droit-du-travail\\\/mobbing\\\/\",\"provider\":{\"@id\":\"https:\\\/\\\/www.delucapartners.it\\\/fr\\\/#organization\"},\"areaServed\":{\"@type\":\"Country\",\"name\":\"Italie\"}}},{\"@type\":\"Offer\",\"itemOffered\":{\"@type\":\"Service\",\"@id\":\"https:\\\/\\\/www.delucapartners.it\\\/fr\\\/domaines-dactivites\\\/contentieux-du-droit-du-travail\\\/fourniture-de-main-doeuvre-sous-traitance\\\/#service\",\"name\":\"Fourniture de main d\u2019\u0153uvre \\\/ Sous-traitance\",\"url\":\"https:\\\/\\\/www.delucapartners.it\\\/fr\\\/domaines-dactivites\\\/contentieux-du-droit-du-travail\\\/fourniture-de-main-doeuvre-sous-traitance\\\/\",\"provider\":{\"@id\":\"https:\\\/\\\/www.delucapartners.it\\\/fr\\\/#organization\"},\"areaServed\":{\"@type\":\"Country\",\"name\":\"Italie\"}}},{\"@type\":\"Offer\",\"itemOffered\":{\"@type\":\"Service\",\"@id\":\"https:\\\/\\\/www.delucapartners.it\\\/fr\\\/domaines-dactivites\\\/contentieux-du-droit-du-travail\\\/cotisations-et-les-sanctions\\\/#service\",\"name\":\"Cotisations et les sanctions\",\"url\":\"https:\\\/\\\/www.delucapartners.it\\\/fr\\\/domaines-dactivites\\\/contentieux-du-droit-du-travail\\\/cotisations-et-les-sanctions\\\/\",\"provider\":{\"@id\":\"https:\\\/\\\/www.delucapartners.it\\\/fr\\\/#organization\"},\"areaServed\":{\"@type\":\"Country\",\"name\":\"Italie\"}}},{\"@type\":\"Offer\",\"itemOffered\":{\"@type\":\"Service\",\"@id\":\"https:\\\/\\\/www.delucapartners.it\\\/fr\\\/domaines-dactivites\\\/contentieux-du-droit-du-travail\\\/contrats-de-travail-a-duree-determinee\\\/#service\",\"name\":\"Contrats de travail \u00e0 dur\u00e9e d\u00e9termin\u00e9e\",\"url\":\"https:\\\/\\\/www.delucapartners.it\\\/fr\\\/domaines-dactivites\\\/contentieux-du-droit-du-travail\\\/contrats-de-travail-a-duree-determinee\\\/\",\"provider\":{\"@id\":\"https:\\\/\\\/www.delucapartners.it\\\/fr\\\/#organization\"},\"areaServed\":{\"@type\":\"Country\",\"name\":\"Italie\"}}},{\"@type\":\"Offer\",\"itemOffered\":{\"@type\":\"Service\",\"@id\":\"https:\\\/\\\/www.delucapartners.it\\\/fr\\\/domaines-dactivites\\\/contentieux-du-droit-du-travail\\\/fonctions-retrogradation\\\/#service\",\"name\":\"Fonctions\\\/r\u00e9trogradation\",\"url\":\"https:\\\/\\\/www.delucapartners.it\\\/fr\\\/domaines-dactivites\\\/contentieux-du-droit-du-travail\\\/fonctions-retrogradation\\\/\",\"provider\":{\"@id\":\"https:\\\/\\\/www.delucapartners.it\\\/fr\\\/#organization\"},\"areaServed\":{\"@type\":\"Country\",\"name\":\"Italie\"}}},{\"@type\":\"Offer\",\"itemOffered\":{\"@type\":\"Service\",\"@id\":\"https:\\\/\\\/www.delucapartners.it\\\/fr\\\/domaines-dactivites\\\/contentieux-du-droit-du-travail\\\/transfert-individuels-ou-collectifs\\\/#service\",\"name\":\"Transfert individuels ou collectifs\",\"url\":\"https:\\\/\\\/www.delucapartners.it\\\/fr\\\/domaines-dactivites\\\/contentieux-du-droit-du-travail\\\/transfert-individuels-ou-collectifs\\\/\",\"provider\":{\"@id\":\"https:\\\/\\\/www.delucapartners.it\\\/fr\\\/#organization\"},\"areaServed\":{\"@type\":\"Country\",\"name\":\"Italie\"}}},{\"@type\":\"Offer\",\"itemOffered\":{\"@type\":\"Service\",\"@id\":\"https:\\\/\\\/www.delucapartners.it\\\/fr\\\/domaines-dactivites\\\/contentieux-du-droit-du-travail\\\/indemnite-de-depart\\\/#service\",\"name\":\"Indemnit\u00e9 de d\u00e9part\",\"url\":\"https:\\\/\\\/www.delucapartners.it\\\/fr\\\/domaines-dactivites\\\/contentieux-du-droit-du-travail\\\/indemnite-de-depart\\\/\",\"provider\":{\"@id\":\"https:\\\/\\\/www.delucapartners.it\\\/fr\\\/#organization\"},\"areaServed\":{\"@type\":\"Country\",\"name\":\"Italie\"}}},{\"@type\":\"Offer\",\"itemOffered\":{\"@type\":\"Service\",\"@id\":\"https:\\\/\\\/www.delucapartners.it\\\/fr\\\/domaines-dactivites\\\/contentieux-du-droit-du-travail\\\/impots-et-les-sanctions\\\/#service\",\"name\":\"Imp\u00f4ts et les sanctions\",\"url\":\"https:\\\/\\\/www.delucapartners.it\\\/fr\\\/domaines-dactivites\\\/contentieux-du-droit-du-travail\\\/impots-et-les-sanctions\\\/\",\"provider\":{\"@id\":\"https:\\\/\\\/www.delucapartners.it\\\/fr\\\/#organization\"},\"areaServed\":{\"@type\":\"Country\",\"name\":\"Italie\"}}},{\"@type\":\"Offer\",\"itemOffered\":{\"@type\":\"Service\",\"@id\":\"https:\\\/\\\/www.delucapartners.it\\\/fr\\\/domaines-dactivites\\\/contentieux-du-droit-du-travail\\\/retribution-fixe-avantages\\\/#service\",\"name\":\"R\u00e9tribution fixe\\\/avantages\",\"url\":\"https:\\\/\\\/www.delucapartners.it\\\/fr\\\/domaines-dactivites\\\/contentieux-du-droit-du-travail\\\/retribution-fixe-avantages\\\/\",\"provider\":{\"@id\":\"https:\\\/\\\/www.delucapartners.it\\\/fr\\\/#organization\"},\"areaServed\":{\"@type\":\"Country\",\"name\":\"Italie\"}}},{\"@type\":\"Offer\",\"itemOffered\":{\"@type\":\"Service\",\"@id\":\"https:\\\/\\\/www.delucapartners.it\\\/fr\\\/domaines-dactivites\\\/contentieux-du-droit-du-travail\\\/administrateurs\\\/#service\",\"name\":\"Administrateurs\",\"url\":\"https:\\\/\\\/www.delucapartners.it\\\/fr\\\/domaines-dactivites\\\/contentieux-du-droit-du-travail\\\/administrateurs\\\/\",\"provider\":{\"@id\":\"https:\\\/\\\/www.delucapartners.it\\\/fr\\\/#organization\"},\"areaServed\":{\"@type\":\"Country\",\"name\":\"Italie\"}}},{\"@type\":\"Offer\",\"itemOffered\":{\"@type\":\"Service\",\"@id\":\"https:\\\/\\\/www.delucapartners.it\\\/fr\\\/domaines-dactivites\\\/contentieux-du-droit-du-travail\\\/maternite-et-conge-post-natal\\\/#service\",\"name\":\"Maternit\u00e9 et cong\u00e9 post-natal\",\"url\":\"https:\\\/\\\/www.delucapartners.it\\\/fr\\\/domaines-dactivites\\\/contentieux-du-droit-du-travail\\\/maternite-et-conge-post-natal\\\/\",\"provider\":{\"@id\":\"https:\\\/\\\/www.delucapartners.it\\\/fr\\\/#organization\"},\"areaServed\":{\"@type\":\"Country\",\"name\":\"Italie\"}}},{\"@type\":\"Offer\",\"itemOffered\":{\"@type\":\"Service\",\"@id\":\"https:\\\/\\\/www.delucapartners.it\\\/fr\\\/domaines-dactivites\\\/contentieux-du-droit-du-travail\\\/plans-doption-dachat-dactions\\\/#service\",\"name\":\"Plans d\u2019option d\u2019achat d\u2019actions\",\"url\":\"https:\\\/\\\/www.delucapartners.it\\\/fr\\\/domaines-dactivites\\\/contentieux-du-droit-du-travail\\\/plans-doption-dachat-dactions\\\/\",\"provider\":{\"@id\":\"https:\\\/\\\/www.delucapartners.it\\\/fr\\\/#organization\"},\"areaServed\":{\"@type\":\"Country\",\"name\":\"Italie\"}}},{\"@type\":\"Offer\",\"itemOffered\":{\"@type\":\"Service\",\"@id\":\"https:\\\/\\\/www.delucapartners.it\\\/fr\\\/domaines-dactivites\\\/contentieux-du-droit-du-travail\\\/licenciement-pour-juste-motif\\\/#service\",\"name\":\"Licenciement pour juste motif\",\"url\":\"https:\\\/\\\/www.delucapartners.it\\\/fr\\\/domaines-dactivites\\\/contentieux-du-droit-du-travail\\\/licenciement-pour-juste-motif\\\/\",\"provider\":{\"@id\":\"https:\\\/\\\/www.delucapartners.it\\\/fr\\\/#organization\"},\"areaServed\":{\"@type\":\"Country\",\"name\":\"Italie\"}}},{\"@type\":\"Offer\",\"itemOffered\":{\"@type\":\"Service\",\"@id\":\"https:\\\/\\\/www.delucapartners.it\\\/fr\\\/domaines-dactivites\\\/contentieux-du-droit-du-travail\\\/resiliation-pendant-la-periode-dessai\\\/#service\",\"name\":\"R\u00e9siliation pendant la p\u00e9riode d\u2019essai\",\"url\":\"https:\\\/\\\/www.delucapartners.it\\\/fr\\\/domaines-dactivites\\\/contentieux-du-droit-du-travail\\\/resiliation-pendant-la-periode-dessai\\\/\",\"provider\":{\"@id\":\"https:\\\/\\\/www.delucapartners.it\\\/fr\\\/#organization\"},\"areaServed\":{\"@type\":\"Country\",\"name\":\"Italie\"}}},{\"@type\":\"Offer\",\"itemOffered\":{\"@type\":\"Service\",\"@id\":\"https:\\\/\\\/www.delucapartners.it\\\/fr\\\/domaines-dactivites\\\/contentieux-du-droit-du-travail\\\/licenciement-multiple-individuel-reduction-de-personnel\\\/#service\",\"name\":\"Licenciement multiple individuel (r\u00e9duction de personnel)\u202f\",\"url\":\"https:\\\/\\\/www.delucapartners.it\\\/fr\\\/domaines-dactivites\\\/contentieux-du-droit-du-travail\\\/licenciement-multiple-individuel-reduction-de-personnel\\\/\",\"provider\":{\"@id\":\"https:\\\/\\\/www.delucapartners.it\\\/fr\\\/#organization\"},\"areaServed\":{\"@type\":\"Country\",\"name\":\"Italie\"}}},{\"@type\":\"Offer\",\"itemOffered\":{\"@type\":\"Service\",\"@id\":\"https:\\\/\\\/www.delucapartners.it\\\/fr\\\/domaines-dactivites\\\/contentieux-du-droit-du-travail\\\/violation-de-la-clause-de-non-concurrence\\\/#service\",\"name\":\"Violation de la clause de non-concurrence\",\"url\":\"https:\\\/\\\/www.delucapartners.it\\\/fr\\\/domaines-dactivites\\\/contentieux-du-droit-du-travail\\\/violation-de-la-clause-de-non-concurrence\\\/\",\"provider\":{\"@id\":\"https:\\\/\\\/www.delucapartners.it\\\/fr\\\/#organization\"},\"areaServed\":{\"@type\":\"Country\",\"name\":\"Italie\"}}},{\"@type\":\"Offer\",\"itemOffered\":{\"@type\":\"Service\",\"@id\":\"https:\\\/\\\/www.delucapartners.it\\\/fr\\\/domaines-dactivites\\\/contentieux-du-droit-du-travail\\\/licenciements-collectifs\\\/#service\",\"name\":\"Licenciements collectifs\",\"url\":\"https:\\\/\\\/www.delucapartners.it\\\/fr\\\/domaines-dactivites\\\/contentieux-du-droit-du-travail\\\/licenciements-collectifs\\\/\",\"provider\":{\"@id\":\"https:\\\/\\\/www.delucapartners.it\\\/fr\\\/#organization\"},\"areaServed\":{\"@type\":\"Country\",\"name\":\"Italie\"}}},{\"@type\":\"Offer\",\"itemOffered\":{\"@type\":\"Service\",\"@id\":\"https:\\\/\\\/www.delucapartners.it\\\/fr\\\/domaines-dactivites\\\/contentieux-du-droit-du-travail\\\/activite-anti-syndicale-conf-a-lart-28-du-statut-des-travailleurs\\\/#service\",\"name\":\"Activit\u00e9 anti-syndicale conf. \u00e0 l\u2019art. 28 du Statut des travailleurs\",\"url\":\"https:\\\/\\\/www.delucapartners.it\\\/fr\\\/domaines-dactivites\\\/contentieux-du-droit-du-travail\\\/activite-anti-syndicale-conf-a-lart-28-du-statut-des-travailleurs\\\/\",\"provider\":{\"@id\":\"https:\\\/\\\/www.delucapartners.it\\\/fr\\\/#organization\"},\"areaServed\":{\"@type\":\"Country\",\"name\":\"Italie\"}}},{\"@type\":\"Offer\",\"itemOffered\":{\"@type\":\"Service\",\"@id\":\"https:\\\/\\\/www.delucapartners.it\\\/fr\\\/domaines-dactivites\\\/contentieux-du-droit-du-travail\\\/demission-pour-juste-motif\\\/#service\",\"name\":\"D\u00e9mission pour juste motif\",\"url\":\"https:\\\/\\\/www.delucapartners.it\\\/fr\\\/domaines-dactivites\\\/contentieux-du-droit-du-travail\\\/demission-pour-juste-motif\\\/\",\"provider\":{\"@id\":\"https:\\\/\\\/www.delucapartners.it\\\/fr\\\/#organization\"},\"areaServed\":{\"@type\":\"Country\",\"name\":\"Italie\"}}},{\"@type\":\"Offer\",\"itemOffered\":{\"@type\":\"Service\",\"@id\":\"https:\\\/\\\/www.delucapartners.it\\\/fr\\\/domaines-dactivites\\\/contentieux-du-droit-du-travail\\\/contrat-de-travail-para-subordonne\\\/#service\",\"name\":\"Contrat de travail para-subordonn\u00e9\",\"url\":\"https:\\\/\\\/www.delucapartners.it\\\/fr\\\/domaines-dactivites\\\/contentieux-du-droit-du-travail\\\/contrat-de-travail-para-subordonne\\\/\",\"provider\":{\"@id\":\"https:\\\/\\\/www.delucapartners.it\\\/fr\\\/#organization\"},\"areaServed\":{\"@type\":\"Country\",\"name\":\"Italie\"}}},{\"@type\":\"Offer\",\"itemOffered\":{\"@type\":\"Service\",\"@id\":\"https:\\\/\\\/www.delucapartners.it\\\/fr\\\/domaines-dactivites\\\/contentieux-du-droit-du-travail\\\/licenciement-pour-depassement-de-la-periode-de-conges-maladie\\\/#service\",\"name\":\"Licenciement pour d\u00e9passement de la p\u00e9riode de cong\u00e9s maladie\",\"url\":\"https:\\\/\\\/www.delucapartners.it\\\/fr\\\/domaines-dactivites\\\/contentieux-du-droit-du-travail\\\/licenciement-pour-depassement-de-la-periode-de-conges-maladie\\\/\",\"provider\":{\"@id\":\"https:\\\/\\\/www.delucapartners.it\\\/fr\\\/#organization\"},\"areaServed\":{\"@type\":\"Country\",\"name\":\"Italie\"}}},{\"@type\":\"Offer\",\"itemOffered\":{\"@type\":\"Service\",\"@id\":\"https:\\\/\\\/www.delucapartners.it\\\/fr\\\/domaines-dactivites\\\/contentieux-du-droit-du-travail\\\/preavis-art-2118-du-code-civil-italien\\\/#service\",\"name\":\"Pr\u00e9avis (art. 2118 du Code civil italien)\",\"url\":\"https:\\\/\\\/www.delucapartners.it\\\/fr\\\/domaines-dactivites\\\/contentieux-du-droit-du-travail\\\/preavis-art-2118-du-code-civil-italien\\\/\",\"provider\":{\"@id\":\"https:\\\/\\\/www.delucapartners.it\\\/fr\\\/#organization\"},\"areaServed\":{\"@type\":\"Country\",\"name\":\"Italie\"}}},{\"@type\":\"Offer\",\"itemOffered\":{\"@type\":\"Service\",\"@id\":\"https:\\\/\\\/www.delucapartners.it\\\/fr\\\/domaines-dactivites\\\/contentieux-du-droit-du-travail\\\/conventions-collectives-de-ii-niveau\\\/#service\",\"name\":\"Conventions collectives de II\u00b0 niveau\",\"url\":\"https:\\\/\\\/www.delucapartners.it\\\/fr\\\/domaines-dactivites\\\/contentieux-du-droit-du-travail\\\/conventions-collectives-de-ii-niveau\\\/\",\"provider\":{\"@id\":\"https:\\\/\\\/www.delucapartners.it\\\/fr\\\/#organization\"},\"areaServed\":{\"@type\":\"Country\",\"name\":\"Italie\"}}},{\"@type\":\"Offer\",\"itemOffered\":{\"@type\":\"Service\",\"@id\":\"https:\\\/\\\/www.delucapartners.it\\\/fr\\\/domaines-dactivites\\\/contentieux-du-droit-du-travail\\\/accidents-du-travail\\\/#service\",\"name\":\"Accidents du travail\",\"url\":\"https:\\\/\\\/www.delucapartners.it\\\/fr\\\/domaines-dactivites\\\/contentieux-du-droit-du-travail\\\/accidents-du-travail\\\/\",\"provider\":{\"@id\":\"https:\\\/\\\/www.delucapartners.it\\\/fr\\\/#organization\"},\"areaServed\":{\"@type\":\"Country\",\"name\":\"Italie\"}}},{\"@type\":\"Offer\",\"itemOffered\":{\"@type\":\"Service\",\"@id\":\"https:\\\/\\\/www.delucapartners.it\\\/fr\\\/domaines-dactivites\\\/contentieux-du-droit-du-travail\\\/cessions-dentreprises-de-branches-dactivite\\\/#service\",\"name\":\"Cessions d\u2019entreprises\\\/de branches d\u2019activit\u00e9\",\"url\":\"https:\\\/\\\/www.delucapartners.it\\\/fr\\\/domaines-dactivites\\\/contentieux-du-droit-du-travail\\\/cessions-dentreprises-de-branches-dactivite\\\/\",\"provider\":{\"@id\":\"https:\\\/\\\/www.delucapartners.it\\\/fr\\\/#organization\"},\"areaServed\":{\"@type\":\"Country\",\"name\":\"Italie\"}}},{\"@type\":\"Offer\",\"itemOffered\":{\"@type\":\"Service\",\"@id\":\"https:\\\/\\\/www.delucapartners.it\\\/fr\\\/domaines-dactivites\\\/contrats-de-distribution\\\/#service\",\"name\":\"Contrats de distribution\",\"url\":\"https:\\\/\\\/www.delucapartners.it\\\/fr\\\/domaines-dactivites\\\/contrats-de-distribution\\\/\",\"provider\":{\"@id\":\"https:\\\/\\\/www.delucapartners.it\\\/fr\\\/#organization\"},\"areaServed\":{\"@type\":\"Country\",\"name\":\"Italie\"}}},{\"@type\":\"Offer\",\"itemOffered\":{\"@type\":\"Service\",\"@id\":\"https:\\\/\\\/www.delucapartners.it\\\/fr\\\/domaines-dactivites\\\/contrats-de-travail-independant-et-parasubordonnes\\\/#service\",\"name\":\"Contrats de travail ind\u00e9pendant et parasubordonn\u00e9s\",\"url\":\"https:\\\/\\\/www.delucapartners.it\\\/fr\\\/domaines-dactivites\\\/contrats-de-travail-independant-et-parasubordonnes\\\/\",\"provider\":{\"@id\":\"https:\\\/\\\/www.delucapartners.it\\\/fr\\\/#organization\"},\"areaServed\":{\"@type\":\"Country\",\"name\":\"Italie\"}}},{\"@type\":\"Offer\",\"itemOffered\":{\"@type\":\"Service\",\"@id\":\"https:\\\/\\\/www.delucapartners.it\\\/fr\\\/domaines-dactivites\\\/contrat-dagence\\\/#service\",\"name\":\"Contrat d&rsquo;agence\",\"url\":\"https:\\\/\\\/www.delucapartners.it\\\/fr\\\/domaines-dactivites\\\/contrat-dagence\\\/\",\"provider\":{\"@id\":\"https:\\\/\\\/www.delucapartners.it\\\/fr\\\/#organization\"},\"areaServed\":{\"@type\":\"Country\",\"name\":\"Italie\"}}},{\"@type\":\"Offer\",\"itemOffered\":{\"@type\":\"Service\",\"@id\":\"https:\\\/\\\/www.delucapartners.it\\\/fr\\\/domaines-dactivites\\\/droit-du-travail\\\/#service\",\"name\":\"Droit du travail\",\"url\":\"https:\\\/\\\/www.delucapartners.it\\\/fr\\\/domaines-dactivites\\\/droit-du-travail\\\/\",\"provider\":{\"@id\":\"https:\\\/\\\/www.delucapartners.it\\\/fr\\\/#organization\"},\"areaServed\":{\"@type\":\"Country\",\"name\":\"Italie\"}}},{\"@type\":\"Offer\",\"itemOffered\":{\"@type\":\"Service\",\"@id\":\"https:\\\/\\\/www.delucapartners.it\\\/fr\\\/aree-di-attivita\\\/droit-de-limmigration\\\/#service\",\"name\":\"Droit de l&rsquo;immigration\",\"url\":\"https:\\\/\\\/www.delucapartners.it\\\/fr\\\/aree-di-attivita\\\/droit-de-limmigration\\\/\",\"provider\":{\"@id\":\"https:\\\/\\\/www.delucapartners.it\\\/fr\\\/#organization\"},\"areaServed\":{\"@type\":\"Country\",\"name\":\"Italie\"}}},{\"@type\":\"Offer\",\"itemOffered\":{\"@type\":\"Service\",\"@id\":\"https:\\\/\\\/www.delucapartners.it\\\/fr\\\/domaines-dactivites\\\/droit-de-la-securite-sociale\\\/#service\",\"name\":\"Droit de la s\u00e9curit\u00e9 sociale\",\"url\":\"https:\\\/\\\/www.delucapartners.it\\\/fr\\\/domaines-dactivites\\\/droit-de-la-securite-sociale\\\/\",\"provider\":{\"@id\":\"https:\\\/\\\/www.delucapartners.it\\\/fr\\\/#organization\"},\"areaServed\":{\"@type\":\"Country\",\"name\":\"Italie\"}}},{\"@type\":\"Offer\",\"itemOffered\":{\"@type\":\"Service\",\"@id\":\"https:\\\/\\\/www.delucapartners.it\\\/fr\\\/domaines-dactivites\\\/droit-fiscal-du-travail\\\/#service\",\"name\":\"Droit fiscal du travail\",\"url\":\"https:\\\/\\\/www.delucapartners.it\\\/fr\\\/domaines-dactivites\\\/droit-fiscal-du-travail\\\/\",\"provider\":{\"@id\":\"https:\\\/\\\/www.delucapartners.it\\\/fr\\\/#organization\"},\"areaServed\":{\"@type\":\"Country\",\"name\":\"Italie\"}}},{\"@type\":\"Offer\",\"itemOffered\":{\"@type\":\"Service\",\"@id\":\"https:\\\/\\\/www.delucapartners.it\\\/fr\\\/domaines-dactivites\\\/esg-pour-les-entreprises\\\/#service\",\"name\":\"ESG pour les entreprises\",\"url\":\"https:\\\/\\\/www.delucapartners.it\\\/fr\\\/domaines-dactivites\\\/esg-pour-les-entreprises\\\/\",\"provider\":{\"@id\":\"https:\\\/\\\/www.delucapartners.it\\\/fr\\\/#organization\"},\"areaServed\":{\"@type\":\"Country\",\"name\":\"Italie\"}}},{\"@type\":\"Offer\",\"itemOffered\":{\"@type\":\"Service\",\"@id\":\"https:\\\/\\\/www.delucapartners.it\\\/fr\\\/domaines-dactivites\\\/hro-hr-outsourcing\\\/#service\",\"name\":\"HRO &#8211; HR Outsourcing\",\"url\":\"https:\\\/\\\/www.delucapartners.it\\\/fr\\\/domaines-dactivites\\\/hro-hr-outsourcing\\\/\",\"provider\":{\"@id\":\"https:\\\/\\\/www.delucapartners.it\\\/fr\\\/#organization\"},\"areaServed\":{\"@type\":\"Country\",\"name\":\"Italie\"}}},{\"@type\":\"Offer\",\"itemOffered\":{\"@type\":\"Service\",\"@id\":\"https:\\\/\\\/www.delucapartners.it\\\/fr\\\/domaines-dactivites\\\/fusions-et-acquisitions-operations-extraordinaires-pour-les-rh\\\/#service\",\"name\":\"Fusions et acquisitions\\\/ Op\u00e9rations extraordinaires pour les RH\",\"url\":\"https:\\\/\\\/www.delucapartners.it\\\/fr\\\/domaines-dactivites\\\/fusions-et-acquisitions-operations-extraordinaires-pour-les-rh\\\/\",\"provider\":{\"@id\":\"https:\\\/\\\/www.delucapartners.it\\\/fr\\\/#organization\"},\"areaServed\":{\"@type\":\"Country\",\"name\":\"Italie\"}}},{\"@type\":\"Offer\",\"itemOffered\":{\"@type\":\"Service\",\"@id\":\"https:\\\/\\\/www.delucapartners.it\\\/fr\\\/domaines-dactivites\\\/relations-industrielles-reorganisations-et-restructurations\\\/#service\",\"name\":\"Relations industrielles, r\u00e9organisations et restructurations\",\"url\":\"https:\\\/\\\/www.delucapartners.it\\\/fr\\\/domaines-dactivites\\\/relations-industrielles-reorganisations-et-restructurations\\\/\",\"provider\":{\"@id\":\"https:\\\/\\\/www.delucapartners.it\\\/fr\\\/#organization\"},\"areaServed\":{\"@type\":\"Country\",\"name\":\"Italie\"}}},{\"@type\":\"Offer\",\"itemOffered\":{\"@type\":\"Service\",\"@id\":\"https:\\\/\\\/www.delucapartners.it\\\/fr\\\/domaines-dactivites\\\/la-sante-et-la-securite-au-travail\\\/#service\",\"name\":\"La sant\u00e9 et la s\u00e9curit\u00e9 au travail\",\"url\":\"https:\\\/\\\/www.delucapartners.it\\\/fr\\\/domaines-dactivites\\\/la-sante-et-la-securite-au-travail\\\/\",\"provider\":{\"@id\":\"https:\\\/\\\/www.delucapartners.it\\\/fr\\\/#organization\"},\"areaServed\":{\"@type\":\"Country\",\"name\":\"Italie\"}}},{\"@type\":\"Offer\",\"itemOffered\":{\"@type\":\"Service\",\"@id\":\"https:\\\/\\\/www.delucapartners.it\\\/fr\\\/domaines-dactivites\\\/haute-direction\\\/#service\",\"name\":\"Haute direction\",\"url\":\"https:\\\/\\\/www.delucapartners.it\\\/fr\\\/domaines-dactivites\\\/haute-direction\\\/\",\"provider\":{\"@id\":\"https:\\\/\\\/www.delucapartners.it\\\/fr\\\/#organization\"},\"areaServed\":{\"@type\":\"Country\",\"name\":\"Italie\"}}},{\"@type\":\"Offer\",\"itemOffered\":{\"@type\":\"Service\",\"@id\":\"https:\\\/\\\/www.delucapartners.it\\\/fr\\\/domaines-dactivites\\\/bien-etre-en-entreprise\\\/#service\",\"name\":\"Bien-\u00eatre en entreprise\",\"url\":\"https:\\\/\\\/www.delucapartners.it\\\/fr\\\/domaines-dactivites\\\/bien-etre-en-entreprise\\\/\",\"provider\":{\"@id\":\"https:\\\/\\\/www.delucapartners.it\\\/fr\\\/#organization\"},\"areaServed\":{\"@type\":\"Country\",\"name\":\"Italie\"}}},{\"@type\":\"Offer\",\"itemOffered\":{\"@type\":\"Service\",\"@id\":\"https:\\\/\\\/www.delucapartners.it\\\/fr\\\/domaines-dactivites\\\/lancement-dalertes\\\/#service\",\"name\":\"Lancement d\u2019alertes\",\"url\":\"https:\\\/\\\/www.delucapartners.it\\\/fr\\\/domaines-dactivites\\\/lancement-dalertes\\\/\",\"provider\":{\"@id\":\"https:\\\/\\\/www.delucapartners.it\\\/fr\\\/#organization\"},\"areaServed\":{\"@type\":\"Country\",\"name\":\"Italie\"}}}]}},{\"@type\":\"Person\",\"@id\":\"https:\\\/\\\/www.delucapartners.it\\\/fr\\\/#\\\/schema\\\/person\\\/5063c2767f84784e68821af018b50526\",\"name\":\"De Luca &amp; Partners\",\"image\":{\"@type\":\"ImageObject\",\"inLanguage\":\"fr-FR\",\"@id\":\"https:\\\/\\\/secure.gravatar.com\\\/avatar\\\/a610059c0158817ae9ff902a78b90137e46a77a581528c01a749f3ff305b16f2?s=96&d=mm&r=g\",\"url\":\"https:\\\/\\\/secure.gravatar.com\\\/avatar\\\/a610059c0158817ae9ff902a78b90137e46a77a581528c01a749f3ff305b16f2?s=96&d=mm&r=g\",\"contentUrl\":\"https:\\\/\\\/secure.gravatar.com\\\/avatar\\\/a610059c0158817ae9ff902a78b90137e46a77a581528c01a749f3ff305b16f2?s=96&d=mm&r=g\",\"caption\":\"De Luca &amp; Partners\"}}]}<\/script>\n<!-- \/ Yoast SEO plugin. -->","yoast_head_json":{"title":"Heures suppl\u00e9mentaires : un relev\u00e9 r\u00e9capitulatif ne suffit pas- De Luca &amp; Partners","description":"Par l\u2019ordonnance n\u00b0 20700 du 18 juin 2026, la Cour de cassation est revenue sur la question des heures suppl\u00e9mentaires, r\u00e9affirmant que le salari\u00e9 qui en r\u00e9clame le paiement doit d\u00e9montrer de mani\u00e8re rigoureuse non seulement l\u2019ex\u00e9cution effective d\u2019un travail au-del\u00e0 de l\u2019horaire normal, mais \u00e9galement son \u00e9tendue quantitative concr\u00e8te.","robots":{"index":"index","follow":"follow","max-snippet":"max-snippet:-1","max-image-preview":"max-image-preview:large","max-video-preview":"max-video-preview:-1"},"canonical":"https:\/\/www.delucapartners.it\/fr\/wp-json\/wp\/v2\/posts\/32716\/","og_locale":"fr_FR","og_type":"article","og_title":"Heures suppl\u00e9mentaires : un relev\u00e9 r\u00e9capitulatif ne suffit pas- De Luca &amp; Partners","og_description":"Par l\u2019ordonnance n\u00b0 20700 du 18 juin 2026, la Cour de cassation est revenue sur la question des heures suppl\u00e9mentaires, r\u00e9affirmant que le salari\u00e9 qui en r\u00e9clame le paiement doit d\u00e9montrer de mani\u00e8re rigoureuse non seulement l\u2019ex\u00e9cution effective d\u2019un travail au-del\u00e0 de l\u2019horaire normal, mais \u00e9galement son \u00e9tendue quantitative concr\u00e8te.","og_url":"https:\/\/www.delucapartners.it\/fr\/insights\/legislation\/heures-supplementaires-un-releve-recapitulatif-ne-suffit-pas\/","og_site_name":"De Luca &amp; Partners","article_published_time":"2026-09-01T10:56:02+00:00","article_modified_time":"2026-09-01T12:46:58+00:00","og_image":[{"width":1920,"height":1282,"url":"https:\/\/www.delucapartners.it\/wp-content\/uploads\/2026\/04\/shutterstock_1411538462-2.jpg","type":"image\/jpeg"}],"author":"De Luca &amp; Partners","twitter_card":"summary_large_image","twitter_misc":{"\u00c9crit par":"De Luca &amp; Partners","Dur\u00e9e de lecture estim\u00e9e":"5 minutes"},"schema":{"@context":"https:\/\/schema.org","@graph":[{"@type":"Article","@id":"https:\/\/www.delucapartners.it\/fr\/insights\/legislation\/heures-supplementaires-un-releve-recapitulatif-ne-suffit-pas\/#article","isPartOf":{"@id":"https:\/\/www.delucapartners.it\/fr\/insights\/legislation\/heures-supplementaires-un-releve-recapitulatif-ne-suffit-pas\/"},"author":{"name":"De Luca &amp; Partners","@id":"https:\/\/www.delucapartners.it\/fr\/#\/schema\/person\/5063c2767f84784e68821af018b50526"},"headline":"Heures suppl\u00e9mentaires : un tableau r\u00e9capitulatif ne suffit pas; le salari\u00e9 doit apporter une preuve rigoureuse du nombre d&rsquo;heures effectu\u00e9es et de l&rsquo;ampleur de la prestation.","datePublished":"2026-09-01T10:56:02+00:00","dateModified":"2026-09-01T12:46:58+00:00","mainEntityOfPage":{"@id":"https:\/\/www.delucapartners.it\/fr\/insights\/legislation\/heures-supplementaires-un-releve-recapitulatif-ne-suffit-pas\/"},"wordCount":1079,"commentCount":0,"publisher":{"@id":"https:\/\/www.delucapartners.it\/fr\/#organization"},"image":{"@id":"https:\/\/www.delucapartners.it\/fr\/insights\/legislation\/heures-supplementaires-un-releve-recapitulatif-ne-suffit-pas\/#primaryimage"},"thumbnailUrl":"https:\/\/www.delucapartners.it\/wp-content\/uploads\/2026\/04\/shutterstock_1411538462-2.jpg","keywords":["Employment &amp; Labour Law","work life balance"],"articleSection":["Insights","Legislation","News"],"inLanguage":"fr-FR","potentialAction":[{"@type":"CommentAction","name":"Comment","target":["https:\/\/www.delucapartners.it\/fr\/insights\/legislation\/heures-supplementaires-un-releve-recapitulatif-ne-suffit-pas\/#respond"]}]},{"@type":"WebPage","@id":"https:\/\/www.delucapartners.it\/fr\/insights\/legislation\/heures-supplementaires-un-releve-recapitulatif-ne-suffit-pas\/","url":"https:\/\/www.delucapartners.it\/fr\/insights\/legislation\/heures-supplementaires-un-releve-recapitulatif-ne-suffit-pas\/","name":"Heures suppl\u00e9mentaires : un relev\u00e9 r\u00e9capitulatif ne suffit pas- De Luca &amp; Partners","isPartOf":{"@id":"https:\/\/www.delucapartners.it\/fr\/#website"},"primaryImageOfPage":{"@id":"https:\/\/www.delucapartners.it\/fr\/insights\/legislation\/heures-supplementaires-un-releve-recapitulatif-ne-suffit-pas\/#primaryimage"},"image":{"@id":"https:\/\/www.delucapartners.it\/fr\/insights\/legislation\/heures-supplementaires-un-releve-recapitulatif-ne-suffit-pas\/#primaryimage"},"thumbnailUrl":"https:\/\/www.delucapartners.it\/wp-content\/uploads\/2026\/04\/shutterstock_1411538462-2.jpg","datePublished":"2026-09-01T10:56:02+00:00","dateModified":"2026-09-01T12:46:58+00:00","description":"Par l\u2019ordonnance n\u00b0 20700 du 18 juin 2026, la Cour de cassation est revenue sur la question des heures suppl\u00e9mentaires, r\u00e9affirmant que le salari\u00e9 qui en r\u00e9clame le paiement doit d\u00e9montrer de mani\u00e8re rigoureuse non seulement l\u2019ex\u00e9cution effective d\u2019un travail au-del\u00e0 de l\u2019horaire normal, mais \u00e9galement son \u00e9tendue quantitative concr\u00e8te.","breadcrumb":{"@id":"https:\/\/www.delucapartners.it\/fr\/insights\/legislation\/heures-supplementaires-un-releve-recapitulatif-ne-suffit-pas\/#breadcrumb"},"inLanguage":"fr-FR","potentialAction":[{"@type":"ReadAction","target":["https:\/\/www.delucapartners.it\/fr\/insights\/legislation\/heures-supplementaires-un-releve-recapitulatif-ne-suffit-pas\/"]}]},{"@type":"ImageObject","inLanguage":"fr-FR","@id":"https:\/\/www.delucapartners.it\/fr\/insights\/legislation\/heures-supplementaires-un-releve-recapitulatif-ne-suffit-pas\/#primaryimage","url":"https:\/\/www.delucapartners.it\/wp-content\/uploads\/2026\/04\/shutterstock_1411538462-2.jpg","contentUrl":"https:\/\/www.delucapartners.it\/wp-content\/uploads\/2026\/04\/shutterstock_1411538462-2.jpg","width":1920,"height":1282},{"@type":"BreadcrumbList","@id":"https:\/\/www.delucapartners.it\/fr\/insights\/legislation\/heures-supplementaires-un-releve-recapitulatif-ne-suffit-pas\/#breadcrumb","itemListElement":[{"@type":"ListItem","position":1,"name":"Home","item":"https:\/\/www.delucapartners.it\/fr\/"},{"@type":"ListItem","position":2,"name":"Heures suppl\u00e9mentaires : un tableau r\u00e9capitulatif ne suffit pas; le salari\u00e9 doit apporter une preuve rigoureuse du nombre d&#8217;heures effectu\u00e9es et de l&#8217;ampleur de la prestation."}]},{"@type":"WebSite","@id":"https:\/\/www.delucapartners.it\/fr\/#website","url":"https:\/\/www.delucapartners.it\/fr\/","name":"De Luca & Partners","description":"","publisher":{"@id":"https:\/\/www.delucapartners.it\/fr\/#organization"},"potentialAction":[{"@type":"SearchAction","target":{"@type":"EntryPoint","urlTemplate":"https:\/\/www.delucapartners.it\/fr\/?s={search_term_string}"},"query-input":{"@type":"PropertyValueSpecification","valueRequired":true,"valueName":"search_term_string"}}],"inLanguage":"fr-FR"},{"@type":"LegalService","@id":"https:\/\/www.delucapartners.it\/fr\/#organization","name":"De Luca & Partners","alternateName":"Studio Legale De Luca & Partners","url":"https:\/\/www.delucapartners.it\/","logo":{"@type":"ImageObject","@id":"https:\/\/www.delucapartners.it\/fr\/#logo","url":"https:\/\/www.delucapartners.it\/wp-content\/uploads\/2026\/02\/cropped-icon-192x192-1.png","contentUrl":"https:\/\/www.delucapartners.it\/wp-content\/uploads\/2026\/02\/cropped-icon-192x192-1.png","width":512,"height":512,"caption":"De Luca & Partners"},"image":{"@id":"https:\/\/www.delucapartners.it\/fr\/#logo"},"description":"De Luca & Partners est un cabinet d\u2019avocats ind\u00e9pendant fond\u00e9 en 1976, sp\u00e9cialis\u00e9 en droit du travail et en protection des donn\u00e9es, qui conseille et assiste des entreprises italiennes et multinationales.","foundingDate":"1976","founder":{"@type":"Person","@id":"https:\/\/www.delucapartners.it\/#person-vincenzo-de-luca","name":"Vincenzo De Luca","url":"https:\/\/www.delucapartners.it\/fr\/professionnels\/vincenzo-de-luca\/"},"address":{"@type":"PostalAddress","streetAddress":"Largo A. Toscanini, 1","postalCode":"20122","addressLocality":"Milano","addressRegion":"Lombardia","addressCountry":"IT"},"telephone":"+39023655651","email":"info@delucapartners.it","vatID":"IT12621700157","areaServed":{"@type":"Country","name":"Italie"},"contactPoint":{"@type":"ContactPoint","contactType":"informations g\u00e9n\u00e9rales","telephone":"+39023655651","email":"info@delucapartners.it","availableLanguage":["it","en","fr"],"areaServed":"IT"},"sameAs":["https:\/\/www.linkedin.com\/company\/deluca%26partners\/","https:\/\/www.youtube.com\/channel\/UCpT03V-ndoLilQhQR1l-kwA"],"hasOfferCatalog":{"@type":"OfferCatalog","@id":"https:\/\/www.delucapartners.it\/fr\/#offer-catalog-fr","name":"Domaines d\u2019activit\u00e9s","itemListElement":[{"@type":"Offer","itemOffered":{"@type":"Service","@id":"https:\/\/www.delucapartners.it\/fr\/domaines-dactivites\/conformite-a-la-reglementation-sur-la-protection-des-donnees-rgpd\/#service","name":"Conformit\u00e9 \u00e0 la r\u00e9glementation sur la protection des donn\u00e9es (RGPD)","url":"https:\/\/www.delucapartners.it\/fr\/domaines-dactivites\/conformite-a-la-reglementation-sur-la-protection-des-donnees-rgpd\/","provider":{"@id":"https:\/\/www.delucapartners.it\/fr\/#organization"},"areaServed":{"@type":"Country","name":"Italie"}}},{"@type":"Offer","itemOffered":{"@type":"Service","@id":"https:\/\/www.delucapartners.it\/fr\/domaines-dactivites\/prestations-en-cas-de-licenciement-economique-cigs-cigo-solidarite\/#service","name":"Prestations en cas de licenciement \u00e9conomique (CIGS-CIGO-Solidarit\u00e9)","url":"https:\/\/www.delucapartners.it\/fr\/domaines-dactivites\/prestations-en-cas-de-licenciement-economique-cigs-cigo-solidarite\/","provider":{"@id":"https:\/\/www.delucapartners.it\/fr\/#organization"},"areaServed":{"@type":"Country","name":"Italie"}}},{"@type":"Offer","itemOffered":{"@type":"Service","@id":"https:\/\/www.delucapartners.it\/fr\/domaines-dactivites\/conformite-responsabilite-administrative-des-personnes-morales-decret-legislatif-italien-n-231-01\/#service","name":"Conformit\u00e9 &#8211; responsabilit\u00e9 administrative des personnes morales","url":"https:\/\/www.delucapartners.it\/fr\/domaines-dactivites\/conformite-responsabilite-administrative-des-personnes-morales-decret-legislatif-italien-n-231-01\/","provider":{"@id":"https:\/\/www.delucapartners.it\/fr\/#organization"},"areaServed":{"@type":"Country","name":"Italie"}}},{"@type":"Offer","itemOffered":{"@type":"Service","@id":"https:\/\/www.delucapartners.it\/fr\/domaines-dactivites\/contentieux-du-droit-du-travail\/#service","name":"Contentieux du droit du travail","url":"https:\/\/www.delucapartners.it\/fr\/domaines-dactivites\/contentieux-du-droit-du-travail\/","provider":{"@id":"https:\/\/www.delucapartners.it\/fr\/#organization"},"areaServed":{"@type":"Country","name":"Italie"}}},{"@type":"Offer","itemOffered":{"@type":"Service","@id":"https:\/\/www.delucapartners.it\/fr\/domaines-dactivites\/contentieux-du-droit-du-travail\/licenciement-economique\/#service","name":"Licenciement \u00e9conomique","url":"https:\/\/www.delucapartners.it\/fr\/domaines-dactivites\/contentieux-du-droit-du-travail\/licenciement-economique\/","provider":{"@id":"https:\/\/www.delucapartners.it\/fr\/#organization"},"areaServed":{"@type":"Country","name":"Italie"}}},{"@type":"Offer","itemOffered":{"@type":"Service","@id":"https:\/\/www.delucapartners.it\/fr\/domaines-dactivites\/contentieux-du-droit-du-travail\/requalification-legitimite-de-la-relation-de-travail-dindependant-ou-para-subordonne-a-subordonne\/#service","name":"Requalification\/legitimite de la relation de travail (d\u2019independant ou para-subordonne a subordonne)","url":"https:\/\/www.delucapartners.it\/fr\/domaines-dactivites\/contentieux-du-droit-du-travail\/requalification-legitimite-de-la-relation-de-travail-dindependant-ou-para-subordonne-a-subordonne\/","provider":{"@id":"https:\/\/www.delucapartners.it\/fr\/#organization"},"areaServed":{"@type":"Country","name":"Italie"}}},{"@type":"Offer","itemOffered":{"@type":"Service","@id":"https:\/\/www.delucapartners.it\/fr\/domaines-dactivites\/contentieux-du-droit-du-travail\/contrat-dagence-differences-sur-les-commissions-indemnite-de-cessation-conf-a-lart-1751-violation-de-lobligation-de-non-concurrence\/#service","name":"Contrat d\u2019agence (differences sur les commissions ; indemnite de cessation conf. a l\u2019art. 1751 ; violation de l\u2019obligation de non concurrence)","url":"https:\/\/www.delucapartners.it\/fr\/domaines-dactivites\/contentieux-du-droit-du-travail\/contrat-dagence-differences-sur-les-commissions-indemnite-de-cessation-conf-a-lart-1751-violation-de-lobligation-de-non-concurrence\/","provider":{"@id":"https:\/\/www.delucapartners.it\/fr\/#organization"},"areaServed":{"@type":"Country","name":"Italie"}}},{"@type":"Offer","itemOffered":{"@type":"Service","@id":"https:\/\/www.delucapartners.it\/fr\/domaines-dactivites\/contentieux-du-droit-du-travail\/mobbing\/#service","name":"Mobbing","url":"https:\/\/www.delucapartners.it\/fr\/domaines-dactivites\/contentieux-du-droit-du-travail\/mobbing\/","provider":{"@id":"https:\/\/www.delucapartners.it\/fr\/#organization"},"areaServed":{"@type":"Country","name":"Italie"}}},{"@type":"Offer","itemOffered":{"@type":"Service","@id":"https:\/\/www.delucapartners.it\/fr\/domaines-dactivites\/contentieux-du-droit-du-travail\/fourniture-de-main-doeuvre-sous-traitance\/#service","name":"Fourniture de main d\u2019\u0153uvre \/ Sous-traitance","url":"https:\/\/www.delucapartners.it\/fr\/domaines-dactivites\/contentieux-du-droit-du-travail\/fourniture-de-main-doeuvre-sous-traitance\/","provider":{"@id":"https:\/\/www.delucapartners.it\/fr\/#organization"},"areaServed":{"@type":"Country","name":"Italie"}}},{"@type":"Offer","itemOffered":{"@type":"Service","@id":"https:\/\/www.delucapartners.it\/fr\/domaines-dactivites\/contentieux-du-droit-du-travail\/cotisations-et-les-sanctions\/#service","name":"Cotisations et les sanctions","url":"https:\/\/www.delucapartners.it\/fr\/domaines-dactivites\/contentieux-du-droit-du-travail\/cotisations-et-les-sanctions\/","provider":{"@id":"https:\/\/www.delucapartners.it\/fr\/#organization"},"areaServed":{"@type":"Country","name":"Italie"}}},{"@type":"Offer","itemOffered":{"@type":"Service","@id":"https:\/\/www.delucapartners.it\/fr\/domaines-dactivites\/contentieux-du-droit-du-travail\/contrats-de-travail-a-duree-determinee\/#service","name":"Contrats de travail \u00e0 dur\u00e9e d\u00e9termin\u00e9e","url":"https:\/\/www.delucapartners.it\/fr\/domaines-dactivites\/contentieux-du-droit-du-travail\/contrats-de-travail-a-duree-determinee\/","provider":{"@id":"https:\/\/www.delucapartners.it\/fr\/#organization"},"areaServed":{"@type":"Country","name":"Italie"}}},{"@type":"Offer","itemOffered":{"@type":"Service","@id":"https:\/\/www.delucapartners.it\/fr\/domaines-dactivites\/contentieux-du-droit-du-travail\/fonctions-retrogradation\/#service","name":"Fonctions\/r\u00e9trogradation","url":"https:\/\/www.delucapartners.it\/fr\/domaines-dactivites\/contentieux-du-droit-du-travail\/fonctions-retrogradation\/","provider":{"@id":"https:\/\/www.delucapartners.it\/fr\/#organization"},"areaServed":{"@type":"Country","name":"Italie"}}},{"@type":"Offer","itemOffered":{"@type":"Service","@id":"https:\/\/www.delucapartners.it\/fr\/domaines-dactivites\/contentieux-du-droit-du-travail\/transfert-individuels-ou-collectifs\/#service","name":"Transfert individuels ou collectifs","url":"https:\/\/www.delucapartners.it\/fr\/domaines-dactivites\/contentieux-du-droit-du-travail\/transfert-individuels-ou-collectifs\/","provider":{"@id":"https:\/\/www.delucapartners.it\/fr\/#organization"},"areaServed":{"@type":"Country","name":"Italie"}}},{"@type":"Offer","itemOffered":{"@type":"Service","@id":"https:\/\/www.delucapartners.it\/fr\/domaines-dactivites\/contentieux-du-droit-du-travail\/indemnite-de-depart\/#service","name":"Indemnit\u00e9 de d\u00e9part","url":"https:\/\/www.delucapartners.it\/fr\/domaines-dactivites\/contentieux-du-droit-du-travail\/indemnite-de-depart\/","provider":{"@id":"https:\/\/www.delucapartners.it\/fr\/#organization"},"areaServed":{"@type":"Country","name":"Italie"}}},{"@type":"Offer","itemOffered":{"@type":"Service","@id":"https:\/\/www.delucapartners.it\/fr\/domaines-dactivites\/contentieux-du-droit-du-travail\/impots-et-les-sanctions\/#service","name":"Imp\u00f4ts et les sanctions","url":"https:\/\/www.delucapartners.it\/fr\/domaines-dactivites\/contentieux-du-droit-du-travail\/impots-et-les-sanctions\/","provider":{"@id":"https:\/\/www.delucapartners.it\/fr\/#organization"},"areaServed":{"@type":"Country","name":"Italie"}}},{"@type":"Offer","itemOffered":{"@type":"Service","@id":"https:\/\/www.delucapartners.it\/fr\/domaines-dactivites\/contentieux-du-droit-du-travail\/retribution-fixe-avantages\/#service","name":"R\u00e9tribution fixe\/avantages","url":"https:\/\/www.delucapartners.it\/fr\/domaines-dactivites\/contentieux-du-droit-du-travail\/retribution-fixe-avantages\/","provider":{"@id":"https:\/\/www.delucapartners.it\/fr\/#organization"},"areaServed":{"@type":"Country","name":"Italie"}}},{"@type":"Offer","itemOffered":{"@type":"Service","@id":"https:\/\/www.delucapartners.it\/fr\/domaines-dactivites\/contentieux-du-droit-du-travail\/administrateurs\/#service","name":"Administrateurs","url":"https:\/\/www.delucapartners.it\/fr\/domaines-dactivites\/contentieux-du-droit-du-travail\/administrateurs\/","provider":{"@id":"https:\/\/www.delucapartners.it\/fr\/#organization"},"areaServed":{"@type":"Country","name":"Italie"}}},{"@type":"Offer","itemOffered":{"@type":"Service","@id":"https:\/\/www.delucapartners.it\/fr\/domaines-dactivites\/contentieux-du-droit-du-travail\/maternite-et-conge-post-natal\/#service","name":"Maternit\u00e9 et cong\u00e9 post-natal","url":"https:\/\/www.delucapartners.it\/fr\/domaines-dactivites\/contentieux-du-droit-du-travail\/maternite-et-conge-post-natal\/","provider":{"@id":"https:\/\/www.delucapartners.it\/fr\/#organization"},"areaServed":{"@type":"Country","name":"Italie"}}},{"@type":"Offer","itemOffered":{"@type":"Service","@id":"https:\/\/www.delucapartners.it\/fr\/domaines-dactivites\/contentieux-du-droit-du-travail\/plans-doption-dachat-dactions\/#service","name":"Plans d\u2019option d\u2019achat d\u2019actions","url":"https:\/\/www.delucapartners.it\/fr\/domaines-dactivites\/contentieux-du-droit-du-travail\/plans-doption-dachat-dactions\/","provider":{"@id":"https:\/\/www.delucapartners.it\/fr\/#organization"},"areaServed":{"@type":"Country","name":"Italie"}}},{"@type":"Offer","itemOffered":{"@type":"Service","@id":"https:\/\/www.delucapartners.it\/fr\/domaines-dactivites\/contentieux-du-droit-du-travail\/licenciement-pour-juste-motif\/#service","name":"Licenciement pour juste motif","url":"https:\/\/www.delucapartners.it\/fr\/domaines-dactivites\/contentieux-du-droit-du-travail\/licenciement-pour-juste-motif\/","provider":{"@id":"https:\/\/www.delucapartners.it\/fr\/#organization"},"areaServed":{"@type":"Country","name":"Italie"}}},{"@type":"Offer","itemOffered":{"@type":"Service","@id":"https:\/\/www.delucapartners.it\/fr\/domaines-dactivites\/contentieux-du-droit-du-travail\/resiliation-pendant-la-periode-dessai\/#service","name":"R\u00e9siliation pendant la p\u00e9riode d\u2019essai","url":"https:\/\/www.delucapartners.it\/fr\/domaines-dactivites\/contentieux-du-droit-du-travail\/resiliation-pendant-la-periode-dessai\/","provider":{"@id":"https:\/\/www.delucapartners.it\/fr\/#organization"},"areaServed":{"@type":"Country","name":"Italie"}}},{"@type":"Offer","itemOffered":{"@type":"Service","@id":"https:\/\/www.delucapartners.it\/fr\/domaines-dactivites\/contentieux-du-droit-du-travail\/licenciement-multiple-individuel-reduction-de-personnel\/#service","name":"Licenciement multiple individuel (r\u00e9duction de personnel)\u202f","url":"https:\/\/www.delucapartners.it\/fr\/domaines-dactivites\/contentieux-du-droit-du-travail\/licenciement-multiple-individuel-reduction-de-personnel\/","provider":{"@id":"https:\/\/www.delucapartners.it\/fr\/#organization"},"areaServed":{"@type":"Country","name":"Italie"}}},{"@type":"Offer","itemOffered":{"@type":"Service","@id":"https:\/\/www.delucapartners.it\/fr\/domaines-dactivites\/contentieux-du-droit-du-travail\/violation-de-la-clause-de-non-concurrence\/#service","name":"Violation de la clause de non-concurrence","url":"https:\/\/www.delucapartners.it\/fr\/domaines-dactivites\/contentieux-du-droit-du-travail\/violation-de-la-clause-de-non-concurrence\/","provider":{"@id":"https:\/\/www.delucapartners.it\/fr\/#organization"},"areaServed":{"@type":"Country","name":"Italie"}}},{"@type":"Offer","itemOffered":{"@type":"Service","@id":"https:\/\/www.delucapartners.it\/fr\/domaines-dactivites\/contentieux-du-droit-du-travail\/licenciements-collectifs\/#service","name":"Licenciements collectifs","url":"https:\/\/www.delucapartners.it\/fr\/domaines-dactivites\/contentieux-du-droit-du-travail\/licenciements-collectifs\/","provider":{"@id":"https:\/\/www.delucapartners.it\/fr\/#organization"},"areaServed":{"@type":"Country","name":"Italie"}}},{"@type":"Offer","itemOffered":{"@type":"Service","@id":"https:\/\/www.delucapartners.it\/fr\/domaines-dactivites\/contentieux-du-droit-du-travail\/activite-anti-syndicale-conf-a-lart-28-du-statut-des-travailleurs\/#service","name":"Activit\u00e9 anti-syndicale conf. \u00e0 l\u2019art. 28 du Statut des travailleurs","url":"https:\/\/www.delucapartners.it\/fr\/domaines-dactivites\/contentieux-du-droit-du-travail\/activite-anti-syndicale-conf-a-lart-28-du-statut-des-travailleurs\/","provider":{"@id":"https:\/\/www.delucapartners.it\/fr\/#organization"},"areaServed":{"@type":"Country","name":"Italie"}}},{"@type":"Offer","itemOffered":{"@type":"Service","@id":"https:\/\/www.delucapartners.it\/fr\/domaines-dactivites\/contentieux-du-droit-du-travail\/demission-pour-juste-motif\/#service","name":"D\u00e9mission pour juste motif","url":"https:\/\/www.delucapartners.it\/fr\/domaines-dactivites\/contentieux-du-droit-du-travail\/demission-pour-juste-motif\/","provider":{"@id":"https:\/\/www.delucapartners.it\/fr\/#organization"},"areaServed":{"@type":"Country","name":"Italie"}}},{"@type":"Offer","itemOffered":{"@type":"Service","@id":"https:\/\/www.delucapartners.it\/fr\/domaines-dactivites\/contentieux-du-droit-du-travail\/contrat-de-travail-para-subordonne\/#service","name":"Contrat de travail para-subordonn\u00e9","url":"https:\/\/www.delucapartners.it\/fr\/domaines-dactivites\/contentieux-du-droit-du-travail\/contrat-de-travail-para-subordonne\/","provider":{"@id":"https:\/\/www.delucapartners.it\/fr\/#organization"},"areaServed":{"@type":"Country","name":"Italie"}}},{"@type":"Offer","itemOffered":{"@type":"Service","@id":"https:\/\/www.delucapartners.it\/fr\/domaines-dactivites\/contentieux-du-droit-du-travail\/licenciement-pour-depassement-de-la-periode-de-conges-maladie\/#service","name":"Licenciement pour d\u00e9passement de la p\u00e9riode de cong\u00e9s maladie","url":"https:\/\/www.delucapartners.it\/fr\/domaines-dactivites\/contentieux-du-droit-du-travail\/licenciement-pour-depassement-de-la-periode-de-conges-maladie\/","provider":{"@id":"https:\/\/www.delucapartners.it\/fr\/#organization"},"areaServed":{"@type":"Country","name":"Italie"}}},{"@type":"Offer","itemOffered":{"@type":"Service","@id":"https:\/\/www.delucapartners.it\/fr\/domaines-dactivites\/contentieux-du-droit-du-travail\/preavis-art-2118-du-code-civil-italien\/#service","name":"Pr\u00e9avis (art. 2118 du Code civil italien)","url":"https:\/\/www.delucapartners.it\/fr\/domaines-dactivites\/contentieux-du-droit-du-travail\/preavis-art-2118-du-code-civil-italien\/","provider":{"@id":"https:\/\/www.delucapartners.it\/fr\/#organization"},"areaServed":{"@type":"Country","name":"Italie"}}},{"@type":"Offer","itemOffered":{"@type":"Service","@id":"https:\/\/www.delucapartners.it\/fr\/domaines-dactivites\/contentieux-du-droit-du-travail\/conventions-collectives-de-ii-niveau\/#service","name":"Conventions collectives de II\u00b0 niveau","url":"https:\/\/www.delucapartners.it\/fr\/domaines-dactivites\/contentieux-du-droit-du-travail\/conventions-collectives-de-ii-niveau\/","provider":{"@id":"https:\/\/www.delucapartners.it\/fr\/#organization"},"areaServed":{"@type":"Country","name":"Italie"}}},{"@type":"Offer","itemOffered":{"@type":"Service","@id":"https:\/\/www.delucapartners.it\/fr\/domaines-dactivites\/contentieux-du-droit-du-travail\/accidents-du-travail\/#service","name":"Accidents du travail","url":"https:\/\/www.delucapartners.it\/fr\/domaines-dactivites\/contentieux-du-droit-du-travail\/accidents-du-travail\/","provider":{"@id":"https:\/\/www.delucapartners.it\/fr\/#organization"},"areaServed":{"@type":"Country","name":"Italie"}}},{"@type":"Offer","itemOffered":{"@type":"Service","@id":"https:\/\/www.delucapartners.it\/fr\/domaines-dactivites\/contentieux-du-droit-du-travail\/cessions-dentreprises-de-branches-dactivite\/#service","name":"Cessions d\u2019entreprises\/de branches d\u2019activit\u00e9","url":"https:\/\/www.delucapartners.it\/fr\/domaines-dactivites\/contentieux-du-droit-du-travail\/cessions-dentreprises-de-branches-dactivite\/","provider":{"@id":"https:\/\/www.delucapartners.it\/fr\/#organization"},"areaServed":{"@type":"Country","name":"Italie"}}},{"@type":"Offer","itemOffered":{"@type":"Service","@id":"https:\/\/www.delucapartners.it\/fr\/domaines-dactivites\/contrats-de-distribution\/#service","name":"Contrats de distribution","url":"https:\/\/www.delucapartners.it\/fr\/domaines-dactivites\/contrats-de-distribution\/","provider":{"@id":"https:\/\/www.delucapartners.it\/fr\/#organization"},"areaServed":{"@type":"Country","name":"Italie"}}},{"@type":"Offer","itemOffered":{"@type":"Service","@id":"https:\/\/www.delucapartners.it\/fr\/domaines-dactivites\/contrats-de-travail-independant-et-parasubordonnes\/#service","name":"Contrats de travail ind\u00e9pendant et parasubordonn\u00e9s","url":"https:\/\/www.delucapartners.it\/fr\/domaines-dactivites\/contrats-de-travail-independant-et-parasubordonnes\/","provider":{"@id":"https:\/\/www.delucapartners.it\/fr\/#organization"},"areaServed":{"@type":"Country","name":"Italie"}}},{"@type":"Offer","itemOffered":{"@type":"Service","@id":"https:\/\/www.delucapartners.it\/fr\/domaines-dactivites\/contrat-dagence\/#service","name":"Contrat d&rsquo;agence","url":"https:\/\/www.delucapartners.it\/fr\/domaines-dactivites\/contrat-dagence\/","provider":{"@id":"https:\/\/www.delucapartners.it\/fr\/#organization"},"areaServed":{"@type":"Country","name":"Italie"}}},{"@type":"Offer","itemOffered":{"@type":"Service","@id":"https:\/\/www.delucapartners.it\/fr\/domaines-dactivites\/droit-du-travail\/#service","name":"Droit du travail","url":"https:\/\/www.delucapartners.it\/fr\/domaines-dactivites\/droit-du-travail\/","provider":{"@id":"https:\/\/www.delucapartners.it\/fr\/#organization"},"areaServed":{"@type":"Country","name":"Italie"}}},{"@type":"Offer","itemOffered":{"@type":"Service","@id":"https:\/\/www.delucapartners.it\/fr\/aree-di-attivita\/droit-de-limmigration\/#service","name":"Droit de l&rsquo;immigration","url":"https:\/\/www.delucapartners.it\/fr\/aree-di-attivita\/droit-de-limmigration\/","provider":{"@id":"https:\/\/www.delucapartners.it\/fr\/#organization"},"areaServed":{"@type":"Country","name":"Italie"}}},{"@type":"Offer","itemOffered":{"@type":"Service","@id":"https:\/\/www.delucapartners.it\/fr\/domaines-dactivites\/droit-de-la-securite-sociale\/#service","name":"Droit de la s\u00e9curit\u00e9 sociale","url":"https:\/\/www.delucapartners.it\/fr\/domaines-dactivites\/droit-de-la-securite-sociale\/","provider":{"@id":"https:\/\/www.delucapartners.it\/fr\/#organization"},"areaServed":{"@type":"Country","name":"Italie"}}},{"@type":"Offer","itemOffered":{"@type":"Service","@id":"https:\/\/www.delucapartners.it\/fr\/domaines-dactivites\/droit-fiscal-du-travail\/#service","name":"Droit fiscal du travail","url":"https:\/\/www.delucapartners.it\/fr\/domaines-dactivites\/droit-fiscal-du-travail\/","provider":{"@id":"https:\/\/www.delucapartners.it\/fr\/#organization"},"areaServed":{"@type":"Country","name":"Italie"}}},{"@type":"Offer","itemOffered":{"@type":"Service","@id":"https:\/\/www.delucapartners.it\/fr\/domaines-dactivites\/esg-pour-les-entreprises\/#service","name":"ESG pour les entreprises","url":"https:\/\/www.delucapartners.it\/fr\/domaines-dactivites\/esg-pour-les-entreprises\/","provider":{"@id":"https:\/\/www.delucapartners.it\/fr\/#organization"},"areaServed":{"@type":"Country","name":"Italie"}}},{"@type":"Offer","itemOffered":{"@type":"Service","@id":"https:\/\/www.delucapartners.it\/fr\/domaines-dactivites\/hro-hr-outsourcing\/#service","name":"HRO &#8211; HR Outsourcing","url":"https:\/\/www.delucapartners.it\/fr\/domaines-dactivites\/hro-hr-outsourcing\/","provider":{"@id":"https:\/\/www.delucapartners.it\/fr\/#organization"},"areaServed":{"@type":"Country","name":"Italie"}}},{"@type":"Offer","itemOffered":{"@type":"Service","@id":"https:\/\/www.delucapartners.it\/fr\/domaines-dactivites\/fusions-et-acquisitions-operations-extraordinaires-pour-les-rh\/#service","name":"Fusions et acquisitions\/ Op\u00e9rations extraordinaires pour les RH","url":"https:\/\/www.delucapartners.it\/fr\/domaines-dactivites\/fusions-et-acquisitions-operations-extraordinaires-pour-les-rh\/","provider":{"@id":"https:\/\/www.delucapartners.it\/fr\/#organization"},"areaServed":{"@type":"Country","name":"Italie"}}},{"@type":"Offer","itemOffered":{"@type":"Service","@id":"https:\/\/www.delucapartners.it\/fr\/domaines-dactivites\/relations-industrielles-reorganisations-et-restructurations\/#service","name":"Relations industrielles, r\u00e9organisations et restructurations","url":"https:\/\/www.delucapartners.it\/fr\/domaines-dactivites\/relations-industrielles-reorganisations-et-restructurations\/","provider":{"@id":"https:\/\/www.delucapartners.it\/fr\/#organization"},"areaServed":{"@type":"Country","name":"Italie"}}},{"@type":"Offer","itemOffered":{"@type":"Service","@id":"https:\/\/www.delucapartners.it\/fr\/domaines-dactivites\/la-sante-et-la-securite-au-travail\/#service","name":"La sant\u00e9 et la s\u00e9curit\u00e9 au travail","url":"https:\/\/www.delucapartners.it\/fr\/domaines-dactivites\/la-sante-et-la-securite-au-travail\/","provider":{"@id":"https:\/\/www.delucapartners.it\/fr\/#organization"},"areaServed":{"@type":"Country","name":"Italie"}}},{"@type":"Offer","itemOffered":{"@type":"Service","@id":"https:\/\/www.delucapartners.it\/fr\/domaines-dactivites\/haute-direction\/#service","name":"Haute direction","url":"https:\/\/www.delucapartners.it\/fr\/domaines-dactivites\/haute-direction\/","provider":{"@id":"https:\/\/www.delucapartners.it\/fr\/#organization"},"areaServed":{"@type":"Country","name":"Italie"}}},{"@type":"Offer","itemOffered":{"@type":"Service","@id":"https:\/\/www.delucapartners.it\/fr\/domaines-dactivites\/bien-etre-en-entreprise\/#service","name":"Bien-\u00eatre en entreprise","url":"https:\/\/www.delucapartners.it\/fr\/domaines-dactivites\/bien-etre-en-entreprise\/","provider":{"@id":"https:\/\/www.delucapartners.it\/fr\/#organization"},"areaServed":{"@type":"Country","name":"Italie"}}},{"@type":"Offer","itemOffered":{"@type":"Service","@id":"https:\/\/www.delucapartners.it\/fr\/domaines-dactivites\/lancement-dalertes\/#service","name":"Lancement d\u2019alertes","url":"https:\/\/www.delucapartners.it\/fr\/domaines-dactivites\/lancement-dalertes\/","provider":{"@id":"https:\/\/www.delucapartners.it\/fr\/#organization"},"areaServed":{"@type":"Country","name":"Italie"}}}]}},{"@type":"Person","@id":"https:\/\/www.delucapartners.it\/fr\/#\/schema\/person\/5063c2767f84784e68821af018b50526","name":"De Luca &amp; Partners","image":{"@type":"ImageObject","inLanguage":"fr-FR","@id":"https:\/\/secure.gravatar.com\/avatar\/a610059c0158817ae9ff902a78b90137e46a77a581528c01a749f3ff305b16f2?s=96&d=mm&r=g","url":"https:\/\/secure.gravatar.com\/avatar\/a610059c0158817ae9ff902a78b90137e46a77a581528c01a749f3ff305b16f2?s=96&d=mm&r=g","contentUrl":"https:\/\/secure.gravatar.com\/avatar\/a610059c0158817ae9ff902a78b90137e46a77a581528c01a749f3ff305b16f2?s=96&d=mm&r=g","caption":"De Luca &amp; Partners"}}]}},"amp_enabled":true,"permalink_manager":null,"_links":{"self":[{"href":"https:\/\/www.delucapartners.it\/fr\/wp-json\/wp\/v2\/posts\/32716","targetHints":{"allow":["GET"]}}],"collection":[{"href":"https:\/\/www.delucapartners.it\/fr\/wp-json\/wp\/v2\/posts"}],"about":[{"href":"https:\/\/www.delucapartners.it\/fr\/wp-json\/wp\/v2\/types\/post"}],"author":[{"embeddable":true,"href":"https:\/\/www.delucapartners.it\/fr\/wp-json\/wp\/v2\/users\/2"}],"replies":[{"embeddable":true,"href":"https:\/\/www.delucapartners.it\/fr\/wp-json\/wp\/v2\/comments?post=32716"}],"version-history":[{"count":2,"href":"https:\/\/www.delucapartners.it\/fr\/wp-json\/wp\/v2\/posts\/32716\/revisions"}],"predecessor-version":[{"id":32735,"href":"https:\/\/www.delucapartners.it\/fr\/wp-json\/wp\/v2\/posts\/32716\/revisions\/32735"}],"wp:featuredmedia":[{"embeddable":true,"href":"https:\/\/www.delucapartners.it\/fr\/wp-json\/wp\/v2\/media\/32717"}],"wp:attachment":[{"href":"https:\/\/www.delucapartners.it\/fr\/wp-json\/wp\/v2\/media?parent=32716"}],"wp:term":[{"taxonomy":"category","embeddable":true,"href":"https:\/\/www.delucapartners.it\/fr\/wp-json\/wp\/v2\/categories?post=32716"},{"taxonomy":"post_tag","embeddable":true,"href":"https:\/\/www.delucapartners.it\/fr\/wp-json\/wp\/v2\/tags?post=32716"}],"curies":[{"name":"wp","href":"https:\/\/api.w.org\/{rel}","templated":true}]}}