{"id":32724,"date":"2026-09-01T12:59:57","date_gmt":"2026-09-01T10:59:57","guid":{"rendered":"https:\/\/www.delucapartners.it\/news\/file-aziendali-eliminati-dal-pc-licenziamento-legittimo\/"},"modified":"2026-09-01T15:01:48","modified_gmt":"2026-09-01T13:01:48","slug":"suppression-de-fichiers-de-lentreprise-sur-lordinateur-licenciement-justifie-meme-en-labsence-de-preuve-dun-prejudice","status":"publish","type":"post","link":"https:\/\/www.delucapartners.it\/fr\/insights\/practice\/suppression-de-fichiers-de-lentreprise-sur-lordinateur-licenciement-justifie-meme-en-labsence-de-preuve-dun-prejudice\/","title":{"rendered":"Suppression de fichiers de l\u2019entreprise sur l\u2019ordinateur : licenciement justifi\u00e9 m\u00eame en l\u2019absence de preuve d\u2019un pr\u00e9judice"},"content":{"rendered":"\n<p class=\"wp-block-paragraph\">L\u2019affaire trouve son origine dans le licenciement disciplinaire d\u2019une salari\u00e9e occupant des fonctions de secr\u00e9tariat g\u00e9n\u00e9ral qui, \u00e0 l\u2019occasion de la restitution de son ordinateur professionnel \u00e0 la suite d\u2019un changement de fonctions, avait rendu l\u2019appareil d\u00e9pourvu d\u2019une quantit\u00e9 importante de documents pr\u00e9sentant un int\u00e9r\u00eat pour l\u2019employeur. Parmi les fichiers disparus figuraient notamment le protocole \u00e9lectronique, la correspondance et les courriers \u00e9lectroniques, les proc\u00e8s-verbaux et d\u00e9lib\u00e9rations des organes de l\u2019association, des documents de congr\u00e8s ainsi que d\u2019autres pi\u00e8ces relatives \u00e0 l\u2019activit\u00e9 institutionnelle de l\u2019organisme. La salari\u00e9e contestait la mesure en soutenant notamment que ces documents restaient disponibles sur le serveur de l\u2019entreprise ou dans des archives papier et que, par cons\u00e9quent, la <a href=\"https:\/\/www.delucapartners.it\/insights\/licenziamento-sui-controlli-datoriali\/\" target=\"_blank\" rel=\"noopener\">suppression des fichiers<\/a> n\u2019avait caus\u00e9 aucun pr\u00e9judice concret \u00e0 l\u2019organisation.<\/p>\n\n\n\n<p class=\"wp-block-paragraph\">Par l\u2019arr\u00eat n\u00b0 713 du 3 juin 2026, la Cour d\u2019appel de Palerme a toutefois confirm\u00e9 la l\u00e9gitimit\u00e9 du licenciement, en mettant tout d\u2019abord l\u2019accent sur la charge de la preuve pesant sur la salari\u00e9e. Selon les juges, il n\u2019appartenait pas \u00e0 l\u2019employeur de d\u00e9montrer l\u2019absence de copies alternatives des documents, mais \u00e0 la salari\u00e9e de prouver que les fichiers avaient effectivement \u00e9t\u00e9 archiv\u00e9s sur d\u2019autres supports accessibles \u00e0 l\u2019organisation. Cette preuve n\u2019a pas \u00e9t\u00e9 apport\u00e9e : l\u2019existence d\u2019un serveur d\u2019entreprise ne suffisait pas \u00e0 d\u00e9montrer que la documentation y avait \u00e9t\u00e9 concr\u00e8tement enregistr\u00e9e, et l\u2019\u00e9quivalence compl\u00e8te entre les archives informatiques disparues et les archives papier n\u2019a pas davantage \u00e9t\u00e9 \u00e9tablie.<\/p>\n\n\n\n<figure class=\"wp-block-image size-large\"><img loading=\"lazy\" decoding=\"async\" width=\"1024\" height=\"683\" src=\"https:\/\/www.delucapartners.it\/wp-content\/uploads\/2026\/02\/shutterstock_2143309325-1024x683.jpg\" alt=\"\" class=\"wp-image-32647\" srcset=\"https:\/\/www.delucapartners.it\/wp-content\/uploads\/2026\/02\/shutterstock_2143309325-1024x683.jpg 1024w, https:\/\/www.delucapartners.it\/wp-content\/uploads\/2026\/02\/shutterstock_2143309325-300x200.jpg 300w, https:\/\/www.delucapartners.it\/wp-content\/uploads\/2026\/02\/shutterstock_2143309325-768x512.jpg 768w, https:\/\/www.delucapartners.it\/wp-content\/uploads\/2026\/02\/shutterstock_2143309325-1536x1024.jpg 1536w, https:\/\/www.delucapartners.it\/wp-content\/uploads\/2026\/02\/shutterstock_2143309325.jpg 1920w\" sizes=\"auto, (max-width: 1024px) 100vw, 1024px\" \/><\/figure>\n\n\n\n<p class=\"wp-block-paragraph\">Un passage particuli\u00e8rement int\u00e9ressant de la d\u00e9cision concerne la qualification du comportement reproch\u00e9. La Cour exclut que les faits puissent \u00eatre r\u00e9duits \u00e0 une simple d\u00e9gradation de biens appartenant \u00e0 l\u2019entreprise et consid\u00e8re, au contraire, qu\u2019il s\u2019agit d\u2019une v\u00e9ritable soustraction de documents professionnels. Les juges soulignent que les documents supprim\u00e9s ou retir\u00e9s concernaient la vie et le fonctionnement de l\u2019organisation et comprenaient des informations relatives aux processus d\u00e9cisionnels internes, \u00e0 la correspondance ainsi qu\u2019\u00e0 d\u2019autres donn\u00e9es m\u00e9ritant une protection particuli\u00e8re. Dans cette perspective, le comportement de la salari\u00e9e est qualifi\u00e9 de violation de l\u2019obligation de loyaut\u00e9, \u00e9l\u00e9ment rev\u00eatant une importance particuli\u00e8re lorsque le salari\u00e9 occupe, en raison de ses fonctions, une position de confiance au sein de l\u2019organisation.<\/p>\n\n\n\n<p class=\"wp-block-paragraph\">La Cour pr\u00e9cise \u00e9galement que l\u2019existence d\u2019un pr\u00e9judice \u00e9conomique concret ne constitue pas une condition n\u00e9cessaire \u00e0 la l\u00e9gitimit\u00e9 du licenciement. Selon les juges, la simple suppression ou soustraction de documents de l\u2019entreprise peut, \u00e0 elle seule, \u00eatre de nature \u00e0 compromettre irr\u00e9m\u00e9diablement la relation de confiance, ind\u00e9pendamment de la d\u00e9monstration d\u2019un dommage patrimonial effectif. La gravit\u00e9 du comportement est ainsi appr\u00e9ci\u00e9e au regard de la violation des obligations de correction, de bonne foi et de loyaut\u00e9 qui caract\u00e9risent la relation de travail, plut\u00f4t qu\u2019au regard des cons\u00e9quences \u00e9conomiques effectivement subies.<\/p>\n\n\n\n<p class=\"wp-block-paragraph\">Enfin, la d\u00e9cision apporte des enseignements particuli\u00e8rement actuels en mati\u00e8re de gestion du<a href=\"https:\/\/www.delucapartners.it\/fr\/news\/court-of-cassation-the-deletion-of-files-from-company-pc-is-a-crime-italia-oggi-march-6-2012-page-24-2\/\"> patrimoine informationnel<\/a> de l\u2019entreprise. Dans un contexte o\u00f9 l\u2019activit\u00e9 des organisations repose de plus en plus sur des archives num\u00e9riques et des syst\u00e8mes documentaires partag\u00e9s, la Cour rappelle que le salari\u00e9 est tenu de conserver et de restituer int\u00e9gralement la documentation de l\u2019entreprise dont il dispose et que sa suppression volontaire peut constituer un comportement gravement attentatoire au lien de confiance. L\u2019arr\u00eat confirme ainsi une approche rigoureuse en mati\u00e8re de protection des actifs informationnels de l\u2019entreprise, en mettant en valeur l\u2019importance strat\u00e9gique de la documentation num\u00e9rique et la responsabilit\u00e9 du salari\u00e9 dans sa gestion correcte.<\/p>\n","protected":false},"excerpt":{"rendered":"<p>L\u2019affaire trouve son origine dans le licenciement disciplinaire d\u2019une salari\u00e9e occupant des fonctions de secr\u00e9tariat g\u00e9n\u00e9ral qui, \u00e0 l\u2019occasion de la restitution de son ordinateur professionnel \u00e0 la suite d\u2019un changement de fonctions, avait rendu l\u2019appareil d\u00e9pourvu d\u2019une quantit\u00e9 importante de documents pr\u00e9sentant un int\u00e9r\u00eat pour l\u2019employeur. Parmi les fichiers disparus figuraient notamment le protocole [&hellip;]<\/p>\n","protected":false},"author":2,"featured_media":32725,"comment_status":"open","ping_status":"closed","sticky":false,"template":"","format":"standard","meta":{"_acf_changed":false,"footnotes":""},"categories":[175,198,204],"tags":[1006,1712],"class_list":["post-32724","post","type-post","status-publish","format-standard","has-post-thumbnail","hentry","category-insights","category-news","category-practice","tag-licenziamento-fr","tag-privacy-fr"],"acf":[],"yoast_head":"<!-- This site is optimized with the Yoast SEO plugin v28.3 - https:\/\/yoast.com\/product\/yoast-seo-wordpress\/ -->\n<title>Suppression de fichiers de l\u2019entreprise sur l\u2019ordinateur : licenciement justifi\u00e9 m\u00eame en l\u2019absence de preuve d\u2019un pr\u00e9judice - De Luca &amp; Partners<\/title>\n<meta name=\"description\" content=\"Suppression de fichiers de l\u2019entreprise sur l\u2019ordinateur : licenciement justifi\u00e9 m\u00eame en l\u2019absence de preuve d\u2019un pr\u00e9judice\" \/>\n<meta name=\"robots\" content=\"index, follow, max-snippet:-1, max-image-preview:large, max-video-preview:-1\" \/>\n<link rel=\"canonical\" href=\"https:\/\/www.delucapartners.it\/fr\/wp-json\/wp\/v2\/posts\/32724\/\" \/>\n<meta property=\"og:locale\" content=\"fr_FR\" \/>\n<meta property=\"og:type\" content=\"article\" \/>\n<meta property=\"og:title\" content=\"Suppression de fichiers de l\u2019entreprise sur l\u2019ordinateur : licenciement justifi\u00e9 m\u00eame en l\u2019absence de preuve d\u2019un pr\u00e9judice - De Luca &amp; Partners\" \/>\n<meta property=\"og:description\" content=\"Suppression de fichiers de l\u2019entreprise sur l\u2019ordinateur : licenciement justifi\u00e9 m\u00eame en l\u2019absence de preuve d\u2019un pr\u00e9judice\" \/>\n<meta property=\"og:url\" content=\"https:\/\/www.delucapartners.it\/fr\/insights\/practice\/suppression-de-fichiers-de-lentreprise-sur-lordinateur-licenciement-justifie-meme-en-labsence-de-preuve-dun-prejudice\/\" \/>\n<meta property=\"og:site_name\" content=\"De Luca &amp; Partners\" \/>\n<meta property=\"article:published_time\" content=\"2026-09-01T10:59:57+00:00\" \/>\n<meta property=\"article:modified_time\" content=\"2026-09-01T13:01:48+00:00\" \/>\n<meta property=\"og:image\" content=\"https:\/\/www.delucapartners.it\/wp-content\/uploads\/2026\/04\/shutterstock_2143309325-1.jpg\" \/>\n\t<meta property=\"og:image:width\" content=\"1920\" \/>\n\t<meta property=\"og:image:height\" content=\"1280\" \/>\n\t<meta property=\"og:image:type\" content=\"image\/jpeg\" \/>\n<meta name=\"author\" content=\"De Luca &amp; Partners\" \/>\n<meta name=\"twitter:card\" content=\"summary_large_image\" \/>\n<meta name=\"twitter:label1\" content=\"\u00c9crit par\" \/>\n\t<meta name=\"twitter:data1\" content=\"De Luca &amp; Partners\" \/>\n\t<meta name=\"twitter:label2\" content=\"Dur\u00e9e de lecture estim\u00e9e\" \/>\n\t<meta name=\"twitter:data2\" content=\"4 minutes\" \/>\n<script type=\"application\/ld+json\" class=\"yoast-schema-graph\">{\"@context\":\"https:\\\/\\\/schema.org\",\"@graph\":[{\"@type\":\"Article\",\"@id\":\"https:\\\/\\\/www.delucapartners.it\\\/fr\\\/insights\\\/practice\\\/suppression-de-fichiers-de-lentreprise-sur-lordinateur-licenciement-justifie-meme-en-labsence-de-preuve-dun-prejudice\\\/#article\",\"isPartOf\":{\"@id\":\"https:\\\/\\\/www.delucapartners.it\\\/fr\\\/insights\\\/practice\\\/suppression-de-fichiers-de-lentreprise-sur-lordinateur-licenciement-justifie-meme-en-labsence-de-preuve-dun-prejudice\\\/\"},\"author\":{\"name\":\"De Luca &amp; Partners\",\"@id\":\"https:\\\/\\\/www.delucapartners.it\\\/fr\\\/#\\\/schema\\\/person\\\/5063c2767f84784e68821af018b50526\"},\"headline\":\"Suppression de fichiers de l\u2019entreprise sur l\u2019ordinateur : licenciement justifi\u00e9 m\u00eame en l\u2019absence de preuve d\u2019un pr\u00e9judice\",\"datePublished\":\"2026-09-01T10:59:57+00:00\",\"dateModified\":\"2026-09-01T13:01:48+00:00\",\"mainEntityOfPage\":{\"@id\":\"https:\\\/\\\/www.delucapartners.it\\\/fr\\\/insights\\\/practice\\\/suppression-de-fichiers-de-lentreprise-sur-lordinateur-licenciement-justifie-meme-en-labsence-de-preuve-dun-prejudice\\\/\"},\"wordCount\":670,\"commentCount\":0,\"publisher\":{\"@id\":\"https:\\\/\\\/www.delucapartners.it\\\/fr\\\/#organization\"},\"image\":{\"@id\":\"https:\\\/\\\/www.delucapartners.it\\\/fr\\\/insights\\\/practice\\\/suppression-de-fichiers-de-lentreprise-sur-lordinateur-licenciement-justifie-meme-en-labsence-de-preuve-dun-prejudice\\\/#primaryimage\"},\"thumbnailUrl\":\"https:\\\/\\\/www.delucapartners.it\\\/wp-content\\\/uploads\\\/2026\\\/04\\\/shutterstock_2143309325-1.jpg\",\"keywords\":[\"Licenziamento\",\"Privacy\"],\"articleSection\":[\"Insights\",\"News\",\"Practice\"],\"inLanguage\":\"fr-FR\",\"potentialAction\":[{\"@type\":\"CommentAction\",\"name\":\"Comment\",\"target\":[\"https:\\\/\\\/www.delucapartners.it\\\/fr\\\/insights\\\/practice\\\/suppression-de-fichiers-de-lentreprise-sur-lordinateur-licenciement-justifie-meme-en-labsence-de-preuve-dun-prejudice\\\/#respond\"]}]},{\"@type\":\"WebPage\",\"@id\":\"https:\\\/\\\/www.delucapartners.it\\\/fr\\\/insights\\\/practice\\\/suppression-de-fichiers-de-lentreprise-sur-lordinateur-licenciement-justifie-meme-en-labsence-de-preuve-dun-prejudice\\\/\",\"url\":\"https:\\\/\\\/www.delucapartners.it\\\/fr\\\/insights\\\/practice\\\/suppression-de-fichiers-de-lentreprise-sur-lordinateur-licenciement-justifie-meme-en-labsence-de-preuve-dun-prejudice\\\/\",\"name\":\"Suppression de fichiers de l\u2019entreprise sur l\u2019ordinateur : licenciement justifi\u00e9 m\u00eame en l\u2019absence de preuve d\u2019un pr\u00e9judice - De Luca &amp; Partners\",\"isPartOf\":{\"@id\":\"https:\\\/\\\/www.delucapartners.it\\\/fr\\\/#website\"},\"primaryImageOfPage\":{\"@id\":\"https:\\\/\\\/www.delucapartners.it\\\/fr\\\/insights\\\/practice\\\/suppression-de-fichiers-de-lentreprise-sur-lordinateur-licenciement-justifie-meme-en-labsence-de-preuve-dun-prejudice\\\/#primaryimage\"},\"image\":{\"@id\":\"https:\\\/\\\/www.delucapartners.it\\\/fr\\\/insights\\\/practice\\\/suppression-de-fichiers-de-lentreprise-sur-lordinateur-licenciement-justifie-meme-en-labsence-de-preuve-dun-prejudice\\\/#primaryimage\"},\"thumbnailUrl\":\"https:\\\/\\\/www.delucapartners.it\\\/wp-content\\\/uploads\\\/2026\\\/04\\\/shutterstock_2143309325-1.jpg\",\"datePublished\":\"2026-09-01T10:59:57+00:00\",\"dateModified\":\"2026-09-01T13:01:48+00:00\",\"description\":\"Suppression de fichiers de l\u2019entreprise sur l\u2019ordinateur : licenciement justifi\u00e9 m\u00eame en l\u2019absence de preuve d\u2019un pr\u00e9judice\",\"breadcrumb\":{\"@id\":\"https:\\\/\\\/www.delucapartners.it\\\/fr\\\/insights\\\/practice\\\/suppression-de-fichiers-de-lentreprise-sur-lordinateur-licenciement-justifie-meme-en-labsence-de-preuve-dun-prejudice\\\/#breadcrumb\"},\"inLanguage\":\"fr-FR\",\"potentialAction\":[{\"@type\":\"ReadAction\",\"target\":[\"https:\\\/\\\/www.delucapartners.it\\\/fr\\\/insights\\\/practice\\\/suppression-de-fichiers-de-lentreprise-sur-lordinateur-licenciement-justifie-meme-en-labsence-de-preuve-dun-prejudice\\\/\"]}]},{\"@type\":\"ImageObject\",\"inLanguage\":\"fr-FR\",\"@id\":\"https:\\\/\\\/www.delucapartners.it\\\/fr\\\/insights\\\/practice\\\/suppression-de-fichiers-de-lentreprise-sur-lordinateur-licenciement-justifie-meme-en-labsence-de-preuve-dun-prejudice\\\/#primaryimage\",\"url\":\"https:\\\/\\\/www.delucapartners.it\\\/wp-content\\\/uploads\\\/2026\\\/04\\\/shutterstock_2143309325-1.jpg\",\"contentUrl\":\"https:\\\/\\\/www.delucapartners.it\\\/wp-content\\\/uploads\\\/2026\\\/04\\\/shutterstock_2143309325-1.jpg\",\"width\":1920,\"height\":1280},{\"@type\":\"BreadcrumbList\",\"@id\":\"https:\\\/\\\/www.delucapartners.it\\\/fr\\\/insights\\\/practice\\\/suppression-de-fichiers-de-lentreprise-sur-lordinateur-licenciement-justifie-meme-en-labsence-de-preuve-dun-prejudice\\\/#breadcrumb\",\"itemListElement\":[{\"@type\":\"ListItem\",\"position\":1,\"name\":\"Home\",\"item\":\"https:\\\/\\\/www.delucapartners.it\\\/fr\\\/\"},{\"@type\":\"ListItem\",\"position\":2,\"name\":\"Suppression de fichiers de l\u2019entreprise sur l\u2019ordinateur : licenciement justifi\u00e9 m\u00eame en l\u2019absence de preuve d\u2019un pr\u00e9judice\"}]},{\"@type\":\"WebSite\",\"@id\":\"https:\\\/\\\/www.delucapartners.it\\\/fr\\\/#website\",\"url\":\"https:\\\/\\\/www.delucapartners.it\\\/fr\\\/\",\"name\":\"De Luca & Partners\",\"description\":\"\",\"publisher\":{\"@id\":\"https:\\\/\\\/www.delucapartners.it\\\/fr\\\/#organization\"},\"potentialAction\":[{\"@type\":\"SearchAction\",\"target\":{\"@type\":\"EntryPoint\",\"urlTemplate\":\"https:\\\/\\\/www.delucapartners.it\\\/fr\\\/?s={search_term_string}\"},\"query-input\":{\"@type\":\"PropertyValueSpecification\",\"valueRequired\":true,\"valueName\":\"search_term_string\"}}],\"inLanguage\":\"fr-FR\"},{\"@type\":\"LegalService\",\"@id\":\"https:\\\/\\\/www.delucapartners.it\\\/fr\\\/#organization\",\"name\":\"De Luca & Partners\",\"alternateName\":\"Studio Legale De Luca & Partners\",\"url\":\"https:\\\/\\\/www.delucapartners.it\\\/\",\"logo\":{\"@type\":\"ImageObject\",\"@id\":\"https:\\\/\\\/www.delucapartners.it\\\/fr\\\/#logo\",\"url\":\"https:\\\/\\\/www.delucapartners.it\\\/wp-content\\\/uploads\\\/2026\\\/02\\\/cropped-icon-192x192-1.png\",\"contentUrl\":\"https:\\\/\\\/www.delucapartners.it\\\/wp-content\\\/uploads\\\/2026\\\/02\\\/cropped-icon-192x192-1.png\",\"width\":512,\"height\":512,\"caption\":\"De Luca & Partners\"},\"image\":{\"@id\":\"https:\\\/\\\/www.delucapartners.it\\\/fr\\\/#logo\"},\"description\":\"De Luca & Partners est un cabinet d\u2019avocats ind\u00e9pendant fond\u00e9 en 1976, sp\u00e9cialis\u00e9 en droit du travail et en protection des donn\u00e9es, qui conseille et assiste des entreprises italiennes et multinationales.\",\"foundingDate\":\"1976\",\"founder\":{\"@type\":\"Person\",\"@id\":\"https:\\\/\\\/www.delucapartners.it\\\/#person-vincenzo-de-luca\",\"name\":\"Vincenzo De Luca\",\"url\":\"https:\\\/\\\/www.delucapartners.it\\\/fr\\\/professionnels\\\/vincenzo-de-luca\\\/\"},\"address\":{\"@type\":\"PostalAddress\",\"streetAddress\":\"Largo A. Toscanini, 1\",\"postalCode\":\"20122\",\"addressLocality\":\"Milano\",\"addressRegion\":\"Lombardia\",\"addressCountry\":\"IT\"},\"telephone\":\"+39023655651\",\"email\":\"info@delucapartners.it\",\"vatID\":\"IT12621700157\",\"areaServed\":{\"@type\":\"Country\",\"name\":\"Italie\"},\"contactPoint\":{\"@type\":\"ContactPoint\",\"contactType\":\"informations g\u00e9n\u00e9rales\",\"telephone\":\"+39023655651\",\"email\":\"info@delucapartners.it\",\"availableLanguage\":[\"it\",\"en\",\"fr\"],\"areaServed\":\"IT\"},\"sameAs\":[\"https:\\\/\\\/www.linkedin.com\\\/company\\\/deluca%26partners\\\/\",\"https:\\\/\\\/www.youtube.com\\\/channel\\\/UCpT03V-ndoLilQhQR1l-kwA\"],\"hasOfferCatalog\":{\"@type\":\"OfferCatalog\",\"@id\":\"https:\\\/\\\/www.delucapartners.it\\\/fr\\\/#offer-catalog-fr\",\"name\":\"Domaines d\u2019activit\u00e9s\",\"itemListElement\":[{\"@type\":\"Offer\",\"itemOffered\":{\"@type\":\"Service\",\"@id\":\"https:\\\/\\\/www.delucapartners.it\\\/fr\\\/domaines-dactivites\\\/conformite-a-la-reglementation-sur-la-protection-des-donnees-rgpd\\\/#service\",\"name\":\"Conformit\u00e9 \u00e0 la r\u00e9glementation sur la protection des donn\u00e9es (RGPD)\",\"url\":\"https:\\\/\\\/www.delucapartners.it\\\/fr\\\/domaines-dactivites\\\/conformite-a-la-reglementation-sur-la-protection-des-donnees-rgpd\\\/\",\"provider\":{\"@id\":\"https:\\\/\\\/www.delucapartners.it\\\/fr\\\/#organization\"},\"areaServed\":{\"@type\":\"Country\",\"name\":\"Italie\"}}},{\"@type\":\"Offer\",\"itemOffered\":{\"@type\":\"Service\",\"@id\":\"https:\\\/\\\/www.delucapartners.it\\\/fr\\\/domaines-dactivites\\\/prestations-en-cas-de-licenciement-economique-cigs-cigo-solidarite\\\/#service\",\"name\":\"Prestations en cas de licenciement \u00e9conomique (CIGS-CIGO-Solidarit\u00e9)\",\"url\":\"https:\\\/\\\/www.delucapartners.it\\\/fr\\\/domaines-dactivites\\\/prestations-en-cas-de-licenciement-economique-cigs-cigo-solidarite\\\/\",\"provider\":{\"@id\":\"https:\\\/\\\/www.delucapartners.it\\\/fr\\\/#organization\"},\"areaServed\":{\"@type\":\"Country\",\"name\":\"Italie\"}}},{\"@type\":\"Offer\",\"itemOffered\":{\"@type\":\"Service\",\"@id\":\"https:\\\/\\\/www.delucapartners.it\\\/fr\\\/domaines-dactivites\\\/conformite-responsabilite-administrative-des-personnes-morales-decret-legislatif-italien-n-231-01\\\/#service\",\"name\":\"Conformit\u00e9 &#8211; responsabilit\u00e9 administrative des personnes morales\",\"url\":\"https:\\\/\\\/www.delucapartners.it\\\/fr\\\/domaines-dactivites\\\/conformite-responsabilite-administrative-des-personnes-morales-decret-legislatif-italien-n-231-01\\\/\",\"provider\":{\"@id\":\"https:\\\/\\\/www.delucapartners.it\\\/fr\\\/#organization\"},\"areaServed\":{\"@type\":\"Country\",\"name\":\"Italie\"}}},{\"@type\":\"Offer\",\"itemOffered\":{\"@type\":\"Service\",\"@id\":\"https:\\\/\\\/www.delucapartners.it\\\/fr\\\/domaines-dactivites\\\/contentieux-du-droit-du-travail\\\/#service\",\"name\":\"Contentieux du droit du travail\",\"url\":\"https:\\\/\\\/www.delucapartners.it\\\/fr\\\/domaines-dactivites\\\/contentieux-du-droit-du-travail\\\/\",\"provider\":{\"@id\":\"https:\\\/\\\/www.delucapartners.it\\\/fr\\\/#organization\"},\"areaServed\":{\"@type\":\"Country\",\"name\":\"Italie\"}}},{\"@type\":\"Offer\",\"itemOffered\":{\"@type\":\"Service\",\"@id\":\"https:\\\/\\\/www.delucapartners.it\\\/fr\\\/domaines-dactivites\\\/contentieux-du-droit-du-travail\\\/licenciement-economique\\\/#service\",\"name\":\"Licenciement \u00e9conomique\",\"url\":\"https:\\\/\\\/www.delucapartners.it\\\/fr\\\/domaines-dactivites\\\/contentieux-du-droit-du-travail\\\/licenciement-economique\\\/\",\"provider\":{\"@id\":\"https:\\\/\\\/www.delucapartners.it\\\/fr\\\/#organization\"},\"areaServed\":{\"@type\":\"Country\",\"name\":\"Italie\"}}},{\"@type\":\"Offer\",\"itemOffered\":{\"@type\":\"Service\",\"@id\":\"https:\\\/\\\/www.delucapartners.it\\\/fr\\\/domaines-dactivites\\\/contentieux-du-droit-du-travail\\\/requalification-legitimite-de-la-relation-de-travail-dindependant-ou-para-subordonne-a-subordonne\\\/#service\",\"name\":\"Requalification\\\/legitimite de la relation de travail (d\u2019independant ou para-subordonne a subordonne)\",\"url\":\"https:\\\/\\\/www.delucapartners.it\\\/fr\\\/domaines-dactivites\\\/contentieux-du-droit-du-travail\\\/requalification-legitimite-de-la-relation-de-travail-dindependant-ou-para-subordonne-a-subordonne\\\/\",\"provider\":{\"@id\":\"https:\\\/\\\/www.delucapartners.it\\\/fr\\\/#organization\"},\"areaServed\":{\"@type\":\"Country\",\"name\":\"Italie\"}}},{\"@type\":\"Offer\",\"itemOffered\":{\"@type\":\"Service\",\"@id\":\"https:\\\/\\\/www.delucapartners.it\\\/fr\\\/domaines-dactivites\\\/contentieux-du-droit-du-travail\\\/contrat-dagence-differences-sur-les-commissions-indemnite-de-cessation-conf-a-lart-1751-violation-de-lobligation-de-non-concurrence\\\/#service\",\"name\":\"Contrat d\u2019agence (differences sur les commissions ; indemnite de cessation conf. a l\u2019art. 1751 ; violation de l\u2019obligation de non concurrence)\",\"url\":\"https:\\\/\\\/www.delucapartners.it\\\/fr\\\/domaines-dactivites\\\/contentieux-du-droit-du-travail\\\/contrat-dagence-differences-sur-les-commissions-indemnite-de-cessation-conf-a-lart-1751-violation-de-lobligation-de-non-concurrence\\\/\",\"provider\":{\"@id\":\"https:\\\/\\\/www.delucapartners.it\\\/fr\\\/#organization\"},\"areaServed\":{\"@type\":\"Country\",\"name\":\"Italie\"}}},{\"@type\":\"Offer\",\"itemOffered\":{\"@type\":\"Service\",\"@id\":\"https:\\\/\\\/www.delucapartners.it\\\/fr\\\/domaines-dactivites\\\/contentieux-du-droit-du-travail\\\/mobbing\\\/#service\",\"name\":\"Mobbing\",\"url\":\"https:\\\/\\\/www.delucapartners.it\\\/fr\\\/domaines-dactivites\\\/contentieux-du-droit-du-travail\\\/mobbing\\\/\",\"provider\":{\"@id\":\"https:\\\/\\\/www.delucapartners.it\\\/fr\\\/#organization\"},\"areaServed\":{\"@type\":\"Country\",\"name\":\"Italie\"}}},{\"@type\":\"Offer\",\"itemOffered\":{\"@type\":\"Service\",\"@id\":\"https:\\\/\\\/www.delucapartners.it\\\/fr\\\/domaines-dactivites\\\/contentieux-du-droit-du-travail\\\/fourniture-de-main-doeuvre-sous-traitance\\\/#service\",\"name\":\"Fourniture de main d\u2019\u0153uvre \\\/ Sous-traitance\",\"url\":\"https:\\\/\\\/www.delucapartners.it\\\/fr\\\/domaines-dactivites\\\/contentieux-du-droit-du-travail\\\/fourniture-de-main-doeuvre-sous-traitance\\\/\",\"provider\":{\"@id\":\"https:\\\/\\\/www.delucapartners.it\\\/fr\\\/#organization\"},\"areaServed\":{\"@type\":\"Country\",\"name\":\"Italie\"}}},{\"@type\":\"Offer\",\"itemOffered\":{\"@type\":\"Service\",\"@id\":\"https:\\\/\\\/www.delucapartners.it\\\/fr\\\/domaines-dactivites\\\/contentieux-du-droit-du-travail\\\/cotisations-et-les-sanctions\\\/#service\",\"name\":\"Cotisations et les sanctions\",\"url\":\"https:\\\/\\\/www.delucapartners.it\\\/fr\\\/domaines-dactivites\\\/contentieux-du-droit-du-travail\\\/cotisations-et-les-sanctions\\\/\",\"provider\":{\"@id\":\"https:\\\/\\\/www.delucapartners.it\\\/fr\\\/#organization\"},\"areaServed\":{\"@type\":\"Country\",\"name\":\"Italie\"}}},{\"@type\":\"Offer\",\"itemOffered\":{\"@type\":\"Service\",\"@id\":\"https:\\\/\\\/www.delucapartners.it\\\/fr\\\/domaines-dactivites\\\/contentieux-du-droit-du-travail\\\/contrats-de-travail-a-duree-determinee\\\/#service\",\"name\":\"Contrats de travail \u00e0 dur\u00e9e d\u00e9termin\u00e9e\",\"url\":\"https:\\\/\\\/www.delucapartners.it\\\/fr\\\/domaines-dactivites\\\/contentieux-du-droit-du-travail\\\/contrats-de-travail-a-duree-determinee\\\/\",\"provider\":{\"@id\":\"https:\\\/\\\/www.delucapartners.it\\\/fr\\\/#organization\"},\"areaServed\":{\"@type\":\"Country\",\"name\":\"Italie\"}}},{\"@type\":\"Offer\",\"itemOffered\":{\"@type\":\"Service\",\"@id\":\"https:\\\/\\\/www.delucapartners.it\\\/fr\\\/domaines-dactivites\\\/contentieux-du-droit-du-travail\\\/fonctions-retrogradation\\\/#service\",\"name\":\"Fonctions\\\/r\u00e9trogradation\",\"url\":\"https:\\\/\\\/www.delucapartners.it\\\/fr\\\/domaines-dactivites\\\/contentieux-du-droit-du-travail\\\/fonctions-retrogradation\\\/\",\"provider\":{\"@id\":\"https:\\\/\\\/www.delucapartners.it\\\/fr\\\/#organization\"},\"areaServed\":{\"@type\":\"Country\",\"name\":\"Italie\"}}},{\"@type\":\"Offer\",\"itemOffered\":{\"@type\":\"Service\",\"@id\":\"https:\\\/\\\/www.delucapartners.it\\\/fr\\\/domaines-dactivites\\\/contentieux-du-droit-du-travail\\\/transfert-individuels-ou-collectifs\\\/#service\",\"name\":\"Transfert individuels ou collectifs\",\"url\":\"https:\\\/\\\/www.delucapartners.it\\\/fr\\\/domaines-dactivites\\\/contentieux-du-droit-du-travail\\\/transfert-individuels-ou-collectifs\\\/\",\"provider\":{\"@id\":\"https:\\\/\\\/www.delucapartners.it\\\/fr\\\/#organization\"},\"areaServed\":{\"@type\":\"Country\",\"name\":\"Italie\"}}},{\"@type\":\"Offer\",\"itemOffered\":{\"@type\":\"Service\",\"@id\":\"https:\\\/\\\/www.delucapartners.it\\\/fr\\\/domaines-dactivites\\\/contentieux-du-droit-du-travail\\\/indemnite-de-depart\\\/#service\",\"name\":\"Indemnit\u00e9 de d\u00e9part\",\"url\":\"https:\\\/\\\/www.delucapartners.it\\\/fr\\\/domaines-dactivites\\\/contentieux-du-droit-du-travail\\\/indemnite-de-depart\\\/\",\"provider\":{\"@id\":\"https:\\\/\\\/www.delucapartners.it\\\/fr\\\/#organization\"},\"areaServed\":{\"@type\":\"Country\",\"name\":\"Italie\"}}},{\"@type\":\"Offer\",\"itemOffered\":{\"@type\":\"Service\",\"@id\":\"https:\\\/\\\/www.delucapartners.it\\\/fr\\\/domaines-dactivites\\\/contentieux-du-droit-du-travail\\\/impots-et-les-sanctions\\\/#service\",\"name\":\"Imp\u00f4ts et les sanctions\",\"url\":\"https:\\\/\\\/www.delucapartners.it\\\/fr\\\/domaines-dactivites\\\/contentieux-du-droit-du-travail\\\/impots-et-les-sanctions\\\/\",\"provider\":{\"@id\":\"https:\\\/\\\/www.delucapartners.it\\\/fr\\\/#organization\"},\"areaServed\":{\"@type\":\"Country\",\"name\":\"Italie\"}}},{\"@type\":\"Offer\",\"itemOffered\":{\"@type\":\"Service\",\"@id\":\"https:\\\/\\\/www.delucapartners.it\\\/fr\\\/domaines-dactivites\\\/contentieux-du-droit-du-travail\\\/retribution-fixe-avantages\\\/#service\",\"name\":\"R\u00e9tribution fixe\\\/avantages\",\"url\":\"https:\\\/\\\/www.delucapartners.it\\\/fr\\\/domaines-dactivites\\\/contentieux-du-droit-du-travail\\\/retribution-fixe-avantages\\\/\",\"provider\":{\"@id\":\"https:\\\/\\\/www.delucapartners.it\\\/fr\\\/#organization\"},\"areaServed\":{\"@type\":\"Country\",\"name\":\"Italie\"}}},{\"@type\":\"Offer\",\"itemOffered\":{\"@type\":\"Service\",\"@id\":\"https:\\\/\\\/www.delucapartners.it\\\/fr\\\/domaines-dactivites\\\/contentieux-du-droit-du-travail\\\/administrateurs\\\/#service\",\"name\":\"Administrateurs\",\"url\":\"https:\\\/\\\/www.delucapartners.it\\\/fr\\\/domaines-dactivites\\\/contentieux-du-droit-du-travail\\\/administrateurs\\\/\",\"provider\":{\"@id\":\"https:\\\/\\\/www.delucapartners.it\\\/fr\\\/#organization\"},\"areaServed\":{\"@type\":\"Country\",\"name\":\"Italie\"}}},{\"@type\":\"Offer\",\"itemOffered\":{\"@type\":\"Service\",\"@id\":\"https:\\\/\\\/www.delucapartners.it\\\/fr\\\/domaines-dactivites\\\/contentieux-du-droit-du-travail\\\/maternite-et-conge-post-natal\\\/#service\",\"name\":\"Maternit\u00e9 et cong\u00e9 post-natal\",\"url\":\"https:\\\/\\\/www.delucapartners.it\\\/fr\\\/domaines-dactivites\\\/contentieux-du-droit-du-travail\\\/maternite-et-conge-post-natal\\\/\",\"provider\":{\"@id\":\"https:\\\/\\\/www.delucapartners.it\\\/fr\\\/#organization\"},\"areaServed\":{\"@type\":\"Country\",\"name\":\"Italie\"}}},{\"@type\":\"Offer\",\"itemOffered\":{\"@type\":\"Service\",\"@id\":\"https:\\\/\\\/www.delucapartners.it\\\/fr\\\/domaines-dactivites\\\/contentieux-du-droit-du-travail\\\/plans-doption-dachat-dactions\\\/#service\",\"name\":\"Plans d\u2019option d\u2019achat d\u2019actions\",\"url\":\"https:\\\/\\\/www.delucapartners.it\\\/fr\\\/domaines-dactivites\\\/contentieux-du-droit-du-travail\\\/plans-doption-dachat-dactions\\\/\",\"provider\":{\"@id\":\"https:\\\/\\\/www.delucapartners.it\\\/fr\\\/#organization\"},\"areaServed\":{\"@type\":\"Country\",\"name\":\"Italie\"}}},{\"@type\":\"Offer\",\"itemOffered\":{\"@type\":\"Service\",\"@id\":\"https:\\\/\\\/www.delucapartners.it\\\/fr\\\/domaines-dactivites\\\/contentieux-du-droit-du-travail\\\/licenciement-pour-juste-motif\\\/#service\",\"name\":\"Licenciement pour juste motif\",\"url\":\"https:\\\/\\\/www.delucapartners.it\\\/fr\\\/domaines-dactivites\\\/contentieux-du-droit-du-travail\\\/licenciement-pour-juste-motif\\\/\",\"provider\":{\"@id\":\"https:\\\/\\\/www.delucapartners.it\\\/fr\\\/#organization\"},\"areaServed\":{\"@type\":\"Country\",\"name\":\"Italie\"}}},{\"@type\":\"Offer\",\"itemOffered\":{\"@type\":\"Service\",\"@id\":\"https:\\\/\\\/www.delucapartners.it\\\/fr\\\/domaines-dactivites\\\/contentieux-du-droit-du-travail\\\/resiliation-pendant-la-periode-dessai\\\/#service\",\"name\":\"R\u00e9siliation pendant la p\u00e9riode d\u2019essai\",\"url\":\"https:\\\/\\\/www.delucapartners.it\\\/fr\\\/domaines-dactivites\\\/contentieux-du-droit-du-travail\\\/resiliation-pendant-la-periode-dessai\\\/\",\"provider\":{\"@id\":\"https:\\\/\\\/www.delucapartners.it\\\/fr\\\/#organization\"},\"areaServed\":{\"@type\":\"Country\",\"name\":\"Italie\"}}},{\"@type\":\"Offer\",\"itemOffered\":{\"@type\":\"Service\",\"@id\":\"https:\\\/\\\/www.delucapartners.it\\\/fr\\\/domaines-dactivites\\\/contentieux-du-droit-du-travail\\\/licenciement-multiple-individuel-reduction-de-personnel\\\/#service\",\"name\":\"Licenciement multiple individuel (r\u00e9duction de personnel)\u202f\",\"url\":\"https:\\\/\\\/www.delucapartners.it\\\/fr\\\/domaines-dactivites\\\/contentieux-du-droit-du-travail\\\/licenciement-multiple-individuel-reduction-de-personnel\\\/\",\"provider\":{\"@id\":\"https:\\\/\\\/www.delucapartners.it\\\/fr\\\/#organization\"},\"areaServed\":{\"@type\":\"Country\",\"name\":\"Italie\"}}},{\"@type\":\"Offer\",\"itemOffered\":{\"@type\":\"Service\",\"@id\":\"https:\\\/\\\/www.delucapartners.it\\\/fr\\\/domaines-dactivites\\\/contentieux-du-droit-du-travail\\\/violation-de-la-clause-de-non-concurrence\\\/#service\",\"name\":\"Violation de la clause de non-concurrence\",\"url\":\"https:\\\/\\\/www.delucapartners.it\\\/fr\\\/domaines-dactivites\\\/contentieux-du-droit-du-travail\\\/violation-de-la-clause-de-non-concurrence\\\/\",\"provider\":{\"@id\":\"https:\\\/\\\/www.delucapartners.it\\\/fr\\\/#organization\"},\"areaServed\":{\"@type\":\"Country\",\"name\":\"Italie\"}}},{\"@type\":\"Offer\",\"itemOffered\":{\"@type\":\"Service\",\"@id\":\"https:\\\/\\\/www.delucapartners.it\\\/fr\\\/domaines-dactivites\\\/contentieux-du-droit-du-travail\\\/licenciements-collectifs\\\/#service\",\"name\":\"Licenciements collectifs\",\"url\":\"https:\\\/\\\/www.delucapartners.it\\\/fr\\\/domaines-dactivites\\\/contentieux-du-droit-du-travail\\\/licenciements-collectifs\\\/\",\"provider\":{\"@id\":\"https:\\\/\\\/www.delucapartners.it\\\/fr\\\/#organization\"},\"areaServed\":{\"@type\":\"Country\",\"name\":\"Italie\"}}},{\"@type\":\"Offer\",\"itemOffered\":{\"@type\":\"Service\",\"@id\":\"https:\\\/\\\/www.delucapartners.it\\\/fr\\\/domaines-dactivites\\\/contentieux-du-droit-du-travail\\\/activite-anti-syndicale-conf-a-lart-28-du-statut-des-travailleurs\\\/#service\",\"name\":\"Activit\u00e9 anti-syndicale conf. \u00e0 l\u2019art. 28 du Statut des travailleurs\",\"url\":\"https:\\\/\\\/www.delucapartners.it\\\/fr\\\/domaines-dactivites\\\/contentieux-du-droit-du-travail\\\/activite-anti-syndicale-conf-a-lart-28-du-statut-des-travailleurs\\\/\",\"provider\":{\"@id\":\"https:\\\/\\\/www.delucapartners.it\\\/fr\\\/#organization\"},\"areaServed\":{\"@type\":\"Country\",\"name\":\"Italie\"}}},{\"@type\":\"Offer\",\"itemOffered\":{\"@type\":\"Service\",\"@id\":\"https:\\\/\\\/www.delucapartners.it\\\/fr\\\/domaines-dactivites\\\/contentieux-du-droit-du-travail\\\/demission-pour-juste-motif\\\/#service\",\"name\":\"D\u00e9mission pour juste motif\",\"url\":\"https:\\\/\\\/www.delucapartners.it\\\/fr\\\/domaines-dactivites\\\/contentieux-du-droit-du-travail\\\/demission-pour-juste-motif\\\/\",\"provider\":{\"@id\":\"https:\\\/\\\/www.delucapartners.it\\\/fr\\\/#organization\"},\"areaServed\":{\"@type\":\"Country\",\"name\":\"Italie\"}}},{\"@type\":\"Offer\",\"itemOffered\":{\"@type\":\"Service\",\"@id\":\"https:\\\/\\\/www.delucapartners.it\\\/fr\\\/domaines-dactivites\\\/contentieux-du-droit-du-travail\\\/contrat-de-travail-para-subordonne\\\/#service\",\"name\":\"Contrat de travail para-subordonn\u00e9\",\"url\":\"https:\\\/\\\/www.delucapartners.it\\\/fr\\\/domaines-dactivites\\\/contentieux-du-droit-du-travail\\\/contrat-de-travail-para-subordonne\\\/\",\"provider\":{\"@id\":\"https:\\\/\\\/www.delucapartners.it\\\/fr\\\/#organization\"},\"areaServed\":{\"@type\":\"Country\",\"name\":\"Italie\"}}},{\"@type\":\"Offer\",\"itemOffered\":{\"@type\":\"Service\",\"@id\":\"https:\\\/\\\/www.delucapartners.it\\\/fr\\\/domaines-dactivites\\\/contentieux-du-droit-du-travail\\\/licenciement-pour-depassement-de-la-periode-de-conges-maladie\\\/#service\",\"name\":\"Licenciement pour d\u00e9passement de la p\u00e9riode de cong\u00e9s maladie\",\"url\":\"https:\\\/\\\/www.delucapartners.it\\\/fr\\\/domaines-dactivites\\\/contentieux-du-droit-du-travail\\\/licenciement-pour-depassement-de-la-periode-de-conges-maladie\\\/\",\"provider\":{\"@id\":\"https:\\\/\\\/www.delucapartners.it\\\/fr\\\/#organization\"},\"areaServed\":{\"@type\":\"Country\",\"name\":\"Italie\"}}},{\"@type\":\"Offer\",\"itemOffered\":{\"@type\":\"Service\",\"@id\":\"https:\\\/\\\/www.delucapartners.it\\\/fr\\\/domaines-dactivites\\\/contentieux-du-droit-du-travail\\\/preavis-art-2118-du-code-civil-italien\\\/#service\",\"name\":\"Pr\u00e9avis (art. 2118 du Code civil italien)\",\"url\":\"https:\\\/\\\/www.delucapartners.it\\\/fr\\\/domaines-dactivites\\\/contentieux-du-droit-du-travail\\\/preavis-art-2118-du-code-civil-italien\\\/\",\"provider\":{\"@id\":\"https:\\\/\\\/www.delucapartners.it\\\/fr\\\/#organization\"},\"areaServed\":{\"@type\":\"Country\",\"name\":\"Italie\"}}},{\"@type\":\"Offer\",\"itemOffered\":{\"@type\":\"Service\",\"@id\":\"https:\\\/\\\/www.delucapartners.it\\\/fr\\\/domaines-dactivites\\\/contentieux-du-droit-du-travail\\\/conventions-collectives-de-ii-niveau\\\/#service\",\"name\":\"Conventions collectives de II\u00b0 niveau\",\"url\":\"https:\\\/\\\/www.delucapartners.it\\\/fr\\\/domaines-dactivites\\\/contentieux-du-droit-du-travail\\\/conventions-collectives-de-ii-niveau\\\/\",\"provider\":{\"@id\":\"https:\\\/\\\/www.delucapartners.it\\\/fr\\\/#organization\"},\"areaServed\":{\"@type\":\"Country\",\"name\":\"Italie\"}}},{\"@type\":\"Offer\",\"itemOffered\":{\"@type\":\"Service\",\"@id\":\"https:\\\/\\\/www.delucapartners.it\\\/fr\\\/domaines-dactivites\\\/contentieux-du-droit-du-travail\\\/accidents-du-travail\\\/#service\",\"name\":\"Accidents du travail\",\"url\":\"https:\\\/\\\/www.delucapartners.it\\\/fr\\\/domaines-dactivites\\\/contentieux-du-droit-du-travail\\\/accidents-du-travail\\\/\",\"provider\":{\"@id\":\"https:\\\/\\\/www.delucapartners.it\\\/fr\\\/#organization\"},\"areaServed\":{\"@type\":\"Country\",\"name\":\"Italie\"}}},{\"@type\":\"Offer\",\"itemOffered\":{\"@type\":\"Service\",\"@id\":\"https:\\\/\\\/www.delucapartners.it\\\/fr\\\/domaines-dactivites\\\/contentieux-du-droit-du-travail\\\/cessions-dentreprises-de-branches-dactivite\\\/#service\",\"name\":\"Cessions d\u2019entreprises\\\/de branches d\u2019activit\u00e9\",\"url\":\"https:\\\/\\\/www.delucapartners.it\\\/fr\\\/domaines-dactivites\\\/contentieux-du-droit-du-travail\\\/cessions-dentreprises-de-branches-dactivite\\\/\",\"provider\":{\"@id\":\"https:\\\/\\\/www.delucapartners.it\\\/fr\\\/#organization\"},\"areaServed\":{\"@type\":\"Country\",\"name\":\"Italie\"}}},{\"@type\":\"Offer\",\"itemOffered\":{\"@type\":\"Service\",\"@id\":\"https:\\\/\\\/www.delucapartners.it\\\/fr\\\/domaines-dactivites\\\/contrats-de-distribution\\\/#service\",\"name\":\"Contrats de distribution\",\"url\":\"https:\\\/\\\/www.delucapartners.it\\\/fr\\\/domaines-dactivites\\\/contrats-de-distribution\\\/\",\"provider\":{\"@id\":\"https:\\\/\\\/www.delucapartners.it\\\/fr\\\/#organization\"},\"areaServed\":{\"@type\":\"Country\",\"name\":\"Italie\"}}},{\"@type\":\"Offer\",\"itemOffered\":{\"@type\":\"Service\",\"@id\":\"https:\\\/\\\/www.delucapartners.it\\\/fr\\\/domaines-dactivites\\\/contrats-de-travail-independant-et-parasubordonnes\\\/#service\",\"name\":\"Contrats de travail ind\u00e9pendant et parasubordonn\u00e9s\",\"url\":\"https:\\\/\\\/www.delucapartners.it\\\/fr\\\/domaines-dactivites\\\/contrats-de-travail-independant-et-parasubordonnes\\\/\",\"provider\":{\"@id\":\"https:\\\/\\\/www.delucapartners.it\\\/fr\\\/#organization\"},\"areaServed\":{\"@type\":\"Country\",\"name\":\"Italie\"}}},{\"@type\":\"Offer\",\"itemOffered\":{\"@type\":\"Service\",\"@id\":\"https:\\\/\\\/www.delucapartners.it\\\/fr\\\/domaines-dactivites\\\/contrat-dagence\\\/#service\",\"name\":\"Contrat d&rsquo;agence\",\"url\":\"https:\\\/\\\/www.delucapartners.it\\\/fr\\\/domaines-dactivites\\\/contrat-dagence\\\/\",\"provider\":{\"@id\":\"https:\\\/\\\/www.delucapartners.it\\\/fr\\\/#organization\"},\"areaServed\":{\"@type\":\"Country\",\"name\":\"Italie\"}}},{\"@type\":\"Offer\",\"itemOffered\":{\"@type\":\"Service\",\"@id\":\"https:\\\/\\\/www.delucapartners.it\\\/fr\\\/domaines-dactivites\\\/droit-du-travail\\\/#service\",\"name\":\"Droit du travail\",\"url\":\"https:\\\/\\\/www.delucapartners.it\\\/fr\\\/domaines-dactivites\\\/droit-du-travail\\\/\",\"provider\":{\"@id\":\"https:\\\/\\\/www.delucapartners.it\\\/fr\\\/#organization\"},\"areaServed\":{\"@type\":\"Country\",\"name\":\"Italie\"}}},{\"@type\":\"Offer\",\"itemOffered\":{\"@type\":\"Service\",\"@id\":\"https:\\\/\\\/www.delucapartners.it\\\/fr\\\/aree-di-attivita\\\/droit-de-limmigration\\\/#service\",\"name\":\"Droit de l&rsquo;immigration\",\"url\":\"https:\\\/\\\/www.delucapartners.it\\\/fr\\\/aree-di-attivita\\\/droit-de-limmigration\\\/\",\"provider\":{\"@id\":\"https:\\\/\\\/www.delucapartners.it\\\/fr\\\/#organization\"},\"areaServed\":{\"@type\":\"Country\",\"name\":\"Italie\"}}},{\"@type\":\"Offer\",\"itemOffered\":{\"@type\":\"Service\",\"@id\":\"https:\\\/\\\/www.delucapartners.it\\\/fr\\\/domaines-dactivites\\\/droit-de-la-securite-sociale\\\/#service\",\"name\":\"Droit de la s\u00e9curit\u00e9 sociale\",\"url\":\"https:\\\/\\\/www.delucapartners.it\\\/fr\\\/domaines-dactivites\\\/droit-de-la-securite-sociale\\\/\",\"provider\":{\"@id\":\"https:\\\/\\\/www.delucapartners.it\\\/fr\\\/#organization\"},\"areaServed\":{\"@type\":\"Country\",\"name\":\"Italie\"}}},{\"@type\":\"Offer\",\"itemOffered\":{\"@type\":\"Service\",\"@id\":\"https:\\\/\\\/www.delucapartners.it\\\/fr\\\/domaines-dactivites\\\/droit-fiscal-du-travail\\\/#service\",\"name\":\"Droit fiscal du travail\",\"url\":\"https:\\\/\\\/www.delucapartners.it\\\/fr\\\/domaines-dactivites\\\/droit-fiscal-du-travail\\\/\",\"provider\":{\"@id\":\"https:\\\/\\\/www.delucapartners.it\\\/fr\\\/#organization\"},\"areaServed\":{\"@type\":\"Country\",\"name\":\"Italie\"}}},{\"@type\":\"Offer\",\"itemOffered\":{\"@type\":\"Service\",\"@id\":\"https:\\\/\\\/www.delucapartners.it\\\/fr\\\/domaines-dactivites\\\/esg-pour-les-entreprises\\\/#service\",\"name\":\"ESG pour les entreprises\",\"url\":\"https:\\\/\\\/www.delucapartners.it\\\/fr\\\/domaines-dactivites\\\/esg-pour-les-entreprises\\\/\",\"provider\":{\"@id\":\"https:\\\/\\\/www.delucapartners.it\\\/fr\\\/#organization\"},\"areaServed\":{\"@type\":\"Country\",\"name\":\"Italie\"}}},{\"@type\":\"Offer\",\"itemOffered\":{\"@type\":\"Service\",\"@id\":\"https:\\\/\\\/www.delucapartners.it\\\/fr\\\/domaines-dactivites\\\/hro-hr-outsourcing\\\/#service\",\"name\":\"HRO &#8211; HR Outsourcing\",\"url\":\"https:\\\/\\\/www.delucapartners.it\\\/fr\\\/domaines-dactivites\\\/hro-hr-outsourcing\\\/\",\"provider\":{\"@id\":\"https:\\\/\\\/www.delucapartners.it\\\/fr\\\/#organization\"},\"areaServed\":{\"@type\":\"Country\",\"name\":\"Italie\"}}},{\"@type\":\"Offer\",\"itemOffered\":{\"@type\":\"Service\",\"@id\":\"https:\\\/\\\/www.delucapartners.it\\\/fr\\\/domaines-dactivites\\\/fusions-et-acquisitions-operations-extraordinaires-pour-les-rh\\\/#service\",\"name\":\"Fusions et acquisitions\\\/ Op\u00e9rations extraordinaires pour les RH\",\"url\":\"https:\\\/\\\/www.delucapartners.it\\\/fr\\\/domaines-dactivites\\\/fusions-et-acquisitions-operations-extraordinaires-pour-les-rh\\\/\",\"provider\":{\"@id\":\"https:\\\/\\\/www.delucapartners.it\\\/fr\\\/#organization\"},\"areaServed\":{\"@type\":\"Country\",\"name\":\"Italie\"}}},{\"@type\":\"Offer\",\"itemOffered\":{\"@type\":\"Service\",\"@id\":\"https:\\\/\\\/www.delucapartners.it\\\/fr\\\/domaines-dactivites\\\/relations-industrielles-reorganisations-et-restructurations\\\/#service\",\"name\":\"Relations industrielles, r\u00e9organisations et restructurations\",\"url\":\"https:\\\/\\\/www.delucapartners.it\\\/fr\\\/domaines-dactivites\\\/relations-industrielles-reorganisations-et-restructurations\\\/\",\"provider\":{\"@id\":\"https:\\\/\\\/www.delucapartners.it\\\/fr\\\/#organization\"},\"areaServed\":{\"@type\":\"Country\",\"name\":\"Italie\"}}},{\"@type\":\"Offer\",\"itemOffered\":{\"@type\":\"Service\",\"@id\":\"https:\\\/\\\/www.delucapartners.it\\\/fr\\\/domaines-dactivites\\\/la-sante-et-la-securite-au-travail\\\/#service\",\"name\":\"La sant\u00e9 et la s\u00e9curit\u00e9 au travail\",\"url\":\"https:\\\/\\\/www.delucapartners.it\\\/fr\\\/domaines-dactivites\\\/la-sante-et-la-securite-au-travail\\\/\",\"provider\":{\"@id\":\"https:\\\/\\\/www.delucapartners.it\\\/fr\\\/#organization\"},\"areaServed\":{\"@type\":\"Country\",\"name\":\"Italie\"}}},{\"@type\":\"Offer\",\"itemOffered\":{\"@type\":\"Service\",\"@id\":\"https:\\\/\\\/www.delucapartners.it\\\/fr\\\/domaines-dactivites\\\/haute-direction\\\/#service\",\"name\":\"Haute direction\",\"url\":\"https:\\\/\\\/www.delucapartners.it\\\/fr\\\/domaines-dactivites\\\/haute-direction\\\/\",\"provider\":{\"@id\":\"https:\\\/\\\/www.delucapartners.it\\\/fr\\\/#organization\"},\"areaServed\":{\"@type\":\"Country\",\"name\":\"Italie\"}}},{\"@type\":\"Offer\",\"itemOffered\":{\"@type\":\"Service\",\"@id\":\"https:\\\/\\\/www.delucapartners.it\\\/fr\\\/domaines-dactivites\\\/bien-etre-en-entreprise\\\/#service\",\"name\":\"Bien-\u00eatre en entreprise\",\"url\":\"https:\\\/\\\/www.delucapartners.it\\\/fr\\\/domaines-dactivites\\\/bien-etre-en-entreprise\\\/\",\"provider\":{\"@id\":\"https:\\\/\\\/www.delucapartners.it\\\/fr\\\/#organization\"},\"areaServed\":{\"@type\":\"Country\",\"name\":\"Italie\"}}},{\"@type\":\"Offer\",\"itemOffered\":{\"@type\":\"Service\",\"@id\":\"https:\\\/\\\/www.delucapartners.it\\\/fr\\\/domaines-dactivites\\\/lancement-dalertes\\\/#service\",\"name\":\"Lancement d\u2019alertes\",\"url\":\"https:\\\/\\\/www.delucapartners.it\\\/fr\\\/domaines-dactivites\\\/lancement-dalertes\\\/\",\"provider\":{\"@id\":\"https:\\\/\\\/www.delucapartners.it\\\/fr\\\/#organization\"},\"areaServed\":{\"@type\":\"Country\",\"name\":\"Italie\"}}}]}},{\"@type\":\"Person\",\"@id\":\"https:\\\/\\\/www.delucapartners.it\\\/fr\\\/#\\\/schema\\\/person\\\/5063c2767f84784e68821af018b50526\",\"name\":\"De Luca &amp; Partners\",\"image\":{\"@type\":\"ImageObject\",\"inLanguage\":\"fr-FR\",\"@id\":\"https:\\\/\\\/secure.gravatar.com\\\/avatar\\\/a610059c0158817ae9ff902a78b90137e46a77a581528c01a749f3ff305b16f2?s=96&d=mm&r=g\",\"url\":\"https:\\\/\\\/secure.gravatar.com\\\/avatar\\\/a610059c0158817ae9ff902a78b90137e46a77a581528c01a749f3ff305b16f2?s=96&d=mm&r=g\",\"contentUrl\":\"https:\\\/\\\/secure.gravatar.com\\\/avatar\\\/a610059c0158817ae9ff902a78b90137e46a77a581528c01a749f3ff305b16f2?s=96&d=mm&r=g\",\"caption\":\"De Luca &amp; Partners\"}}]}<\/script>\n<!-- \/ Yoast SEO plugin. -->","yoast_head_json":{"title":"Suppression de fichiers de l\u2019entreprise sur l\u2019ordinateur : licenciement justifi\u00e9 m\u00eame en l\u2019absence de preuve d\u2019un pr\u00e9judice - De Luca &amp; Partners","description":"Suppression de fichiers de l\u2019entreprise sur l\u2019ordinateur : licenciement justifi\u00e9 m\u00eame en l\u2019absence de preuve d\u2019un pr\u00e9judice","robots":{"index":"index","follow":"follow","max-snippet":"max-snippet:-1","max-image-preview":"max-image-preview:large","max-video-preview":"max-video-preview:-1"},"canonical":"https:\/\/www.delucapartners.it\/fr\/wp-json\/wp\/v2\/posts\/32724\/","og_locale":"fr_FR","og_type":"article","og_title":"Suppression de fichiers de l\u2019entreprise sur l\u2019ordinateur : licenciement justifi\u00e9 m\u00eame en l\u2019absence de preuve d\u2019un pr\u00e9judice - De Luca &amp; Partners","og_description":"Suppression de fichiers de l\u2019entreprise sur l\u2019ordinateur : licenciement justifi\u00e9 m\u00eame en l\u2019absence de preuve d\u2019un pr\u00e9judice","og_url":"https:\/\/www.delucapartners.it\/fr\/insights\/practice\/suppression-de-fichiers-de-lentreprise-sur-lordinateur-licenciement-justifie-meme-en-labsence-de-preuve-dun-prejudice\/","og_site_name":"De Luca &amp; Partners","article_published_time":"2026-09-01T10:59:57+00:00","article_modified_time":"2026-09-01T13:01:48+00:00","og_image":[{"width":1920,"height":1280,"url":"https:\/\/www.delucapartners.it\/wp-content\/uploads\/2026\/04\/shutterstock_2143309325-1.jpg","type":"image\/jpeg"}],"author":"De Luca &amp; Partners","twitter_card":"summary_large_image","twitter_misc":{"\u00c9crit par":"De Luca &amp; Partners","Dur\u00e9e de lecture estim\u00e9e":"4 minutes"},"schema":{"@context":"https:\/\/schema.org","@graph":[{"@type":"Article","@id":"https:\/\/www.delucapartners.it\/fr\/insights\/practice\/suppression-de-fichiers-de-lentreprise-sur-lordinateur-licenciement-justifie-meme-en-labsence-de-preuve-dun-prejudice\/#article","isPartOf":{"@id":"https:\/\/www.delucapartners.it\/fr\/insights\/practice\/suppression-de-fichiers-de-lentreprise-sur-lordinateur-licenciement-justifie-meme-en-labsence-de-preuve-dun-prejudice\/"},"author":{"name":"De Luca &amp; Partners","@id":"https:\/\/www.delucapartners.it\/fr\/#\/schema\/person\/5063c2767f84784e68821af018b50526"},"headline":"Suppression de fichiers de l\u2019entreprise sur l\u2019ordinateur : licenciement justifi\u00e9 m\u00eame en l\u2019absence de preuve d\u2019un pr\u00e9judice","datePublished":"2026-09-01T10:59:57+00:00","dateModified":"2026-09-01T13:01:48+00:00","mainEntityOfPage":{"@id":"https:\/\/www.delucapartners.it\/fr\/insights\/practice\/suppression-de-fichiers-de-lentreprise-sur-lordinateur-licenciement-justifie-meme-en-labsence-de-preuve-dun-prejudice\/"},"wordCount":670,"commentCount":0,"publisher":{"@id":"https:\/\/www.delucapartners.it\/fr\/#organization"},"image":{"@id":"https:\/\/www.delucapartners.it\/fr\/insights\/practice\/suppression-de-fichiers-de-lentreprise-sur-lordinateur-licenciement-justifie-meme-en-labsence-de-preuve-dun-prejudice\/#primaryimage"},"thumbnailUrl":"https:\/\/www.delucapartners.it\/wp-content\/uploads\/2026\/04\/shutterstock_2143309325-1.jpg","keywords":["Licenziamento","Privacy"],"articleSection":["Insights","News","Practice"],"inLanguage":"fr-FR","potentialAction":[{"@type":"CommentAction","name":"Comment","target":["https:\/\/www.delucapartners.it\/fr\/insights\/practice\/suppression-de-fichiers-de-lentreprise-sur-lordinateur-licenciement-justifie-meme-en-labsence-de-preuve-dun-prejudice\/#respond"]}]},{"@type":"WebPage","@id":"https:\/\/www.delucapartners.it\/fr\/insights\/practice\/suppression-de-fichiers-de-lentreprise-sur-lordinateur-licenciement-justifie-meme-en-labsence-de-preuve-dun-prejudice\/","url":"https:\/\/www.delucapartners.it\/fr\/insights\/practice\/suppression-de-fichiers-de-lentreprise-sur-lordinateur-licenciement-justifie-meme-en-labsence-de-preuve-dun-prejudice\/","name":"Suppression de fichiers de l\u2019entreprise sur l\u2019ordinateur : licenciement justifi\u00e9 m\u00eame en l\u2019absence de preuve d\u2019un pr\u00e9judice - De Luca &amp; Partners","isPartOf":{"@id":"https:\/\/www.delucapartners.it\/fr\/#website"},"primaryImageOfPage":{"@id":"https:\/\/www.delucapartners.it\/fr\/insights\/practice\/suppression-de-fichiers-de-lentreprise-sur-lordinateur-licenciement-justifie-meme-en-labsence-de-preuve-dun-prejudice\/#primaryimage"},"image":{"@id":"https:\/\/www.delucapartners.it\/fr\/insights\/practice\/suppression-de-fichiers-de-lentreprise-sur-lordinateur-licenciement-justifie-meme-en-labsence-de-preuve-dun-prejudice\/#primaryimage"},"thumbnailUrl":"https:\/\/www.delucapartners.it\/wp-content\/uploads\/2026\/04\/shutterstock_2143309325-1.jpg","datePublished":"2026-09-01T10:59:57+00:00","dateModified":"2026-09-01T13:01:48+00:00","description":"Suppression de fichiers de l\u2019entreprise sur l\u2019ordinateur : licenciement justifi\u00e9 m\u00eame en l\u2019absence de preuve d\u2019un pr\u00e9judice","breadcrumb":{"@id":"https:\/\/www.delucapartners.it\/fr\/insights\/practice\/suppression-de-fichiers-de-lentreprise-sur-lordinateur-licenciement-justifie-meme-en-labsence-de-preuve-dun-prejudice\/#breadcrumb"},"inLanguage":"fr-FR","potentialAction":[{"@type":"ReadAction","target":["https:\/\/www.delucapartners.it\/fr\/insights\/practice\/suppression-de-fichiers-de-lentreprise-sur-lordinateur-licenciement-justifie-meme-en-labsence-de-preuve-dun-prejudice\/"]}]},{"@type":"ImageObject","inLanguage":"fr-FR","@id":"https:\/\/www.delucapartners.it\/fr\/insights\/practice\/suppression-de-fichiers-de-lentreprise-sur-lordinateur-licenciement-justifie-meme-en-labsence-de-preuve-dun-prejudice\/#primaryimage","url":"https:\/\/www.delucapartners.it\/wp-content\/uploads\/2026\/04\/shutterstock_2143309325-1.jpg","contentUrl":"https:\/\/www.delucapartners.it\/wp-content\/uploads\/2026\/04\/shutterstock_2143309325-1.jpg","width":1920,"height":1280},{"@type":"BreadcrumbList","@id":"https:\/\/www.delucapartners.it\/fr\/insights\/practice\/suppression-de-fichiers-de-lentreprise-sur-lordinateur-licenciement-justifie-meme-en-labsence-de-preuve-dun-prejudice\/#breadcrumb","itemListElement":[{"@type":"ListItem","position":1,"name":"Home","item":"https:\/\/www.delucapartners.it\/fr\/"},{"@type":"ListItem","position":2,"name":"Suppression de fichiers de l\u2019entreprise sur l\u2019ordinateur : licenciement justifi\u00e9 m\u00eame en l\u2019absence de preuve d\u2019un pr\u00e9judice"}]},{"@type":"WebSite","@id":"https:\/\/www.delucapartners.it\/fr\/#website","url":"https:\/\/www.delucapartners.it\/fr\/","name":"De Luca & Partners","description":"","publisher":{"@id":"https:\/\/www.delucapartners.it\/fr\/#organization"},"potentialAction":[{"@type":"SearchAction","target":{"@type":"EntryPoint","urlTemplate":"https:\/\/www.delucapartners.it\/fr\/?s={search_term_string}"},"query-input":{"@type":"PropertyValueSpecification","valueRequired":true,"valueName":"search_term_string"}}],"inLanguage":"fr-FR"},{"@type":"LegalService","@id":"https:\/\/www.delucapartners.it\/fr\/#organization","name":"De Luca & Partners","alternateName":"Studio Legale De Luca & Partners","url":"https:\/\/www.delucapartners.it\/","logo":{"@type":"ImageObject","@id":"https:\/\/www.delucapartners.it\/fr\/#logo","url":"https:\/\/www.delucapartners.it\/wp-content\/uploads\/2026\/02\/cropped-icon-192x192-1.png","contentUrl":"https:\/\/www.delucapartners.it\/wp-content\/uploads\/2026\/02\/cropped-icon-192x192-1.png","width":512,"height":512,"caption":"De Luca & Partners"},"image":{"@id":"https:\/\/www.delucapartners.it\/fr\/#logo"},"description":"De Luca & Partners est un cabinet d\u2019avocats ind\u00e9pendant fond\u00e9 en 1976, sp\u00e9cialis\u00e9 en droit du travail et en protection des donn\u00e9es, qui conseille et assiste des entreprises italiennes et multinationales.","foundingDate":"1976","founder":{"@type":"Person","@id":"https:\/\/www.delucapartners.it\/#person-vincenzo-de-luca","name":"Vincenzo De Luca","url":"https:\/\/www.delucapartners.it\/fr\/professionnels\/vincenzo-de-luca\/"},"address":{"@type":"PostalAddress","streetAddress":"Largo A. Toscanini, 1","postalCode":"20122","addressLocality":"Milano","addressRegion":"Lombardia","addressCountry":"IT"},"telephone":"+39023655651","email":"info@delucapartners.it","vatID":"IT12621700157","areaServed":{"@type":"Country","name":"Italie"},"contactPoint":{"@type":"ContactPoint","contactType":"informations g\u00e9n\u00e9rales","telephone":"+39023655651","email":"info@delucapartners.it","availableLanguage":["it","en","fr"],"areaServed":"IT"},"sameAs":["https:\/\/www.linkedin.com\/company\/deluca%26partners\/","https:\/\/www.youtube.com\/channel\/UCpT03V-ndoLilQhQR1l-kwA"],"hasOfferCatalog":{"@type":"OfferCatalog","@id":"https:\/\/www.delucapartners.it\/fr\/#offer-catalog-fr","name":"Domaines d\u2019activit\u00e9s","itemListElement":[{"@type":"Offer","itemOffered":{"@type":"Service","@id":"https:\/\/www.delucapartners.it\/fr\/domaines-dactivites\/conformite-a-la-reglementation-sur-la-protection-des-donnees-rgpd\/#service","name":"Conformit\u00e9 \u00e0 la r\u00e9glementation sur la protection des donn\u00e9es (RGPD)","url":"https:\/\/www.delucapartners.it\/fr\/domaines-dactivites\/conformite-a-la-reglementation-sur-la-protection-des-donnees-rgpd\/","provider":{"@id":"https:\/\/www.delucapartners.it\/fr\/#organization"},"areaServed":{"@type":"Country","name":"Italie"}}},{"@type":"Offer","itemOffered":{"@type":"Service","@id":"https:\/\/www.delucapartners.it\/fr\/domaines-dactivites\/prestations-en-cas-de-licenciement-economique-cigs-cigo-solidarite\/#service","name":"Prestations en cas de licenciement \u00e9conomique (CIGS-CIGO-Solidarit\u00e9)","url":"https:\/\/www.delucapartners.it\/fr\/domaines-dactivites\/prestations-en-cas-de-licenciement-economique-cigs-cigo-solidarite\/","provider":{"@id":"https:\/\/www.delucapartners.it\/fr\/#organization"},"areaServed":{"@type":"Country","name":"Italie"}}},{"@type":"Offer","itemOffered":{"@type":"Service","@id":"https:\/\/www.delucapartners.it\/fr\/domaines-dactivites\/conformite-responsabilite-administrative-des-personnes-morales-decret-legislatif-italien-n-231-01\/#service","name":"Conformit\u00e9 &#8211; responsabilit\u00e9 administrative des personnes morales","url":"https:\/\/www.delucapartners.it\/fr\/domaines-dactivites\/conformite-responsabilite-administrative-des-personnes-morales-decret-legislatif-italien-n-231-01\/","provider":{"@id":"https:\/\/www.delucapartners.it\/fr\/#organization"},"areaServed":{"@type":"Country","name":"Italie"}}},{"@type":"Offer","itemOffered":{"@type":"Service","@id":"https:\/\/www.delucapartners.it\/fr\/domaines-dactivites\/contentieux-du-droit-du-travail\/#service","name":"Contentieux du droit du travail","url":"https:\/\/www.delucapartners.it\/fr\/domaines-dactivites\/contentieux-du-droit-du-travail\/","provider":{"@id":"https:\/\/www.delucapartners.it\/fr\/#organization"},"areaServed":{"@type":"Country","name":"Italie"}}},{"@type":"Offer","itemOffered":{"@type":"Service","@id":"https:\/\/www.delucapartners.it\/fr\/domaines-dactivites\/contentieux-du-droit-du-travail\/licenciement-economique\/#service","name":"Licenciement \u00e9conomique","url":"https:\/\/www.delucapartners.it\/fr\/domaines-dactivites\/contentieux-du-droit-du-travail\/licenciement-economique\/","provider":{"@id":"https:\/\/www.delucapartners.it\/fr\/#organization"},"areaServed":{"@type":"Country","name":"Italie"}}},{"@type":"Offer","itemOffered":{"@type":"Service","@id":"https:\/\/www.delucapartners.it\/fr\/domaines-dactivites\/contentieux-du-droit-du-travail\/requalification-legitimite-de-la-relation-de-travail-dindependant-ou-para-subordonne-a-subordonne\/#service","name":"Requalification\/legitimite de la relation de travail (d\u2019independant ou para-subordonne a subordonne)","url":"https:\/\/www.delucapartners.it\/fr\/domaines-dactivites\/contentieux-du-droit-du-travail\/requalification-legitimite-de-la-relation-de-travail-dindependant-ou-para-subordonne-a-subordonne\/","provider":{"@id":"https:\/\/www.delucapartners.it\/fr\/#organization"},"areaServed":{"@type":"Country","name":"Italie"}}},{"@type":"Offer","itemOffered":{"@type":"Service","@id":"https:\/\/www.delucapartners.it\/fr\/domaines-dactivites\/contentieux-du-droit-du-travail\/contrat-dagence-differences-sur-les-commissions-indemnite-de-cessation-conf-a-lart-1751-violation-de-lobligation-de-non-concurrence\/#service","name":"Contrat d\u2019agence (differences sur les commissions ; indemnite de cessation conf. a l\u2019art. 1751 ; violation de l\u2019obligation de non concurrence)","url":"https:\/\/www.delucapartners.it\/fr\/domaines-dactivites\/contentieux-du-droit-du-travail\/contrat-dagence-differences-sur-les-commissions-indemnite-de-cessation-conf-a-lart-1751-violation-de-lobligation-de-non-concurrence\/","provider":{"@id":"https:\/\/www.delucapartners.it\/fr\/#organization"},"areaServed":{"@type":"Country","name":"Italie"}}},{"@type":"Offer","itemOffered":{"@type":"Service","@id":"https:\/\/www.delucapartners.it\/fr\/domaines-dactivites\/contentieux-du-droit-du-travail\/mobbing\/#service","name":"Mobbing","url":"https:\/\/www.delucapartners.it\/fr\/domaines-dactivites\/contentieux-du-droit-du-travail\/mobbing\/","provider":{"@id":"https:\/\/www.delucapartners.it\/fr\/#organization"},"areaServed":{"@type":"Country","name":"Italie"}}},{"@type":"Offer","itemOffered":{"@type":"Service","@id":"https:\/\/www.delucapartners.it\/fr\/domaines-dactivites\/contentieux-du-droit-du-travail\/fourniture-de-main-doeuvre-sous-traitance\/#service","name":"Fourniture de main d\u2019\u0153uvre \/ Sous-traitance","url":"https:\/\/www.delucapartners.it\/fr\/domaines-dactivites\/contentieux-du-droit-du-travail\/fourniture-de-main-doeuvre-sous-traitance\/","provider":{"@id":"https:\/\/www.delucapartners.it\/fr\/#organization"},"areaServed":{"@type":"Country","name":"Italie"}}},{"@type":"Offer","itemOffered":{"@type":"Service","@id":"https:\/\/www.delucapartners.it\/fr\/domaines-dactivites\/contentieux-du-droit-du-travail\/cotisations-et-les-sanctions\/#service","name":"Cotisations et les sanctions","url":"https:\/\/www.delucapartners.it\/fr\/domaines-dactivites\/contentieux-du-droit-du-travail\/cotisations-et-les-sanctions\/","provider":{"@id":"https:\/\/www.delucapartners.it\/fr\/#organization"},"areaServed":{"@type":"Country","name":"Italie"}}},{"@type":"Offer","itemOffered":{"@type":"Service","@id":"https:\/\/www.delucapartners.it\/fr\/domaines-dactivites\/contentieux-du-droit-du-travail\/contrats-de-travail-a-duree-determinee\/#service","name":"Contrats de travail \u00e0 dur\u00e9e d\u00e9termin\u00e9e","url":"https:\/\/www.delucapartners.it\/fr\/domaines-dactivites\/contentieux-du-droit-du-travail\/contrats-de-travail-a-duree-determinee\/","provider":{"@id":"https:\/\/www.delucapartners.it\/fr\/#organization"},"areaServed":{"@type":"Country","name":"Italie"}}},{"@type":"Offer","itemOffered":{"@type":"Service","@id":"https:\/\/www.delucapartners.it\/fr\/domaines-dactivites\/contentieux-du-droit-du-travail\/fonctions-retrogradation\/#service","name":"Fonctions\/r\u00e9trogradation","url":"https:\/\/www.delucapartners.it\/fr\/domaines-dactivites\/contentieux-du-droit-du-travail\/fonctions-retrogradation\/","provider":{"@id":"https:\/\/www.delucapartners.it\/fr\/#organization"},"areaServed":{"@type":"Country","name":"Italie"}}},{"@type":"Offer","itemOffered":{"@type":"Service","@id":"https:\/\/www.delucapartners.it\/fr\/domaines-dactivites\/contentieux-du-droit-du-travail\/transfert-individuels-ou-collectifs\/#service","name":"Transfert individuels ou collectifs","url":"https:\/\/www.delucapartners.it\/fr\/domaines-dactivites\/contentieux-du-droit-du-travail\/transfert-individuels-ou-collectifs\/","provider":{"@id":"https:\/\/www.delucapartners.it\/fr\/#organization"},"areaServed":{"@type":"Country","name":"Italie"}}},{"@type":"Offer","itemOffered":{"@type":"Service","@id":"https:\/\/www.delucapartners.it\/fr\/domaines-dactivites\/contentieux-du-droit-du-travail\/indemnite-de-depart\/#service","name":"Indemnit\u00e9 de d\u00e9part","url":"https:\/\/www.delucapartners.it\/fr\/domaines-dactivites\/contentieux-du-droit-du-travail\/indemnite-de-depart\/","provider":{"@id":"https:\/\/www.delucapartners.it\/fr\/#organization"},"areaServed":{"@type":"Country","name":"Italie"}}},{"@type":"Offer","itemOffered":{"@type":"Service","@id":"https:\/\/www.delucapartners.it\/fr\/domaines-dactivites\/contentieux-du-droit-du-travail\/impots-et-les-sanctions\/#service","name":"Imp\u00f4ts et les sanctions","url":"https:\/\/www.delucapartners.it\/fr\/domaines-dactivites\/contentieux-du-droit-du-travail\/impots-et-les-sanctions\/","provider":{"@id":"https:\/\/www.delucapartners.it\/fr\/#organization"},"areaServed":{"@type":"Country","name":"Italie"}}},{"@type":"Offer","itemOffered":{"@type":"Service","@id":"https:\/\/www.delucapartners.it\/fr\/domaines-dactivites\/contentieux-du-droit-du-travail\/retribution-fixe-avantages\/#service","name":"R\u00e9tribution fixe\/avantages","url":"https:\/\/www.delucapartners.it\/fr\/domaines-dactivites\/contentieux-du-droit-du-travail\/retribution-fixe-avantages\/","provider":{"@id":"https:\/\/www.delucapartners.it\/fr\/#organization"},"areaServed":{"@type":"Country","name":"Italie"}}},{"@type":"Offer","itemOffered":{"@type":"Service","@id":"https:\/\/www.delucapartners.it\/fr\/domaines-dactivites\/contentieux-du-droit-du-travail\/administrateurs\/#service","name":"Administrateurs","url":"https:\/\/www.delucapartners.it\/fr\/domaines-dactivites\/contentieux-du-droit-du-travail\/administrateurs\/","provider":{"@id":"https:\/\/www.delucapartners.it\/fr\/#organization"},"areaServed":{"@type":"Country","name":"Italie"}}},{"@type":"Offer","itemOffered":{"@type":"Service","@id":"https:\/\/www.delucapartners.it\/fr\/domaines-dactivites\/contentieux-du-droit-du-travail\/maternite-et-conge-post-natal\/#service","name":"Maternit\u00e9 et cong\u00e9 post-natal","url":"https:\/\/www.delucapartners.it\/fr\/domaines-dactivites\/contentieux-du-droit-du-travail\/maternite-et-conge-post-natal\/","provider":{"@id":"https:\/\/www.delucapartners.it\/fr\/#organization"},"areaServed":{"@type":"Country","name":"Italie"}}},{"@type":"Offer","itemOffered":{"@type":"Service","@id":"https:\/\/www.delucapartners.it\/fr\/domaines-dactivites\/contentieux-du-droit-du-travail\/plans-doption-dachat-dactions\/#service","name":"Plans d\u2019option d\u2019achat d\u2019actions","url":"https:\/\/www.delucapartners.it\/fr\/domaines-dactivites\/contentieux-du-droit-du-travail\/plans-doption-dachat-dactions\/","provider":{"@id":"https:\/\/www.delucapartners.it\/fr\/#organization"},"areaServed":{"@type":"Country","name":"Italie"}}},{"@type":"Offer","itemOffered":{"@type":"Service","@id":"https:\/\/www.delucapartners.it\/fr\/domaines-dactivites\/contentieux-du-droit-du-travail\/licenciement-pour-juste-motif\/#service","name":"Licenciement pour juste motif","url":"https:\/\/www.delucapartners.it\/fr\/domaines-dactivites\/contentieux-du-droit-du-travail\/licenciement-pour-juste-motif\/","provider":{"@id":"https:\/\/www.delucapartners.it\/fr\/#organization"},"areaServed":{"@type":"Country","name":"Italie"}}},{"@type":"Offer","itemOffered":{"@type":"Service","@id":"https:\/\/www.delucapartners.it\/fr\/domaines-dactivites\/contentieux-du-droit-du-travail\/resiliation-pendant-la-periode-dessai\/#service","name":"R\u00e9siliation pendant la p\u00e9riode d\u2019essai","url":"https:\/\/www.delucapartners.it\/fr\/domaines-dactivites\/contentieux-du-droit-du-travail\/resiliation-pendant-la-periode-dessai\/","provider":{"@id":"https:\/\/www.delucapartners.it\/fr\/#organization"},"areaServed":{"@type":"Country","name":"Italie"}}},{"@type":"Offer","itemOffered":{"@type":"Service","@id":"https:\/\/www.delucapartners.it\/fr\/domaines-dactivites\/contentieux-du-droit-du-travail\/licenciement-multiple-individuel-reduction-de-personnel\/#service","name":"Licenciement multiple individuel (r\u00e9duction de personnel)\u202f","url":"https:\/\/www.delucapartners.it\/fr\/domaines-dactivites\/contentieux-du-droit-du-travail\/licenciement-multiple-individuel-reduction-de-personnel\/","provider":{"@id":"https:\/\/www.delucapartners.it\/fr\/#organization"},"areaServed":{"@type":"Country","name":"Italie"}}},{"@type":"Offer","itemOffered":{"@type":"Service","@id":"https:\/\/www.delucapartners.it\/fr\/domaines-dactivites\/contentieux-du-droit-du-travail\/violation-de-la-clause-de-non-concurrence\/#service","name":"Violation de la clause de non-concurrence","url":"https:\/\/www.delucapartners.it\/fr\/domaines-dactivites\/contentieux-du-droit-du-travail\/violation-de-la-clause-de-non-concurrence\/","provider":{"@id":"https:\/\/www.delucapartners.it\/fr\/#organization"},"areaServed":{"@type":"Country","name":"Italie"}}},{"@type":"Offer","itemOffered":{"@type":"Service","@id":"https:\/\/www.delucapartners.it\/fr\/domaines-dactivites\/contentieux-du-droit-du-travail\/licenciements-collectifs\/#service","name":"Licenciements collectifs","url":"https:\/\/www.delucapartners.it\/fr\/domaines-dactivites\/contentieux-du-droit-du-travail\/licenciements-collectifs\/","provider":{"@id":"https:\/\/www.delucapartners.it\/fr\/#organization"},"areaServed":{"@type":"Country","name":"Italie"}}},{"@type":"Offer","itemOffered":{"@type":"Service","@id":"https:\/\/www.delucapartners.it\/fr\/domaines-dactivites\/contentieux-du-droit-du-travail\/activite-anti-syndicale-conf-a-lart-28-du-statut-des-travailleurs\/#service","name":"Activit\u00e9 anti-syndicale conf. \u00e0 l\u2019art. 28 du Statut des travailleurs","url":"https:\/\/www.delucapartners.it\/fr\/domaines-dactivites\/contentieux-du-droit-du-travail\/activite-anti-syndicale-conf-a-lart-28-du-statut-des-travailleurs\/","provider":{"@id":"https:\/\/www.delucapartners.it\/fr\/#organization"},"areaServed":{"@type":"Country","name":"Italie"}}},{"@type":"Offer","itemOffered":{"@type":"Service","@id":"https:\/\/www.delucapartners.it\/fr\/domaines-dactivites\/contentieux-du-droit-du-travail\/demission-pour-juste-motif\/#service","name":"D\u00e9mission pour juste motif","url":"https:\/\/www.delucapartners.it\/fr\/domaines-dactivites\/contentieux-du-droit-du-travail\/demission-pour-juste-motif\/","provider":{"@id":"https:\/\/www.delucapartners.it\/fr\/#organization"},"areaServed":{"@type":"Country","name":"Italie"}}},{"@type":"Offer","itemOffered":{"@type":"Service","@id":"https:\/\/www.delucapartners.it\/fr\/domaines-dactivites\/contentieux-du-droit-du-travail\/contrat-de-travail-para-subordonne\/#service","name":"Contrat de travail para-subordonn\u00e9","url":"https:\/\/www.delucapartners.it\/fr\/domaines-dactivites\/contentieux-du-droit-du-travail\/contrat-de-travail-para-subordonne\/","provider":{"@id":"https:\/\/www.delucapartners.it\/fr\/#organization"},"areaServed":{"@type":"Country","name":"Italie"}}},{"@type":"Offer","itemOffered":{"@type":"Service","@id":"https:\/\/www.delucapartners.it\/fr\/domaines-dactivites\/contentieux-du-droit-du-travail\/licenciement-pour-depassement-de-la-periode-de-conges-maladie\/#service","name":"Licenciement pour d\u00e9passement de la p\u00e9riode de cong\u00e9s maladie","url":"https:\/\/www.delucapartners.it\/fr\/domaines-dactivites\/contentieux-du-droit-du-travail\/licenciement-pour-depassement-de-la-periode-de-conges-maladie\/","provider":{"@id":"https:\/\/www.delucapartners.it\/fr\/#organization"},"areaServed":{"@type":"Country","name":"Italie"}}},{"@type":"Offer","itemOffered":{"@type":"Service","@id":"https:\/\/www.delucapartners.it\/fr\/domaines-dactivites\/contentieux-du-droit-du-travail\/preavis-art-2118-du-code-civil-italien\/#service","name":"Pr\u00e9avis (art. 2118 du Code civil italien)","url":"https:\/\/www.delucapartners.it\/fr\/domaines-dactivites\/contentieux-du-droit-du-travail\/preavis-art-2118-du-code-civil-italien\/","provider":{"@id":"https:\/\/www.delucapartners.it\/fr\/#organization"},"areaServed":{"@type":"Country","name":"Italie"}}},{"@type":"Offer","itemOffered":{"@type":"Service","@id":"https:\/\/www.delucapartners.it\/fr\/domaines-dactivites\/contentieux-du-droit-du-travail\/conventions-collectives-de-ii-niveau\/#service","name":"Conventions collectives de II\u00b0 niveau","url":"https:\/\/www.delucapartners.it\/fr\/domaines-dactivites\/contentieux-du-droit-du-travail\/conventions-collectives-de-ii-niveau\/","provider":{"@id":"https:\/\/www.delucapartners.it\/fr\/#organization"},"areaServed":{"@type":"Country","name":"Italie"}}},{"@type":"Offer","itemOffered":{"@type":"Service","@id":"https:\/\/www.delucapartners.it\/fr\/domaines-dactivites\/contentieux-du-droit-du-travail\/accidents-du-travail\/#service","name":"Accidents du travail","url":"https:\/\/www.delucapartners.it\/fr\/domaines-dactivites\/contentieux-du-droit-du-travail\/accidents-du-travail\/","provider":{"@id":"https:\/\/www.delucapartners.it\/fr\/#organization"},"areaServed":{"@type":"Country","name":"Italie"}}},{"@type":"Offer","itemOffered":{"@type":"Service","@id":"https:\/\/www.delucapartners.it\/fr\/domaines-dactivites\/contentieux-du-droit-du-travail\/cessions-dentreprises-de-branches-dactivite\/#service","name":"Cessions d\u2019entreprises\/de branches d\u2019activit\u00e9","url":"https:\/\/www.delucapartners.it\/fr\/domaines-dactivites\/contentieux-du-droit-du-travail\/cessions-dentreprises-de-branches-dactivite\/","provider":{"@id":"https:\/\/www.delucapartners.it\/fr\/#organization"},"areaServed":{"@type":"Country","name":"Italie"}}},{"@type":"Offer","itemOffered":{"@type":"Service","@id":"https:\/\/www.delucapartners.it\/fr\/domaines-dactivites\/contrats-de-distribution\/#service","name":"Contrats de distribution","url":"https:\/\/www.delucapartners.it\/fr\/domaines-dactivites\/contrats-de-distribution\/","provider":{"@id":"https:\/\/www.delucapartners.it\/fr\/#organization"},"areaServed":{"@type":"Country","name":"Italie"}}},{"@type":"Offer","itemOffered":{"@type":"Service","@id":"https:\/\/www.delucapartners.it\/fr\/domaines-dactivites\/contrats-de-travail-independant-et-parasubordonnes\/#service","name":"Contrats de travail ind\u00e9pendant et parasubordonn\u00e9s","url":"https:\/\/www.delucapartners.it\/fr\/domaines-dactivites\/contrats-de-travail-independant-et-parasubordonnes\/","provider":{"@id":"https:\/\/www.delucapartners.it\/fr\/#organization"},"areaServed":{"@type":"Country","name":"Italie"}}},{"@type":"Offer","itemOffered":{"@type":"Service","@id":"https:\/\/www.delucapartners.it\/fr\/domaines-dactivites\/contrat-dagence\/#service","name":"Contrat d&rsquo;agence","url":"https:\/\/www.delucapartners.it\/fr\/domaines-dactivites\/contrat-dagence\/","provider":{"@id":"https:\/\/www.delucapartners.it\/fr\/#organization"},"areaServed":{"@type":"Country","name":"Italie"}}},{"@type":"Offer","itemOffered":{"@type":"Service","@id":"https:\/\/www.delucapartners.it\/fr\/domaines-dactivites\/droit-du-travail\/#service","name":"Droit du travail","url":"https:\/\/www.delucapartners.it\/fr\/domaines-dactivites\/droit-du-travail\/","provider":{"@id":"https:\/\/www.delucapartners.it\/fr\/#organization"},"areaServed":{"@type":"Country","name":"Italie"}}},{"@type":"Offer","itemOffered":{"@type":"Service","@id":"https:\/\/www.delucapartners.it\/fr\/aree-di-attivita\/droit-de-limmigration\/#service","name":"Droit de l&rsquo;immigration","url":"https:\/\/www.delucapartners.it\/fr\/aree-di-attivita\/droit-de-limmigration\/","provider":{"@id":"https:\/\/www.delucapartners.it\/fr\/#organization"},"areaServed":{"@type":"Country","name":"Italie"}}},{"@type":"Offer","itemOffered":{"@type":"Service","@id":"https:\/\/www.delucapartners.it\/fr\/domaines-dactivites\/droit-de-la-securite-sociale\/#service","name":"Droit de la s\u00e9curit\u00e9 sociale","url":"https:\/\/www.delucapartners.it\/fr\/domaines-dactivites\/droit-de-la-securite-sociale\/","provider":{"@id":"https:\/\/www.delucapartners.it\/fr\/#organization"},"areaServed":{"@type":"Country","name":"Italie"}}},{"@type":"Offer","itemOffered":{"@type":"Service","@id":"https:\/\/www.delucapartners.it\/fr\/domaines-dactivites\/droit-fiscal-du-travail\/#service","name":"Droit fiscal du travail","url":"https:\/\/www.delucapartners.it\/fr\/domaines-dactivites\/droit-fiscal-du-travail\/","provider":{"@id":"https:\/\/www.delucapartners.it\/fr\/#organization"},"areaServed":{"@type":"Country","name":"Italie"}}},{"@type":"Offer","itemOffered":{"@type":"Service","@id":"https:\/\/www.delucapartners.it\/fr\/domaines-dactivites\/esg-pour-les-entreprises\/#service","name":"ESG pour les entreprises","url":"https:\/\/www.delucapartners.it\/fr\/domaines-dactivites\/esg-pour-les-entreprises\/","provider":{"@id":"https:\/\/www.delucapartners.it\/fr\/#organization"},"areaServed":{"@type":"Country","name":"Italie"}}},{"@type":"Offer","itemOffered":{"@type":"Service","@id":"https:\/\/www.delucapartners.it\/fr\/domaines-dactivites\/hro-hr-outsourcing\/#service","name":"HRO &#8211; HR Outsourcing","url":"https:\/\/www.delucapartners.it\/fr\/domaines-dactivites\/hro-hr-outsourcing\/","provider":{"@id":"https:\/\/www.delucapartners.it\/fr\/#organization"},"areaServed":{"@type":"Country","name":"Italie"}}},{"@type":"Offer","itemOffered":{"@type":"Service","@id":"https:\/\/www.delucapartners.it\/fr\/domaines-dactivites\/fusions-et-acquisitions-operations-extraordinaires-pour-les-rh\/#service","name":"Fusions et acquisitions\/ Op\u00e9rations extraordinaires pour les RH","url":"https:\/\/www.delucapartners.it\/fr\/domaines-dactivites\/fusions-et-acquisitions-operations-extraordinaires-pour-les-rh\/","provider":{"@id":"https:\/\/www.delucapartners.it\/fr\/#organization"},"areaServed":{"@type":"Country","name":"Italie"}}},{"@type":"Offer","itemOffered":{"@type":"Service","@id":"https:\/\/www.delucapartners.it\/fr\/domaines-dactivites\/relations-industrielles-reorganisations-et-restructurations\/#service","name":"Relations industrielles, r\u00e9organisations et restructurations","url":"https:\/\/www.delucapartners.it\/fr\/domaines-dactivites\/relations-industrielles-reorganisations-et-restructurations\/","provider":{"@id":"https:\/\/www.delucapartners.it\/fr\/#organization"},"areaServed":{"@type":"Country","name":"Italie"}}},{"@type":"Offer","itemOffered":{"@type":"Service","@id":"https:\/\/www.delucapartners.it\/fr\/domaines-dactivites\/la-sante-et-la-securite-au-travail\/#service","name":"La sant\u00e9 et la s\u00e9curit\u00e9 au travail","url":"https:\/\/www.delucapartners.it\/fr\/domaines-dactivites\/la-sante-et-la-securite-au-travail\/","provider":{"@id":"https:\/\/www.delucapartners.it\/fr\/#organization"},"areaServed":{"@type":"Country","name":"Italie"}}},{"@type":"Offer","itemOffered":{"@type":"Service","@id":"https:\/\/www.delucapartners.it\/fr\/domaines-dactivites\/haute-direction\/#service","name":"Haute direction","url":"https:\/\/www.delucapartners.it\/fr\/domaines-dactivites\/haute-direction\/","provider":{"@id":"https:\/\/www.delucapartners.it\/fr\/#organization"},"areaServed":{"@type":"Country","name":"Italie"}}},{"@type":"Offer","itemOffered":{"@type":"Service","@id":"https:\/\/www.delucapartners.it\/fr\/domaines-dactivites\/bien-etre-en-entreprise\/#service","name":"Bien-\u00eatre en entreprise","url":"https:\/\/www.delucapartners.it\/fr\/domaines-dactivites\/bien-etre-en-entreprise\/","provider":{"@id":"https:\/\/www.delucapartners.it\/fr\/#organization"},"areaServed":{"@type":"Country","name":"Italie"}}},{"@type":"Offer","itemOffered":{"@type":"Service","@id":"https:\/\/www.delucapartners.it\/fr\/domaines-dactivites\/lancement-dalertes\/#service","name":"Lancement d\u2019alertes","url":"https:\/\/www.delucapartners.it\/fr\/domaines-dactivites\/lancement-dalertes\/","provider":{"@id":"https:\/\/www.delucapartners.it\/fr\/#organization"},"areaServed":{"@type":"Country","name":"Italie"}}}]}},{"@type":"Person","@id":"https:\/\/www.delucapartners.it\/fr\/#\/schema\/person\/5063c2767f84784e68821af018b50526","name":"De Luca &amp; Partners","image":{"@type":"ImageObject","inLanguage":"fr-FR","@id":"https:\/\/secure.gravatar.com\/avatar\/a610059c0158817ae9ff902a78b90137e46a77a581528c01a749f3ff305b16f2?s=96&d=mm&r=g","url":"https:\/\/secure.gravatar.com\/avatar\/a610059c0158817ae9ff902a78b90137e46a77a581528c01a749f3ff305b16f2?s=96&d=mm&r=g","contentUrl":"https:\/\/secure.gravatar.com\/avatar\/a610059c0158817ae9ff902a78b90137e46a77a581528c01a749f3ff305b16f2?s=96&d=mm&r=g","caption":"De Luca &amp; Partners"}}]}},"amp_enabled":true,"permalink_manager":null,"_links":{"self":[{"href":"https:\/\/www.delucapartners.it\/fr\/wp-json\/wp\/v2\/posts\/32724","targetHints":{"allow":["GET"]}}],"collection":[{"href":"https:\/\/www.delucapartners.it\/fr\/wp-json\/wp\/v2\/posts"}],"about":[{"href":"https:\/\/www.delucapartners.it\/fr\/wp-json\/wp\/v2\/types\/post"}],"author":[{"embeddable":true,"href":"https:\/\/www.delucapartners.it\/fr\/wp-json\/wp\/v2\/users\/2"}],"replies":[{"embeddable":true,"href":"https:\/\/www.delucapartners.it\/fr\/wp-json\/wp\/v2\/comments?post=32724"}],"version-history":[{"count":3,"href":"https:\/\/www.delucapartners.it\/fr\/wp-json\/wp\/v2\/posts\/32724\/revisions"}],"predecessor-version":[{"id":32743,"href":"https:\/\/www.delucapartners.it\/fr\/wp-json\/wp\/v2\/posts\/32724\/revisions\/32743"}],"wp:featuredmedia":[{"embeddable":true,"href":"https:\/\/www.delucapartners.it\/fr\/wp-json\/wp\/v2\/media\/32725"}],"wp:attachment":[{"href":"https:\/\/www.delucapartners.it\/fr\/wp-json\/wp\/v2\/media?parent=32724"}],"wp:term":[{"taxonomy":"category","embeddable":true,"href":"https:\/\/www.delucapartners.it\/fr\/wp-json\/wp\/v2\/categories?post=32724"},{"taxonomy":"post_tag","embeddable":true,"href":"https:\/\/www.delucapartners.it\/fr\/wp-json\/wp\/v2\/tags?post=32724"}],"curies":[{"name":"wp","href":"https:\/\/api.w.org\/{rel}","templated":true}]}}